{"id":37738,"date":"2025-05-24T13:37:13","date_gmt":"2025-05-24T13:37:13","guid":{"rendered":"https:\/\/new.igihe.com\/french\/Un-signal-politique-lourd-de-sens-avec-l-arrestation-du-General-Banywesize-37738\/"},"modified":"2025-05-24T13:31:38","modified_gmt":"2025-05-24T13:31:38","slug":"Un-signal-politique-lourd-de-sens-avec-l-arrestation-du-General-Banywesize","status":"publish","type":"post","link":"https:\/\/new.igihe.com\/french\/Un-signal-politique-lourd-de-sens-avec-l-arrestation-du-General-Banywesize\/","title":{"rendered":"Un signal politique lourd de sens avec l\u2019arrestation du G\u00e9n\u00e9ral Banywesize"},"content":{"rendered":"<p>En frappant une figure \u00e9minente du s\u00e9rail kabiliste, le r\u00e9gime en place semble prolonger une strat\u00e9gie de mise au ban syst\u00e9matique des anciens piliers de l\u2019\u00c9tat, dans une logique d\u2019\u00e9puration m\u00e9morielle aux relents inqui\u00e9tants. Mais au-del\u00e0 du seul h\u00e9ritage politique, c\u2019est toute une appartenance r\u00e9gionale et linguistique qui semble d\u00e9sormais suspecte. Apr\u00e8s les tutsi congolais, longtemps stigmatis\u00e9s, c\u2019est au tour des swahiliphones, ces fils de l\u2019Est, d\u2019\u00eatre per\u00e7us \u00e0 travers le prisme d\u00e9formant de la suspicion. <\/p>\n<p>L\u2019on assiste d\u00e8s lors \u00e0 l\u2019esquisse d\u2019un paradigme o\u00f9 l\u2019origine g\u00e9ographique ou l\u2019all\u00e9geance pass\u00e9e suffisent \u00e0 justifier les pers\u00e9cutions, dans une R\u00e9publique que l\u2019on disait pourtant unie dans sa diversit\u00e9. Cette d\u00e9rive identitaire, qui confond justice et r\u00e8glement de comptes, fracture plus profond\u00e9ment encore le tissu national congolais, en substituant \u00e0 la citoyennet\u00e9 partag\u00e9e une logique de tri ethno-politique d\u00e9l\u00e9t\u00e8re.<\/p>\n<p>Dans l\u2019opacit\u00e9 d\u2019un appareil s\u00e9curitaire de plus en plus accus\u00e9 de d\u00e9rives autoritaires, une nouvelle arrestation vient jeter une ombre suppl\u00e9mentaire sur la situation politique en R\u00e9publique d\u00e9mocratique du Congo. Le g\u00e9n\u00e9ral de brigade Pierre Banywesize, ancien chef d\u2019\u00e9tat-major particulier du pr\u00e9sident Joseph Kabila, a \u00e9t\u00e9 interpell\u00e9 ce jeudi \u00e0 Kinshasa, apr\u00e8s avoir r\u00e9pondu \u00e0 une convocation officielle \u00e9manant de la haute hi\u00e9rarchie militaire. Cette arrestation, op\u00e9r\u00e9e sans que les motifs n\u2019en soient publiquement pr\u00e9cis\u00e9s, s\u2019inscrit dans une dynamique inqui\u00e9tante de r\u00e9pression silencieuse mais m\u00e9thodique \u00e0 l\u2019endroit des proches de l\u2019ancien chef de l\u2019\u00c9tat.<\/p>\n<p>{{Un climat d\u00e9l\u00e9t\u00e8re de suspicion permanente}}<\/p>\n<p>La figure du g\u00e9n\u00e9ral Banywesize n\u2019est pas anodine. Officier loyal, homme de l\u2019ombre au sein des arcanes du pouvoir kabiliste, il incarne une \u00e9poque o\u00f9 l\u2019appareil militaire \u00e9tait \u00e9troitement li\u00e9 \u00e0 la stabilit\u00e9 politique du r\u00e9gime. Son interpellation, dans un contexte de tensions croissantes entre l\u2019actuelle administration et les r\u00e9sidus organiques du pouvoir pr\u00e9c\u00e9dent, r\u00e9sonne comme un acte de d\u00e9fiance \u00e0 l\u2019\u00e9gard d\u2019une m\u00e9moire encore vivace. <\/p>\n<p>Plus encore, elle constitue un signal politique lourd de sens : nul, f\u00fbt-il militaire de carri\u00e8re et ancien serviteur de l\u2019\u00c9tat, ne saurait \u00e9chapper \u00e0 la logique de mise au pas impos\u00e9e par le r\u00e9gime en place.<\/p>\n<p>Le proc\u00e9d\u00e9 interroge par sa brutalit\u00e9 feutr\u00e9e. Le g\u00e9n\u00e9ral Banywesize n\u2019a pas \u00e9t\u00e9 arr\u00eat\u00e9 \u00e0 la suite d\u2019une fuite, ni dans le cadre d\u2019une op\u00e9ration de s\u00e9curit\u00e9 publique ; il a \u00e9t\u00e9 convoqu\u00e9, puis d\u00e9tenu, dans une m\u00e9canique qui \u00e9voque moins la justice que la mise en sc\u00e8ne d\u2019un pouvoir qui cherche \u00e0 \u00e9touffer toute voix potentiellement dissidente. La man\u0153uvre rappelle ces pratiques d\u2019ancien r\u00e9gime o\u00f9 la convocation devient traquenard, et o\u00f9 l\u2019\u00c9tat de droit c\u00e8de le pas \u00e0 la raison d\u2019\u00c9tat.<\/p>\n<p>L\u2019arrestation du g\u00e9n\u00e9ral Banywesize ne saurait \u00eatre interpr\u00e9t\u00e9e comme un simple fait divers judiciaire. Elle s\u2019inscrit dans une s\u00e9rie d\u2019actes convergents qui laissent entrevoir une volont\u00e9 d\u00e9lib\u00e9r\u00e9e de neutralisation des figures associ\u00e9es \u00e0 l\u2019ancien pr\u00e9sident Joseph Kabila. <\/p>\n<p>Depuis plusieurs mois, les signaux se multiplient : harc\u00e8lements administratifs, convocations abusives, accusations sans suite, gel d\u2019avoirs ou arrestations arbitraires. C\u2019est une v\u00e9ritable cartographie de la d\u00e9fiance politique qui semble se dessiner, dans laquelle l\u2019ancien r\u00e9gime devient l\u2019ennemi intime \u00e0 abattre.<\/p>\n<p>Ce climat d\u00e9l\u00e9t\u00e8re, o\u00f9 la loyaut\u00e9 pass\u00e9e devient une marque d\u2019infamie, suscite une inqui\u00e9tude l\u00e9gitime quant \u00e0 l\u2019avenir de la d\u00e9mocratie congolaise. A l\u2019heure o\u00f9 l\u2019on pr\u00e9tend tourner la page des autoritarismes, l\u2019actuel pouvoir semble reprendre \u00e0 son compte les logiques qu\u2019il pr\u00e9tendait d\u00e9noncer. La justice, loin de s\u2019\u00e9riger en pilier impartial de la R\u00e9publique, est instrumentalis\u00e9e \u00e0 des fins de contr\u00f4le politique. Le droit devient alors une fa\u00e7ade, derri\u00e8re laquelle se jouent des r\u00e8glements de comptes impunis.<\/p>\n<p>Dans un \u00c9tat v\u00e9ritablement d\u00e9mocratique, la rupture avec un r\u00e9gime ant\u00e9rieur ne saurait se faire par l\u2019\u00e9puration, mais par l\u2019\u00e9tablissement d\u2019un contrat de confiance entre le pouvoir et la soci\u00e9t\u00e9. L\u2019arrestation de l\u2019un des g\u00e9n\u00e9raux les plus respect\u00e9s de l\u2019ancien syst\u00e8me, sans transparence ni garanties proc\u00e9durales, contribue au contraire \u00e0 fracturer davantage un tissu national d\u00e9j\u00e0 \u00e9prouv\u00e9 par l\u2019instabilit\u00e9 et la d\u00e9fiance.<\/p>\n<p>Plus fondamentalement, la multiplication des actes de repr\u00e9sailles institutionnelles traduit une panique du pouvoir face \u00e0 la persistance d\u2019un contre-discours. Or, en s\u2019en prenant aux individus, c\u2019est l\u2019id\u00e9e m\u00eame de pluralit\u00e9 politique qui est mise \u00e0 mal. On ne gouverne pas durablement par la peur ni par le soup\u00e7on ; on gouverne par le consensus et la l\u00e9gitimit\u00e9. Et celles-ci ne sauraient s\u2019obtenir par l\u2019arrestation de ceux qui ont, un jour, incarn\u00e9 une part de la souverainet\u00e9 nationale.<\/p>\n<p>Il appartient d\u00e9sormais \u00e0 la soci\u00e9t\u00e9 civile, aux garants moraux de la R\u00e9publique, aux chancelleries \u00e9trang\u00e8res et \u00e0 tous ceux qui croient encore \u00e0 l\u2019\u00c9tat de droit en Afrique centrale, de faire entendre une exigence de justice \u00e9quitable, transparente, impartiale. Car aujourd\u2019hui, c\u2019est le g\u00e9n\u00e9ral Banywesize ; demain, ce pourrait \u00eatre quiconque ose ne pas s\u2019aligner sur la ligne officielle.<\/p>\n<p>La R\u00e9publique d\u00e9mocratique du Congo m\u00e9rite mieux que la vengeance maquill\u00e9e en justice. Elle m\u00e9rite une refondation sereine, inclusive, o\u00f9 les anciennes loyaut\u00e9s ne deviennent pas des motifs d\u2019exclusion, mais des jalons d\u2019un dialogue national adulte, capable de faire coexister m\u00e9moire, responsabilit\u00e9\u00a0et\u00a0avenir.<\/p>\n<figure class=\"spip-document spip-document-61470 aligncenter\"><img decoding=\"async\" src=\"https:\/\/fr.igihe.com\/IMG\/jpg\/sw.jpg\" alt=\"L\u2019arrestation de l&#039;ancien chef d\u2019\u00e9tat-major particulier du pr\u00e9sident Kabila, r\u00e9sonne comme un symbole gla\u00e7ant de l\u2019\u00e9volution actuelle du pouvoir \u00e0 Kinshasa\" \/><\/figure>\n","protected":false},"excerpt":{"rendered":"<p>R\u00e9pression cibl\u00e9e ou justice travestie en instrument de vengeance politique, l\u2019arrestation du g\u00e9n\u00e9ral Pierre Banywesize, ancien chef d\u2019\u00e9tat-major particulier du pr\u00e9sident Kabila, r\u00e9sonne comme un symbole gla\u00e7ant de l\u2019\u00e9volution actuelle du pouvoir \u00e0 Kinshasa. <\/p>\n","protected":false},"author":488,"featured_media":4000061469,"comment_status":"open","ping_status":"open","sticky":false,"template":"","format":"standard","meta":{"footnotes":""},"categories":[7544],"tags":[7605],"byline":[9102],"hashtag":[],"class_list":["post-37738","post","type-post","status-publish","format-standard","has-post-thumbnail","hentry","category-politique","tag-homenews","byline-tite-gatabazi"],"bylines":[{"id":9102,"name":"Tite Gatabazi","slug":"tite-gatabazi","description":"","image":{"id":0,"url":"https:\/\/secure.gravatar.com\/avatar\/?s=96&d=mm&f=y&r=g","alt":"Default avatar","title":"Default avatar","caption":"","mime_type":"image\/jpeg","sizes":[]},"user_id":472}],"contributors":[{"id":9102,"name":"Tite Gatabazi","slug":"tite-gatabazi","description":"","image":{"id":0,"url":"https:\/\/secure.gravatar.com\/avatar\/?s=96&d=mm&f=y&r=g","alt":"Default avatar","title":"Default avatar","caption":"","mime_type":"image\/jpeg","sizes":[]},"user_id":472}],"featured_image":{"id":4000061469,"url":"https:\/\/fr-images.igihe.com\/IMG\/logo\/sw_cp.jpg","alt":"","caption":"","mime_type":"image\/jpeg","width":0,"height":0,"sizes":{"thumbnail":{"url":"https:\/\/fr-images.igihe.com\/IMG\/logo\/sw_cp.jpg","width":1,"height":1},"medium":{"url":"https:\/\/fr-images.igihe.com\/IMG\/logo\/sw_cp.jpg","width":1,"height":1},"medium_large":{"url":"https:\/\/fr-images.igihe.com\/IMG\/logo\/sw_cp.jpg","width":1,"height":1},"large":{"url":"https:\/\/fr-images.igihe.com\/IMG\/logo\/sw_cp.jpg","width":1,"height":1},"full":{"url":"https:\/\/fr-images.igihe.com\/IMG\/logo\/sw_cp.jpg","width":0,"height":0}}},"_links":{"self":[{"href":"https:\/\/new.igihe.com\/french\/wp-json\/wp\/v2\/posts\/37738","targetHints":{"allow":["GET"]}}],"collection":[{"href":"https:\/\/new.igihe.com\/french\/wp-json\/wp\/v2\/posts"}],"about":[{"href":"https:\/\/new.igihe.com\/french\/wp-json\/wp\/v2\/types\/post"}],"author":[{"embeddable":true,"href":"https:\/\/new.igihe.com\/french\/wp-json\/wp\/v2\/users\/488"}],"replies":[{"embeddable":true,"href":"https:\/\/new.igihe.com\/french\/wp-json\/wp\/v2\/comments?post=37738"}],"version-history":[{"count":0,"href":"https:\/\/new.igihe.com\/french\/wp-json\/wp\/v2\/posts\/37738\/revisions"}],"wp:featuredmedia":[{"embeddable":true,"href":"https:\/\/new.igihe.com\/french\/wp-json\/wp\/v2\/media\/4000061469"}],"wp:attachment":[{"href":"https:\/\/new.igihe.com\/french\/wp-json\/wp\/v2\/media?parent=37738"}],"wp:term":[{"taxonomy":"category","embeddable":true,"href":"https:\/\/new.igihe.com\/french\/wp-json\/wp\/v2\/categories?post=37738"},{"taxonomy":"post_tag","embeddable":true,"href":"https:\/\/new.igihe.com\/french\/wp-json\/wp\/v2\/tags?post=37738"},{"taxonomy":"byline","embeddable":true,"href":"https:\/\/new.igihe.com\/french\/wp-json\/wp\/v2\/byline?post=37738"},{"taxonomy":"hashtag","embeddable":true,"href":"https:\/\/new.igihe.com\/french\/wp-json\/wp\/v2\/hashtag?post=37738"}],"curies":[{"name":"wp","href":"https:\/\/api.w.org\/{rel}","templated":true}]}}