{"id":37735,"date":"2025-05-24T12:49:16","date_gmt":"2025-05-24T12:49:16","guid":{"rendered":"https:\/\/new.igihe.com\/french\/La-nouvelle-realite-de-Goma-sous-administration-du-M23-37735\/"},"modified":"2025-05-28T14:35:01","modified_gmt":"2025-05-28T14:35:01","slug":"La-nouvelle-realite-de-Goma-sous-administration-du-M23","status":"publish","type":"post","link":"https:\/\/new.igihe.com\/french\/La-nouvelle-realite-de-Goma-sous-administration-du-M23\/","title":{"rendered":"La nouvelle r\u00e9alit\u00e9 de Goma sous administration du M23"},"content":{"rendered":"<p>Une bataille qui a oppos\u00e9 le groupe rebelle M23 aux FARDC, \u00e0 la SADC, aux FDLR, aux Wazalendo et \u00e0 des mercenaires, et qui a dur\u00e9 deux jours, s\u2019est achev\u00e9e le 27 janvier lorsque le groupe rebelle a pris le contr\u00f4le de la ville.<\/p>\n<p>Depuis, l\u2019a\u00e9roport de Goma est hors d\u2019usage, ses abords macul\u00e9s de sang, tandis que de nombreux soldats ont d\u00fb se replier.<\/p>\n<p>Les d\u00e9bris d\u2019\u00e9quipements militaires incendi\u00e9s \u2014 canons, avions, uniformes \u2014 jonchent le sol, tout comme grenades et autres engins explosifs autour de la piste d\u2019atterrissage.<\/p>\n<p>Un corps, suppos\u00e9 appartenir \u00e0 un soldat de la SADC, a \u00e9t\u00e9 retrouv\u00e9, malgr\u00e9 un d\u00e9menti officiel.<\/p>\n<p>Lors des combats, les soldats congolais ont tir\u00e9 en direction du Rwanda. Malgr\u00e9 l\u2019interception des projectiles par la d\u00e9fense de la RDF, 16 civils ont perdu la vie et plus de 60 ont \u00e9t\u00e9 bless\u00e9s. Les chars utilis\u00e9s par les FARDC pour ces tirs sont toujours pr\u00e9sents sur place.<\/p>\n<p>{{Quel avenir pour l\u2019a\u00e9roport de Goma ?}}<\/p>\n<p>Depuis la prise de Goma par le M23, des pressions se font sentir pour rouvrir l\u2019a\u00e9roport. Toutefois, le groupe rebelle souligne la n\u00e9cessit\u00e9 d\u2019une reconstruction compl\u00e8te, les infrastructures \u00e9tant s\u00e9v\u00e8rement endommag\u00e9es.<\/p>\n<p>\u00ab Nous avons men\u00e9 des consultations avec la SADC, comme vous avez pu le suivre lors des discussions pr\u00e9c\u00e9dant le retrait des troupes de la SADC de Goma. \u00bb a d\u00e9clar\u00e9 Lawrence Kanyuka, porte-parole du M23. <\/p>\n<p>\u00ab Nous avons convenu de coop\u00e9rer avec la SADC pour r\u00e9habiliter cet a\u00e9roport. C\u2019est ce chantier qui mobilise actuellement nos efforts. Comme vous pouvez le constater, il reste beaucoup \u00e0 faire : il faut repartir de z\u00e9ro, rien dans cet a\u00e9roport ne peut servir de base pour une reprise rapide des activit\u00e9s. \u00bb<\/p>\n<p>Kanyuka a pr\u00e9cis\u00e9 qu\u2019aucune date pr\u00e9cise n\u2019a \u00e9t\u00e9 fix\u00e9e pour le lancement des travaux, mais qu\u2019une \u00e9quipe d\u00e9di\u00e9e est d\u00e9j\u00e0 mobilis\u00e9e pour en assurer la pr\u00e9paration.<\/p>\n<p>{{Deux armes \u00e0 feu en moyenne par habitant}}<\/p>\n<p>Goma, ville de plus de deux millions d\u2019habitants, est marqu\u00e9e par des conflits prolong\u00e9s qui ont pouss\u00e9 de nombreux civils \u00e0 s\u2019armer.<\/p>\n<p>La situation s\u2019est aggrav\u00e9e lorsque les forces FARDC en retraite ont abandonn\u00e9 leurs armes, rapidement r\u00e9cup\u00e9r\u00e9es par la population.<\/p>\n<p>Le M23 estime qu\u2019en moyenne chaque habitant poss\u00e8de au moins deux armes. Des campagnes de d\u00e9sarmement sont actuellement men\u00e9es pour restaurer la s\u00e9curit\u00e9.<\/p>\n<p>\u00ab Nous conduisons un programme de d\u00e9sarmement des civils. Comme vous le savez, Tshisekedi a laiss\u00e9 un grand nombre d\u2019armes dans la ville, soit environ deux par habitant. Ces armes sont diss\u00e9min\u00e9es partout. \u00bb a declar\u00e9 Kanyuka. <\/p>\n<p>{{Les banques, un d\u00e9fi majeur}}<\/p>\n<p>L\u2019un des principaux probl\u00e8mes auxquels font face les habitants de Goma concerne les banques. Depuis que le M23 a pris le contr\u00f4le de la ville, le gouvernement de Kinshasa a ferm\u00e9 toutes les agences, qui demeurent aujourd\u2019hui inactives.<\/p>\n<p>Selon les t\u00e9moignages, les salari\u00e9s per\u00e7oivent toujours leurs salaires vers\u00e9s sur leurs comptes bancaires, qu\u2019ils retirent ensuite via leur t\u00e9l\u00e9phone gr\u00e2ce \u00e0 des services num\u00e9riques encore fonctionnels.<\/p>\n<p>En revanche, les personnes ne disposant pas de ces solutions doivent traverser la fronti\u00e8re rwandaise pour acc\u00e9der \u00e0 leur argent.<\/p>\n<p>Quatre mois apr\u00e8s la prise de contr\u00f4le par le M23, la vie \u00e0 Goma a chang\u00e9 : la ville est calme, propre, et la circulation s\u2019est intensifi\u00e9e dans tous les quartiers.<\/p>\n<p>Cela permet aux commer\u00e7ants et aux travailleurs de poursuivre leurs activit\u00e9s sans entrave, si bien qu\u2019aujourd\u2019hui, dans des quartiers comme Birere et ailleurs, la vie semble avoir retrouv\u00e9 son cours normal.<\/p>\n<p>\u00ab Tshisekedi a ferm\u00e9 toutes les banques, qui ne fonctionnent plus, et a confisqu\u00e9 l\u2019argent des habitants du Nord et du Sud-Kivu. Cet argent appartient aux citoyens, ce n\u2019est ni celui du M23 ni celui de l\u2019AFDC. Par cet acte, Tshisekedi a commis un crime contre l\u2019humanit\u00e9. \u00bb a insist\u00e9 Kanyuka. <\/p>\n<p>\u00ab Nous \u0153uvrons n\u00e9anmoins \u00e0 la r\u00e9ouverture des banques. Nous avons lanc\u00e9 le CADECO afin que la population puisse acc\u00e9der \u00e0 ses fonds et que l\u2019\u00e9conomie reprenne son souffle. \u00bb<\/p>\n<p>Lawrence Kanyuka assure \u00e9galement qu\u2019aucune banque n\u2019a \u00e9t\u00e9 pill\u00e9e depuis l\u2019arriv\u00e9e du M23 \u00e0 Goma, et que les fonds des habitants sont soigneusement pr\u00e9serv\u00e9s.<\/p>\n<p>Parmi les autres \u00e9l\u00e9ments visibles \u00e0 l\u2019a\u00e9roport de Goma figurent les bases des forces de la SADC. Des v\u00e9hicules charg\u00e9s de mat\u00e9riel, observ\u00e9s sur place, patientaient calmement en file d\u2019attente pour obtenir l\u2019autorisation de d\u00e9coller. Selon les informations, ces rotations auraient lieu au moins trois fois par semaine.<\/p>\n<p>Parmi les biens que les forces de la SADC ne sont pas autoris\u00e9es \u00e0 retirer de la RDC figurent le mat\u00e9riel des FARDC ainsi que les pierres pr\u00e9cieuses.<\/p>\n<figure class=\"spip-document spip-document-61437 aligncenter\"><img decoding=\"async\" src=\"https:\/\/fr.igihe.com\/IMG\/jpg\/g1-6.jpg\" alt=\"\" \/><\/figure>\n<figure class=\"spip-document spip-document-61436 aligncenter\"><img decoding=\"async\" src=\"https:\/\/fr.igihe.com\/IMG\/jpg\/g2-6.jpg\" alt=\"\" \/><\/figure>\n<figure class=\"spip-document spip-document-61435 aligncenter\"><img decoding=\"async\" src=\"https:\/\/fr.igihe.com\/IMG\/jpg\/g3-6.jpg\" alt=\"La section utilis\u00e9e pour le contr\u00f4le a\u00e9rien \u00e9tait exploit\u00e9e par le gouvernement congolais en collaboration avec la Monusco\" \/><\/figure>\n<figure class=\"spip-document spip-document-61441 aligncenter\"><img decoding=\"async\" src=\"https:\/\/fr.igihe.com\/IMG\/jpg\/g4-6.jpg\" alt=\"\" \/><\/figure>\n<figure class=\"spip-document spip-document-61440 aligncenter\"><img decoding=\"async\" src=\"https:\/\/fr.igihe.com\/IMG\/jpg\/g5-4.jpg\" alt=\"\" \/><\/figure>\n<figure class=\"spip-document spip-document-61439 aligncenter\"><img decoding=\"async\" src=\"https:\/\/fr.igihe.com\/IMG\/jpg\/g6-4.jpg\" alt=\"\" \/><\/figure>\n<figure class=\"spip-document spip-document-61438 aligncenter\"><img decoding=\"async\" src=\"https:\/\/fr.igihe.com\/IMG\/jpg\/g7-3.jpg\" alt=\"Il est rapport\u00e9 que ces chars auraient \u00e9t\u00e9 utilis\u00e9s pour tirer en direction du territoire rwandais\" \/><\/figure>\n<figure class=\"spip-document spip-document-61442 aligncenter\"><img decoding=\"async\" src=\"https:\/\/fr.igihe.com\/IMG\/jpg\/g8-3.jpg\" alt=\" Certaines des armes lourdes utilis\u00e9es par le Sukhoi, un des avions de combat des FARDC, d\u00e9truit\" \/><\/figure>\n<figure class=\"spip-document spip-document-61459 aligncenter\"><img decoding=\"async\" src=\"https:\/\/fr.igihe.com\/IMG\/jpg\/g10-3.jpg\" alt=\"La s\u00e9curit\u00e9 de l\u2019a\u00e9roport est d\u00e9sormais assur\u00e9e par les combattants du M23\" \/><\/figure>\n<figure class=\"spip-document spip-document-61458 aligncenter\"><img decoding=\"async\" src=\"https:\/\/fr.igihe.com\/IMG\/jpg\/g11.jpg\" alt=\"\" \/><\/figure>\n<figure class=\"spip-document spip-document-61456 aligncenter\"><img decoding=\"async\" src=\"https:\/\/fr.igihe.com\/IMG\/jpg\/g12-3.jpg\" alt=\"L\u2019appareil a \u00e9t\u00e9 abattu par le M23 au cours des affrontements contre les FARDC\" \/><\/figure>\n<figure class=\"spip-document spip-document-61457 aligncenter\"><img decoding=\"async\" src=\"https:\/\/fr.igihe.com\/IMG\/jpg\/g13-3.jpg\" alt=\"L\u2019ensemble des \u00e9quipements situ\u00e9s dans la tour de contr\u00f4le a \u00e9t\u00e9 gravement endommag\u00e9\" \/><\/figure>\n<figure class=\"spip-document spip-document-61455 aligncenter\"><img decoding=\"async\" src=\"https:\/\/fr.igihe.com\/IMG\/jpg\/g14-3.jpg\" alt=\"Les avions cargos ont subi d&#039;importants d\u00e9g\u00e2ts\" \/><\/figure>\n<figure class=\"spip-document spip-document-61454 aligncenter\"><img decoding=\"async\" src=\"https:\/\/fr.igihe.com\/IMG\/jpg\/g15-3.jpg\" alt=\"\" \/><\/figure>\n<figure class=\"spip-document spip-document-61452 aligncenter\"><img decoding=\"async\" src=\"https:\/\/fr.igihe.com\/IMG\/jpg\/g17-3.jpg\" alt=\"\" \/><\/figure>\n<figure class=\"spip-document spip-document-61451 aligncenter\"><img decoding=\"async\" src=\"https:\/\/fr.igihe.com\/IMG\/jpg\/g18-3.jpg\" alt=\"\" \/><\/figure>\n<figure class=\"spip-document spip-document-61450 aligncenter\"><img decoding=\"async\" src=\"https:\/\/fr.igihe.com\/IMG\/jpg\/g19-3.jpg\" alt=\"Les v\u00e9hicules utilis\u00e9s pour le transport de marchandises ont \u00e9galement \u00e9t\u00e9 pris pour cibles sur cet a\u00e9rodrome\" \/><\/figure>\n<figure class=\"spip-document spip-document-61449 aligncenter\"><img decoding=\"async\" src=\"https:\/\/fr.igihe.com\/IMG\/jpg\/g20-5.jpg\" alt=\"Selon les rapports, de nombreuses mines ont \u00e9t\u00e9 enfouies dans la v\u00e9g\u00e9tation aux abords de cet a\u00e9roport par les FARDC\" \/><\/figure>\n<figure class=\"spip-document spip-document-61448 aligncenter\"><img decoding=\"async\" src=\"https:\/\/fr.igihe.com\/IMG\/jpg\/g21-3.jpg\" alt=\"Le M23 pr\u00e9cise que la r\u00e9habilitation de cet a\u00e9roport exige de repartir enti\u00e8rement de z\u00e9ro, tant les infrastructures sont totalement d\u00e9truites\" \/><\/figure>\n<figure class=\"spip-document spip-document-61445 aligncenter\"><img decoding=\"async\" src=\"https:\/\/fr.igihe.com\/IMG\/jpg\/g23-2.jpg\" alt=\"Plusieurs zones autrefois occup\u00e9es par les forces de la Monusco se sont \u00e9galement transform\u00e9es en ruines\" \/><\/figure>\n<figure class=\"spip-document spip-document-61446 aligncenter\"><img decoding=\"async\" src=\"https:\/\/fr.igihe.com\/IMG\/jpg\/g24-2.jpg\" alt=\"Dans diff\u00e9rentes zones de l\u2019a\u00e9roport, on aper\u00e7oit des fusils et d\u2019autres \u00e9quipements militaires autrefois utilis\u00e9s par l\u2019arm\u00e9e congolaise\" \/><\/figure>\n<figure class=\"spip-document spip-document-61444 aligncenter\"><img decoding=\"async\" src=\"https:\/\/fr.igihe.com\/IMG\/jpg\/g25-2.jpg\" alt=\"L\u2019a\u00e9roport de Goma est devenu un champ de ruines de part et d\u2019autre\" \/><\/figure>\n<figure class=\"spip-document spip-document-61443 aligncenter\"><img decoding=\"async\" src=\"https:\/\/fr.igihe.com\/IMG\/jpg\/g26-2.jpg\" alt=\"Les h\u00e9licopt\u00e8res des forces arm\u00e9es FARDC qui ont \u00e9t\u00e9 pris pour cible sur l\u2019a\u00e9roport de Goma sont toujours sur place\" \/><\/figure>\n","protected":false},"excerpt":{"rendered":"<p>Depuis la fin du mois de janvier, une superficie de 75,72 kilom\u00e8tres carr\u00e9s \u2014 soit \u00e0 peine un dixi\u00e8me de la taille de Kigali \u2014 a \u00e9t\u00e9 le th\u00e9\u00e2tre d\u2019\u00e9v\u00e9nements qui ont capt\u00e9 l\u2019attention du monde entier.<\/p>\n","protected":false},"author":488,"featured_media":4000061461,"comment_status":"open","ping_status":"open","sticky":false,"template":"","format":"standard","meta":{"footnotes":""},"categories":[7540],"tags":[7605],"byline":[7717],"hashtag":[],"class_list":["post-37735","post","type-post","status-publish","format-standard","has-post-thumbnail","hentry","category-securite","tag-homenews","byline-igihe"],"bylines":[{"id":7717,"name":"IGIHE","slug":"igihe","description":"","image":{"id":0,"url":"https:\/\/secure.gravatar.com\/avatar\/?s=96&d=mm&f=y&r=g","alt":"Default avatar","title":"Default avatar","caption":"","mime_type":"image\/jpeg","sizes":[]},"user_id":393}],"contributors":[{"id":7717,"name":"IGIHE","slug":"igihe","description":"","image":{"id":0,"url":"https:\/\/secure.gravatar.com\/avatar\/?s=96&d=mm&f=y&r=g","alt":"Default avatar","title":"Default avatar","caption":"","mime_type":"image\/jpeg","sizes":[]},"user_id":393}],"featured_image":{"id":4000061461,"url":"https:\/\/fr-images.igihe.com\/IMG\/logo\/ag.jpg","alt":"","caption":"","mime_type":"image\/jpeg","width":0,"height":0,"sizes":{"thumbnail":{"url":"https:\/\/fr-images.igihe.com\/IMG\/logo\/ag.jpg","width":1,"height":1},"medium":{"url":"https:\/\/fr-images.igihe.com\/IMG\/logo\/ag.jpg","width":1,"height":1},"medium_large":{"url":"https:\/\/fr-images.igihe.com\/IMG\/logo\/ag.jpg","width":1,"height":1},"large":{"url":"https:\/\/fr-images.igihe.com\/IMG\/logo\/ag.jpg","width":1,"height":1},"full":{"url":"https:\/\/fr-images.igihe.com\/IMG\/logo\/ag.jpg","width":0,"height":0}}},"_links":{"self":[{"href":"https:\/\/new.igihe.com\/french\/wp-json\/wp\/v2\/posts\/37735","targetHints":{"allow":["GET"]}}],"collection":[{"href":"https:\/\/new.igihe.com\/french\/wp-json\/wp\/v2\/posts"}],"about":[{"href":"https:\/\/new.igihe.com\/french\/wp-json\/wp\/v2\/types\/post"}],"author":[{"embeddable":true,"href":"https:\/\/new.igihe.com\/french\/wp-json\/wp\/v2\/users\/488"}],"replies":[{"embeddable":true,"href":"https:\/\/new.igihe.com\/french\/wp-json\/wp\/v2\/comments?post=37735"}],"version-history":[{"count":0,"href":"https:\/\/new.igihe.com\/french\/wp-json\/wp\/v2\/posts\/37735\/revisions"}],"wp:featuredmedia":[{"embeddable":true,"href":"https:\/\/new.igihe.com\/french\/wp-json\/wp\/v2\/media\/4000061461"}],"wp:attachment":[{"href":"https:\/\/new.igihe.com\/french\/wp-json\/wp\/v2\/media?parent=37735"}],"wp:term":[{"taxonomy":"category","embeddable":true,"href":"https:\/\/new.igihe.com\/french\/wp-json\/wp\/v2\/categories?post=37735"},{"taxonomy":"post_tag","embeddable":true,"href":"https:\/\/new.igihe.com\/french\/wp-json\/wp\/v2\/tags?post=37735"},{"taxonomy":"byline","embeddable":true,"href":"https:\/\/new.igihe.com\/french\/wp-json\/wp\/v2\/byline?post=37735"},{"taxonomy":"hashtag","embeddable":true,"href":"https:\/\/new.igihe.com\/french\/wp-json\/wp\/v2\/hashtag?post=37735"}],"curies":[{"name":"wp","href":"https:\/\/api.w.org\/{rel}","templated":true}]}}