{"id":37734,"date":"2025-05-24T13:39:31","date_gmt":"2025-05-24T13:39:31","guid":{"rendered":"https:\/\/new.igihe.com\/french\/Le-gouvernement-congolais-exhorte-a-demanteler-les-FDLR-et-les-Wazalendo-37734\/"},"modified":"2025-05-24T13:37:43","modified_gmt":"2025-05-24T13:37:43","slug":"Le-gouvernement-congolais-exhorte-a-demanteler-les-FDLR-et-les-Wazalendo","status":"publish","type":"post","link":"https:\/\/new.igihe.com\/french\/Le-gouvernement-congolais-exhorte-a-demanteler-les-FDLR-et-les-Wazalendo\/","title":{"rendered":"Le gouvernement congolais exhort\u00e9 \u00e0 d\u00e9manteler les FDLR et les Wazalendo"},"content":{"rendered":"<p>Kabila a attribu\u00e9 l\u2019ins\u00e9curit\u00e9 persistante, notamment dans l\u2019est de la RDC, \u00e0 la mauvaise gouvernance du r\u00e9gime Tshisekedi.<\/p>\n<p>\u00ab Elle r\u00e9sulte d\u2019un recrutement militaire chaotique, d\u2019int\u00e9grations fond\u00e9es sur des crit\u00e8res ethniques et d\u2019arrestations arbitraires visant principalement des officiers swahiliphones \u00bb, a-t-il d\u00e9clar\u00e9.<\/p>\n<p>Ancien militaire et chef de troupes, il a affirm\u00e9 que les contre-performances de l\u2019arm\u00e9e sont dues \u00e0 un encadrement d\u00e9faillant, non \u00e0 la responsabilit\u00e9 des soldats.<\/p>\n<p>Face aux revers subis contre l\u2019AFC\/M23, les forces congolaises se sont alli\u00e9es aux FDLR et aux groupes Wazalendo, connus pour leur id\u00e9ologie anti-Tutsi, esp\u00e9rant inverser le cours du conflit.<\/p>\n<p>Kabila a averti que cette alliance risquait d\u2019embraser toute la r\u00e9gion des Grands Lacs.<\/p>\n<p>\u00ab En collaborant avec ces milices, l\u2019\u00c9tat a ouvert la voie \u00e0 une escalade incontr\u00f4lable des violences r\u00e9gionales \u00bb, a-t-il d\u00e9clar\u00e9.<\/p>\n<p>Il a sugg\u00e9r\u00e9 au gouvernement Tshisekedi d\u2019adopter 12 mesures qui permettraient de garantir une paix et une s\u00e9curit\u00e9 durables, notamment mettre fin \u00e0 la r\u00e9pression, promouvoir la r\u00e9conciliation nationale, et engager un dialogue sinc\u00e8re avec les pays voisins pour assurer la stabilit\u00e9 r\u00e9gionale.<\/p>\n<p>Parmi ces mesures, il a insist\u00e9 sur le d\u00e9mant\u00e8lement de tous les groupes arm\u00e9s, congolais et \u00e9trangers, ainsi que sur le renvoi des mercenaires conform\u00e9ment aux principes de l\u2019Union africaine (1977) et de l\u2019ONU (1989), avec leur \u00e9vacuation rapide du territoire congolais.<\/p>\n<p>Kabila a aussi appel\u00e9 le gouvernement congolais \u00e0 expulser les troupes \u00e9trang\u00e8res pr\u00e9sentes sur son territoire, tout en saluant la d\u00e9cision de la Communaut\u00e9 de d\u00e9veloppement de l\u2019Afrique australe (SADC) d\u2019avoir commenc\u00e9 \u00e0 retirer ses forces d\u00e9ploy\u00e9es en d\u00e9cembre 2023.<\/p>\n<figure class=\"spip-document spip-document-61474 aligncenter\"><img decoding=\"async\" src=\"https:\/\/fr.igihe.com\/IMG\/jpg\/fdlr-21.jpg\" alt=\"Joseph Kabila a appel\u00e9 le gouvernement de son successeur, F\u00e9lix Tshisekedi, \u00e0 d\u00e9manteler les FDLR et la coalition Wazalendo\" \/><\/figure>\n","protected":false},"excerpt":{"rendered":"<p>Dans une allocution \u00e0 la nation prononc\u00e9e ce 23 mai 2025 \u2014 la premi\u00e8re depuis son d\u00e9part du pouvoir il y a six ans \u2014 Joseph Kabila, pr\u00e9sident de la R\u00e9publique d\u00e9mocratique du Congo de 2001 \u00e0 2019, a appel\u00e9 le gouvernement de son successeur, F\u00e9lix Tshisekedi, \u00e0 d\u00e9manteler le groupe terroriste FDLR ainsi que la coalition Wazalendo.<\/p>\n","protected":false},"author":488,"featured_media":4000061473,"comment_status":"open","ping_status":"open","sticky":false,"template":"","format":"standard","meta":{"footnotes":""},"categories":[7544],"tags":[7605],"byline":[9865],"hashtag":[],"class_list":["post-37734","post","type-post","status-publish","format-standard","has-post-thumbnail","hentry","category-politique","tag-homenews","byline-alain-bertrand-tunezerwe"],"bylines":[{"id":9865,"name":"Alain Bertrand Tunezerwe","slug":"alain-bertrand-tunezerwe","description":"","image":{"id":0,"url":"https:\/\/secure.gravatar.com\/avatar\/?s=96&d=mm&f=y&r=g","alt":"Default avatar","title":"Default avatar","caption":"","mime_type":"image\/jpeg","sizes":[]},"user_id":452}],"contributors":[{"id":9865,"name":"Alain Bertrand Tunezerwe","slug":"alain-bertrand-tunezerwe","description":"","image":{"id":0,"url":"https:\/\/secure.gravatar.com\/avatar\/?s=96&d=mm&f=y&r=g","alt":"Default avatar","title":"Default avatar","caption":"","mime_type":"image\/jpeg","sizes":[]},"user_id":452}],"featured_image":{"id":4000061473,"url":"https:\/\/fr-images.igihe.com\/IMG\/logo\/fdlr_cp-3.jpg","alt":"","caption":"","mime_type":"image\/jpeg","width":0,"height":0,"sizes":{"thumbnail":{"url":"https:\/\/fr-images.igihe.com\/IMG\/logo\/fdlr_cp-3.jpg","width":1,"height":1},"medium":{"url":"https:\/\/fr-images.igihe.com\/IMG\/logo\/fdlr_cp-3.jpg","width":1,"height":1},"medium_large":{"url":"https:\/\/fr-images.igihe.com\/IMG\/logo\/fdlr_cp-3.jpg","width":1,"height":1},"large":{"url":"https:\/\/fr-images.igihe.com\/IMG\/logo\/fdlr_cp-3.jpg","width":1,"height":1},"full":{"url":"https:\/\/fr-images.igihe.com\/IMG\/logo\/fdlr_cp-3.jpg","width":0,"height":0}}},"_links":{"self":[{"href":"https:\/\/new.igihe.com\/french\/wp-json\/wp\/v2\/posts\/37734","targetHints":{"allow":["GET"]}}],"collection":[{"href":"https:\/\/new.igihe.com\/french\/wp-json\/wp\/v2\/posts"}],"about":[{"href":"https:\/\/new.igihe.com\/french\/wp-json\/wp\/v2\/types\/post"}],"author":[{"embeddable":true,"href":"https:\/\/new.igihe.com\/french\/wp-json\/wp\/v2\/users\/488"}],"replies":[{"embeddable":true,"href":"https:\/\/new.igihe.com\/french\/wp-json\/wp\/v2\/comments?post=37734"}],"version-history":[{"count":0,"href":"https:\/\/new.igihe.com\/french\/wp-json\/wp\/v2\/posts\/37734\/revisions"}],"wp:featuredmedia":[{"embeddable":true,"href":"https:\/\/new.igihe.com\/french\/wp-json\/wp\/v2\/media\/4000061473"}],"wp:attachment":[{"href":"https:\/\/new.igihe.com\/french\/wp-json\/wp\/v2\/media?parent=37734"}],"wp:term":[{"taxonomy":"category","embeddable":true,"href":"https:\/\/new.igihe.com\/french\/wp-json\/wp\/v2\/categories?post=37734"},{"taxonomy":"post_tag","embeddable":true,"href":"https:\/\/new.igihe.com\/french\/wp-json\/wp\/v2\/tags?post=37734"},{"taxonomy":"byline","embeddable":true,"href":"https:\/\/new.igihe.com\/french\/wp-json\/wp\/v2\/byline?post=37734"},{"taxonomy":"hashtag","embeddable":true,"href":"https:\/\/new.igihe.com\/french\/wp-json\/wp\/v2\/hashtag?post=37734"}],"curies":[{"name":"wp","href":"https:\/\/api.w.org\/{rel}","templated":true}]}}