{"id":37728,"date":"2025-05-23T15:54:59","date_gmt":"2025-05-23T15:54:59","guid":{"rendered":"https:\/\/new.igihe.com\/french\/Un-nouveau-groupe-de-642-rwandais-retenus-par-les-FDLR-rapatries-au-Rwanda-37728\/"},"modified":"2025-05-27T10:35:13","modified_gmt":"2025-05-27T10:35:13","slug":"Un-nouveau-groupe-de-642-rwandais-retenus-par-les-FDLR-rapatries-au-Rwanda","status":"publish","type":"post","link":"https:\/\/new.igihe.com\/french\/Un-nouveau-groupe-de-642-rwandais-retenus-par-les-FDLR-rapatries-au-Rwanda\/","title":{"rendered":"Un nouveau groupe de 642 rwandais retenus par les FDLR rapatri\u00e9s au Rwanda"},"content":{"rendered":"<p>C\u2019est aux alentours de midi, ce 22 mai 2025, qu\u2019ils ont \u00e9t\u00e9 accueillis \u00e0 la &#8216;Grande Barri\u00e8re&#8217;, point de passage entre le Rwanda et la R\u00e9publique d\u00e9mocratique du Congo.<\/p>\n<p>Le vice-administrateur du district de Rubavu en charge des affaires sociales, Ishimwe Pacifique, a d\u00e9clar\u00e9 au journal &#8216;IGIHE&#8217; que le groupe rapatri\u00e9 comptait au total 642 personnes, r\u00e9parties en 232 familles.<\/p>\n<p>L\u2019ensemble des rapatri\u00e9s devait \u00eatre imm\u00e9diatement transf\u00e9r\u00e9 au camp provisoire de Nyarushishi, situ\u00e9 dans le district de Rusizi.<\/p>\n<p>Lors de la premi\u00e8re vague, 360 Rwandais ont \u00e9t\u00e9 rapatri\u00e9s et conduits au camp provisoire de Kijote, dans le district de Nyabihu, tandis que la deuxi\u00e8me vague, compos\u00e9e de 796 personnes, a \u00e9t\u00e9 directement achemin\u00e9e vers le camp provisoire de Nyarushishi, situ\u00e9 dans le district de Rusizi.<\/p>\n<p>Plus de 2 500 Rwandais ont d\u2019ores et d\u00e9j\u00e0 \u00e9t\u00e9 identifi\u00e9s pour leur retour au pays, un processus auquel le Haut Commissariat des Nations Unies pour les R\u00e9fugi\u00e9s (HCR) participe activement.<\/p>\n<figure class=\"spip-document spip-document-61420 aligncenter\"><img decoding=\"async\" src=\"https:\/\/fr.igihe.com\/IMG\/jpg\/f1-7.jpg\" alt=\"Un nouveau groupe compos\u00e9 de 642 Rwandais, retenus en otage par les FDLR, est finalement rentr\u00e9 au pays\" \/><\/figure>\n<figure class=\"spip-document spip-document-61419 aligncenter\"><img decoding=\"async\" src=\"https:\/\/fr.igihe.com\/IMG\/jpg\/f3-4.jpg\" alt=\"C\u2019est aux alentours de midi, ce 22 mai 2025, qu\u2019ils ont \u00e9t\u00e9 accueillis \u00e0 la \u2019Grande Barri\u00e8re\u2019\" \/><\/figure>\n<figure class=\"spip-document spip-document-61418 aligncenter\"><img decoding=\"async\" src=\"https:\/\/fr.igihe.com\/IMG\/jpg\/f2-8.jpg\" alt=\"\" \/><\/figure>\n<figure class=\"spip-document spip-document-61417 aligncenter\"><img decoding=\"async\" src=\"https:\/\/fr.igihe.com\/IMG\/jpg\/f5-4.jpg\" alt=\" le groupe rapatri\u00e9 \u00e9tait r\u00e9parti en 232 familles\" \/><\/figure>\n<figure class=\"spip-document spip-document-61416 aligncenter\"><img decoding=\"async\" src=\"https:\/\/fr.igihe.com\/IMG\/jpg\/f4-4.jpg\" alt=\"Plus de 2 500 Rwandais ont d\u2019ores et d\u00e9j\u00e0 \u00e9t\u00e9 identifi\u00e9s pour leur retour au pays\" \/><\/figure>\n","protected":false},"excerpt":{"rendered":"<p> Un nouveau groupe compos\u00e9 de 642 Rwandais, qui \u00e9taient retenus en otage dans les for\u00eats de la R\u00e9publique d\u00e9mocratique du Congo par les FDLR, est finalement rentr\u00e9 au pays. <\/p>\n","protected":false},"author":488,"featured_media":4000061415,"comment_status":"open","ping_status":"open","sticky":false,"template":"","format":"standard","meta":{"footnotes":""},"categories":[7540],"tags":[7605],"byline":[7717],"hashtag":[],"class_list":["post-37728","post","type-post","status-publish","format-standard","has-post-thumbnail","hentry","category-securite","tag-homenews","byline-igihe"],"bylines":[{"id":7717,"name":"IGIHE","slug":"igihe","description":"","image":{"id":0,"url":"https:\/\/secure.gravatar.com\/avatar\/?s=96&d=mm&f=y&r=g","alt":"Default avatar","title":"Default avatar","caption":"","mime_type":"image\/jpeg","sizes":[]},"user_id":393}],"contributors":[{"id":7717,"name":"IGIHE","slug":"igihe","description":"","image":{"id":0,"url":"https:\/\/secure.gravatar.com\/avatar\/?s=96&d=mm&f=y&r=g","alt":"Default avatar","title":"Default avatar","caption":"","mime_type":"image\/jpeg","sizes":[]},"user_id":393}],"featured_image":{"id":4000061415,"url":"https:\/\/fr-images.igihe.com\/IMG\/logo\/cp-65.jpg","alt":"","caption":"","mime_type":"image\/jpeg","width":0,"height":0,"sizes":{"thumbnail":{"url":"https:\/\/fr-images.igihe.com\/IMG\/logo\/cp-65.jpg","width":1,"height":1},"medium":{"url":"https:\/\/fr-images.igihe.com\/IMG\/logo\/cp-65.jpg","width":1,"height":1},"medium_large":{"url":"https:\/\/fr-images.igihe.com\/IMG\/logo\/cp-65.jpg","width":1,"height":1},"large":{"url":"https:\/\/fr-images.igihe.com\/IMG\/logo\/cp-65.jpg","width":1,"height":1},"full":{"url":"https:\/\/fr-images.igihe.com\/IMG\/logo\/cp-65.jpg","width":0,"height":0}}},"_links":{"self":[{"href":"https:\/\/new.igihe.com\/french\/wp-json\/wp\/v2\/posts\/37728","targetHints":{"allow":["GET"]}}],"collection":[{"href":"https:\/\/new.igihe.com\/french\/wp-json\/wp\/v2\/posts"}],"about":[{"href":"https:\/\/new.igihe.com\/french\/wp-json\/wp\/v2\/types\/post"}],"author":[{"embeddable":true,"href":"https:\/\/new.igihe.com\/french\/wp-json\/wp\/v2\/users\/488"}],"replies":[{"embeddable":true,"href":"https:\/\/new.igihe.com\/french\/wp-json\/wp\/v2\/comments?post=37728"}],"version-history":[{"count":0,"href":"https:\/\/new.igihe.com\/french\/wp-json\/wp\/v2\/posts\/37728\/revisions"}],"wp:featuredmedia":[{"embeddable":true,"href":"https:\/\/new.igihe.com\/french\/wp-json\/wp\/v2\/media\/4000061415"}],"wp:attachment":[{"href":"https:\/\/new.igihe.com\/french\/wp-json\/wp\/v2\/media?parent=37728"}],"wp:term":[{"taxonomy":"category","embeddable":true,"href":"https:\/\/new.igihe.com\/french\/wp-json\/wp\/v2\/categories?post=37728"},{"taxonomy":"post_tag","embeddable":true,"href":"https:\/\/new.igihe.com\/french\/wp-json\/wp\/v2\/tags?post=37728"},{"taxonomy":"byline","embeddable":true,"href":"https:\/\/new.igihe.com\/french\/wp-json\/wp\/v2\/byline?post=37728"},{"taxonomy":"hashtag","embeddable":true,"href":"https:\/\/new.igihe.com\/french\/wp-json\/wp\/v2\/hashtag?post=37728"}],"curies":[{"name":"wp","href":"https:\/\/api.w.org\/{rel}","templated":true}]}}