{"id":37717,"date":"2025-05-22T16:23:32","date_gmt":"2025-05-22T16:23:32","guid":{"rendered":"https:\/\/new.igihe.com\/french\/Chronique-d-une-guerre-feutree-entre-le-ministre-Mutamba-et-le-procureur-37717\/"},"modified":"2025-05-22T16:23:19","modified_gmt":"2025-05-22T16:23:19","slug":"Chronique-d-une-guerre-feutree-entre-le-ministre-Mutamba-et-le-procureur","status":"publish","type":"post","link":"https:\/\/new.igihe.com\/french\/Chronique-d-une-guerre-feutree-entre-le-ministre-Mutamba-et-le-procureur\/","title":{"rendered":"Chronique d\u2019une guerre feutr\u00e9e entre le ministre Mutamba et le procureur g\u00e9n\u00e9ral"},"content":{"rendered":"<p> Derri\u00e8re le d\u00e9cor d\u2019une R\u00e9publique soucieuse d\u2019\u00e9thique, c\u2019est le th\u00e9\u00e2tre d\u2019un r\u00e8glement de comptes entre deux rivaux que tout oppose \u2014 l\u2019un, procureur chevronn\u00e9 solidement ancr\u00e9 dans les profondeurs du syst\u00e8me judiciaire\u202f; l\u2019autre, jeune ministre port\u00e9 par une volont\u00e9 r\u00e9formatrice affich\u00e9e mais non d\u00e9nu\u00e9e d\u2019arri\u00e8re-pens\u00e9es politiques. Cette opposition feutr\u00e9e, o\u00f9 chaque accusation en appelle une autre, glisse insensiblement d\u2019un contentieux institutionnel \u00e0 une guerre de position aux accents de trag\u00e9die. Ainsi se joue, en creux, la chronique d\u2019une d\u00e9rive, o\u00f9 les exigences de justice c\u00e8dent peu \u00e0 peu le pas aux dynamiques souterraines de pouvoir, de revanche et de disqualification mutuelle.<\/p>\n<p>\u00ab\u202fTout membre du Gouvernement mis en accusation pr\u00e9sente sa d\u00e9mission dans les vingt-quatre heures. Pass\u00e9 ce d\u00e9lai, il est r\u00e9put\u00e9 d\u00e9missionnaire.\u202f\u00bb <\/p>\n<p>Cet article de la loi congolaise, d\u2019apparence anodine, acquiert une port\u00e9e singuli\u00e8re \u00e0 l\u2019aune de l\u2019affrontement, de plus en plus manifeste, entre deux figures majeures de l\u2019appareil d\u2019\u00c9tat : le ministre de la Justice, Constant Mutamba, et le procureur g\u00e9n\u00e9ral pr\u00e8s la Cour de cassation, Firmin Mvonde.<\/p>\n<p>En novembre 2024, une onde de choc discr\u00e8te mais profonde avait travers\u00e9 les cercles institutionnels de Kinshasa. Dans une d\u00e9claration solennelle empreinte d\u2019une gravit\u00e9 calcul\u00e9e, le garde des Sceaux, M. Mutamba, annon\u00e7ait l\u2019ouverture d\u2019une enqu\u00eate officielle \u00e0 l\u2019encontre du procureur g\u00e9n\u00e9ral. <\/p>\n<p>En cause : l\u2019acquisition par ce dernier d\u2019un immeuble \u00e0 Bruxelles, pour un montant avoisinant les 900\u202f000 euros r\u00e9v\u00e9lation d\u00e9voil\u00e9e par le m\u00e9dia sp\u00e9cialis\u00e9 Africa Intelligence. L\u2019affaire, \u00e0 elle seule, soulevait nombre d\u2019interrogations sur l\u2019opacit\u00e9 des circuits financiers de certains hauts magistrats et la persistance de pratiques dispendieuses en d\u00e9calage flagrant avec la condition salariale des serviteurs de l\u2019\u00c9tat.<\/p>\n<p>Firmin Mvonde, r\u00e9put\u00e9 pour sa long\u00e9vit\u00e9 dans les arcanes de la magistrature et son verbe parfois tranchant, lui qui avait qualifi\u00e9 en f\u00e9vrier la mort de l\u2019ancien ministre Ch\u00e9rubin Okende de \u00ab\u202fsuicide\u202f\u00bb, contre l\u2019avis d\u2019une large partie de l\u2019opinion publique, se retrouva ainsi projet\u00e9 au c\u0153ur d\u2019un tourbillon politico-judiciaire \u00e0 fort potentiel explosif. <\/p>\n<p>Le geste de Mutamba, sous couvert d\u2019assainissement moral, s\u2019apparentait en r\u00e9alit\u00e9 \u00e0 une mise en garde, sinon \u00e0 un acte d\u2019hostilit\u00e9 voil\u00e9e.<\/p>\n<p>Or, loin de c\u00e9der \u00e0 l\u2019intimidation ou de se retrancher dans un silence prudent, le haut magistrat choisit, au mois de mai 2025, la riposte : en sollicitant l\u2019autorisation de poursuites judiciaires \u00e0 l\u2019encontre du ministre Mutamba lui-m\u00eame, cette fois dans le cadre d\u2019un pr\u00e9sum\u00e9 d\u00e9tournement de fonds publics d\u2019un montant de 39\u202fmillions de dollars, Mvonde engage une contre-offensive aux allures de r\u00e8glement de comptes judiciaire.<\/p>\n<p>Ce bras de fer feutr\u00e9 entre les deux institutions, cens\u00e9es coop\u00e9rer au nom de la justice r\u00e9publicaine, s\u2019est mu\u00e9 en une guerre d\u2019influence larv\u00e9e o\u00f9 l\u2019\u00c9tat de droit semble instrumentalis\u00e9 au gr\u00e9 des ambitions personnelles et des ressentiments accumul\u00e9s. Sous des dehors proc\u00e9duriers, se trame une lutte de pouvoir d\u2019autant plus inqui\u00e9tante qu\u2019elle se d\u00e9ploie dans un climat de d\u00e9fiance g\u00e9n\u00e9ralis\u00e9e \u00e0 l\u2019\u00e9gard des institutions, d\u00e9j\u00e0 fragilis\u00e9es par des scandales \u00e0 r\u00e9p\u00e9tition.<\/p>\n<p>Au fond, cette joute silencieuse r\u00e9v\u00e8le l\u2019impasse d\u2019un syst\u00e8me o\u00f9 la verticalit\u00e9 de l\u2019autorit\u00e9 judiciaire entre en collision avec les ambitions politiques, et o\u00f9 la vertu proclam\u00e9e sert souvent de paravent aux r\u00e8glements de comptes. Derri\u00e8re le langage du droit, c\u2019est la guerre des hommes qui se joue : une guerre froide, feutr\u00e9e, mais dont les r\u00e9percussions pourraient s\u2019av\u00e9rer autrement plus d\u00e9vastatrices que les simples querelles\u00a0de\u00a0palais.<\/p>\n<figure class=\"spip-document spip-document-61383 aligncenter\"><img decoding=\"async\" src=\"https:\/\/fr.igihe.com\/IMG\/jpg\/cm-4.jpg\" alt=\"Derri\u00e8re la solennit\u00e9 des proc\u00e9dures se profile un affrontement personnel, \u00e0 peine masqu\u00e9 par le vernis institutionnel\" \/><\/figure>\n","protected":false},"excerpt":{"rendered":"<p>Sous l\u2019apparente solennit\u00e9 des proc\u00e9dures et la rigueur feinte des institutions, se dessine une sc\u00e8ne autrement plus troublante\u202f: celle d\u2019un affrontement personnel que dissimule mal le vernis des fonctions. Ce qui devait relever d\u2019un simple acte de reddition de comptes au nom de la transparence administrative semble d\u00e9sormais s\u2019apparenter \u00e0 une escalade vengeresse, o\u00f9 s\u2019entrelacent ambitions contrari\u00e9es, ressentiments anciens et strat\u00e9gies d\u2019\u00e9viction<\/p>\n","protected":false},"author":488,"featured_media":4000061382,"comment_status":"open","ping_status":"open","sticky":false,"template":"","format":"standard","meta":{"footnotes":""},"categories":[7544],"tags":[7605],"byline":[9102],"hashtag":[],"class_list":["post-37717","post","type-post","status-publish","format-standard","has-post-thumbnail","hentry","category-politique","tag-homenews","byline-tite-gatabazi"],"bylines":[{"id":9102,"name":"Tite Gatabazi","slug":"tite-gatabazi","description":"","image":{"id":0,"url":"https:\/\/secure.gravatar.com\/avatar\/?s=96&d=mm&f=y&r=g","alt":"Default avatar","title":"Default avatar","caption":"","mime_type":"image\/jpeg","sizes":[]},"user_id":472}],"contributors":[{"id":9102,"name":"Tite Gatabazi","slug":"tite-gatabazi","description":"","image":{"id":0,"url":"https:\/\/secure.gravatar.com\/avatar\/?s=96&d=mm&f=y&r=g","alt":"Default avatar","title":"Default avatar","caption":"","mime_type":"image\/jpeg","sizes":[]},"user_id":472}],"featured_image":{"id":4000061382,"url":"https:\/\/fr-images.igihe.com\/IMG\/logo\/cm_cp-3.jpg","alt":"","caption":"","mime_type":"image\/jpeg","width":0,"height":0,"sizes":{"thumbnail":{"url":"https:\/\/fr-images.igihe.com\/IMG\/logo\/cm_cp-3.jpg","width":1,"height":1},"medium":{"url":"https:\/\/fr-images.igihe.com\/IMG\/logo\/cm_cp-3.jpg","width":1,"height":1},"medium_large":{"url":"https:\/\/fr-images.igihe.com\/IMG\/logo\/cm_cp-3.jpg","width":1,"height":1},"large":{"url":"https:\/\/fr-images.igihe.com\/IMG\/logo\/cm_cp-3.jpg","width":1,"height":1},"full":{"url":"https:\/\/fr-images.igihe.com\/IMG\/logo\/cm_cp-3.jpg","width":0,"height":0}}},"_links":{"self":[{"href":"https:\/\/new.igihe.com\/french\/wp-json\/wp\/v2\/posts\/37717","targetHints":{"allow":["GET"]}}],"collection":[{"href":"https:\/\/new.igihe.com\/french\/wp-json\/wp\/v2\/posts"}],"about":[{"href":"https:\/\/new.igihe.com\/french\/wp-json\/wp\/v2\/types\/post"}],"author":[{"embeddable":true,"href":"https:\/\/new.igihe.com\/french\/wp-json\/wp\/v2\/users\/488"}],"replies":[{"embeddable":true,"href":"https:\/\/new.igihe.com\/french\/wp-json\/wp\/v2\/comments?post=37717"}],"version-history":[{"count":0,"href":"https:\/\/new.igihe.com\/french\/wp-json\/wp\/v2\/posts\/37717\/revisions"}],"wp:featuredmedia":[{"embeddable":true,"href":"https:\/\/new.igihe.com\/french\/wp-json\/wp\/v2\/media\/4000061382"}],"wp:attachment":[{"href":"https:\/\/new.igihe.com\/french\/wp-json\/wp\/v2\/media?parent=37717"}],"wp:term":[{"taxonomy":"category","embeddable":true,"href":"https:\/\/new.igihe.com\/french\/wp-json\/wp\/v2\/categories?post=37717"},{"taxonomy":"post_tag","embeddable":true,"href":"https:\/\/new.igihe.com\/french\/wp-json\/wp\/v2\/tags?post=37717"},{"taxonomy":"byline","embeddable":true,"href":"https:\/\/new.igihe.com\/french\/wp-json\/wp\/v2\/byline?post=37717"},{"taxonomy":"hashtag","embeddable":true,"href":"https:\/\/new.igihe.com\/french\/wp-json\/wp\/v2\/hashtag?post=37717"}],"curies":[{"name":"wp","href":"https:\/\/api.w.org\/{rel}","templated":true}]}}