{"id":37712,"date":"2025-05-22T12:30:57","date_gmt":"2025-05-22T12:30:57","guid":{"rendered":"https:\/\/new.igihe.com\/french\/Donald-Trump-salue-les-progres-de-la-mediation-entre-le-Rwanda-et-la-RDC-37712\/"},"modified":"2025-05-23T17:48:07","modified_gmt":"2025-05-23T17:48:07","slug":"Donald-Trump-salue-les-progres-de-la-mediation-entre-le-Rwanda-et-la-RDC","status":"publish","type":"post","link":"https:\/\/new.igihe.com\/french\/Donald-Trump-salue-les-progres-de-la-mediation-entre-le-Rwanda-et-la-RDC\/","title":{"rendered":"Donald Trump salue les progr\u00e8s de la m\u00e9diation entre le Rwanda et la RDC"},"content":{"rendered":"<p>Le pr\u00e9sident Cyril Ramaphosa a effectu\u00e9 une visite officielle aux \u00c9tats-Unis, visant \u00e0 renforcer les relations diplomatiques et \u00e9conomiques entre Pretoria et Washington. Les discussions ont port\u00e9 sur les conflits r\u00e9gionaux en Afrique, ainsi que sur le commerce et le d\u00e9veloppement du continent.<\/p>\n<p>\u00c0 cette occasion, le pr\u00e9sident Donald Trump a salu\u00e9 le processus de paix engag\u00e9 entre le Rwanda et la RDC, le qualifiant de l\u2019un des succ\u00e8s majeurs de sa diplomatie. Cette m\u00e9diation est conduite par Massad Boulos, son conseiller principal pour l\u2019Afrique.<\/p>\n<p>\u00ab C\u2019est un processus tr\u00e8s prometteur \u00bb, a d\u00e9clar\u00e9 Trump. \u00ab Je re\u00e7ois des rapports exceptionnels. Auparavant, il ne s\u2019agissait que de morts et de d\u00e9capitations. La situation \u00e9tait terrible. C\u2019\u00e9tait tr\u00e8s courageux de ta part [Boulos] d\u2019y aller. Il semble que nous ayons obtenu quelque chose de r\u00e9ellement concret. \u00bb<\/p>\n<p>La m\u00e9diation am\u00e9ricaine a permis des avanc\u00e9es significatives ces derniers mois, malgr\u00e9 de fortes tensions li\u00e9es \u00e0 la prise de contr\u00f4le de l\u2019est de la RDC par les rebelles du M23, qui d\u00e9noncent la marginalisation des Congolais rwandophones. Kinshasa accuse Kigali de soutenir ces rebelles, ce que le Rwanda d\u00e9ment fermement, soulignant plut\u00f4t la menace persistante du groupe arm\u00e9 FDLR, responsable du g\u00e9nocide de 1994 perp\u00e9tr\u00e9 contre les Tutsi.<\/p>\n<p>Lors de la r\u00e9union \u00e0 la Maison-Blanche, Massad Boulos a confirm\u00e9 que le Rwanda et la RDC ont sign\u00e9 une d\u00e9claration de principes et soumis chacun un projet d\u2019accord, d\u00e9sormais fusionn\u00e9s en un texte unique en cours d\u2019examen final.<\/p>\n<p>\u00ab Nous sommes en train de finaliser le texte, \u00bb a d\u00e9clar\u00e9 Boulos. \u00ab Les deux parties se sont engag\u00e9es sur la voie \u00e0 suivre, et le document compil\u00e9 int\u00e8gre leurs propositions respectives. Les perspectives sont tr\u00e8s encourageantes. \u00bb<\/p>\n<p>Le d\u00e9partement d\u2019\u00c9tat am\u00e9ricain a confirm\u00e9 l\u2019envoi d\u2019un projet d\u2019accord de paix aux Pr\u00e9sident Paul Kagame et F\u00e9lix Tshisekedi.<\/p>\n<p>Si ce texte est approuv\u00e9, la signature officielle se tiendra en juin 2025 \u00e0 la Maison-Blanche, en pr\u00e9sence des deux chefs d\u2019\u00c9tat. Cette c\u00e9r\u00e9monie sera \u00e9galement l\u2019occasion de conclure de nouveaux accords de coop\u00e9ration \u00e9conomique entre les \u00c9tats-Unis, le Rwanda et la RDC.<\/p>\n<p>Washington a fix\u00e9 plusieurs conditions, notamment \u00e0 l\u2019attention de Kinshasa, incluant le d\u00e9mant\u00e8lement du groupe arm\u00e9 FDLR ainsi que la mise en \u0153uvre de r\u00e9formes de gouvernance visant \u00e0 garantir une r\u00e9partition \u00e9quitable des ressources.<\/p>\n<p>En cas de succ\u00e8s, cet accord pourrait instaurer une stabilit\u00e9 durable dans l\u2019est de la RDC et renforcer l\u2019int\u00e9gration \u00e9conomique r\u00e9gionale, avec un r\u00f4le central pour les investissements am\u00e9ricains.<\/p>\n<p>Donald Trump a soulign\u00e9 que son engagement dans ce processus \u00e9tait motiv\u00e9 par des raisons humanitaires, et non par des int\u00e9r\u00eats g\u00e9opolitiques. \u00ab Je n\u2019ai aucun lien avec le Rwanda ni le Congo, mais j\u2019ai envoy\u00e9 une personne talentueuse sur le terrain, qui a accompli un travail remarquable. Je souhaite sauver la vie de chaque Africain, o\u00f9 qu\u2019ils soient \u00bb, a-t-il d\u00e9clar\u00e9.<\/p>\n<p>{{Cyril Ramaphosa salue l\u2019engagement am\u00e9ricain}}<\/p>\n<p>Le pr\u00e9sident sud-africain Cyril Ramaphosa a salu\u00e9 l\u2019implication des \u00c9tats-Unis dans le processus de paix, rappelant que la Communaut\u00e9 de d\u00e9veloppement de l\u2019Afrique australe (SADC) avait r\u00e9cemment retir\u00e9 ses troupes de l\u2019est de la RDC pour faciliter les progr\u00e8s diplomatiques.<\/p>\n<p>Sa visite \u00e0 Washington a pour objectif, r\u00e9chauffer les relations entre l\u2019Afrique du Sud et les \u00c9tats-Unis, apr\u00e8s une p\u00e9riode de tensions li\u00e9es \u00e0 des accusations de violences raciales, qui avaient conduit Donald Trump \u00e0 envisager d\u2019accorder l\u2019asile \u00e0 des fermiers blancs sud-africains.<\/p>\n<p>Malgr\u00e9 quelques d\u00e9saccords, notamment sur le \u00ab g\u00e9nocide des Blancs \u00bb r\u00e9guli\u00e8rement \u00e9voqu\u00e9 par le pr\u00e9sident am\u00e9ricain, Ramaphosa a qualifi\u00e9 la r\u00e9union de \u00ab grand succ\u00e8s \u00bb, soulignant l\u2019ouverture de nouveaux dialogues et des perspectives commerciales renforc\u00e9es.<\/p>\n<p>\u00c0 l\u2019approche de la &#8220;Journ\u00e9e dedi\u00e9 \u00e0 l\u2019Afrique&#8221;, pr\u00e9vue pour le 25 mai prochain, Trump a adress\u00e9 un message de paix et de prosp\u00e9rit\u00e9 au continent :<\/p>\n<p>\u00ab Je souhaite paix, bonheur et sant\u00e9 \u00e0 tous. Vous poss\u00e9dez une terre d\u2019une richesse exceptionnelle. Nous avons r\u00e9ussi \u00e0 r\u00e9soudre un conflit qui durait depuis plusieurs ann\u00e9es entre le Rwanda et le Congo \u00bb, a-t-il conclu.<\/p>\n<figure class=\"spip-document spip-document-61372 aligncenter\"><img decoding=\"async\" src=\"https:\/\/fr.igihe.com\/IMG\/png\/tr.png\" alt=\"Donald Trump a salu\u00e9 les avanc\u00e9es qu\u2019il juge &quot;tr\u00e8s prometteuses&quot; dans le processus de m\u00e9diation de paix entre le Rwanda et la RDC\" \/><\/figure>\n","protected":false},"excerpt":{"rendered":"<p>\u00c0 l\u2019occasion d\u2019une rencontre \u00e0 la Maison-Blanche, ce mercredi 21 mai 2025, avec son homologue sud-africain Cyril Ramaphosa, le pr\u00e9sident am\u00e9ricain Donald Trump a salu\u00e9 les avanc\u00e9es qu\u2019il juge &#8220;tr\u00e8s prometteuses&#8221; dans le processus de m\u00e9diation de paix entre le Rwanda et la R\u00e9publique d\u00e9mocratique du Congo.<\/p>\n","protected":false},"author":488,"featured_media":4000061371,"comment_status":"open","ping_status":"open","sticky":false,"template":"","format":"standard","meta":{"footnotes":""},"categories":[7544],"tags":[7605],"byline":[9865],"hashtag":[],"class_list":["post-37712","post","type-post","status-publish","format-standard","has-post-thumbnail","hentry","category-politique","tag-homenews","byline-alain-bertrand-tunezerwe"],"bylines":[{"id":9865,"name":"Alain Bertrand Tunezerwe","slug":"alain-bertrand-tunezerwe","description":"","image":{"id":0,"url":"https:\/\/secure.gravatar.com\/avatar\/?s=96&d=mm&f=y&r=g","alt":"Default avatar","title":"Default avatar","caption":"","mime_type":"image\/jpeg","sizes":[]},"user_id":452}],"contributors":[{"id":9865,"name":"Alain Bertrand Tunezerwe","slug":"alain-bertrand-tunezerwe","description":"","image":{"id":0,"url":"https:\/\/secure.gravatar.com\/avatar\/?s=96&d=mm&f=y&r=g","alt":"Default avatar","title":"Default avatar","caption":"","mime_type":"image\/jpeg","sizes":[]},"user_id":452}],"featured_image":{"id":4000061371,"url":"https:\/\/fr-images.igihe.com\/IMG\/logo\/tr_cp.png","alt":"","caption":"","mime_type":"image\/png","width":0,"height":0,"sizes":{"thumbnail":{"url":"https:\/\/fr-images.igihe.com\/IMG\/logo\/tr_cp.png","width":1,"height":1},"medium":{"url":"https:\/\/fr-images.igihe.com\/IMG\/logo\/tr_cp.png","width":1,"height":1},"medium_large":{"url":"https:\/\/fr-images.igihe.com\/IMG\/logo\/tr_cp.png","width":1,"height":1},"large":{"url":"https:\/\/fr-images.igihe.com\/IMG\/logo\/tr_cp.png","width":1,"height":1},"full":{"url":"https:\/\/fr-images.igihe.com\/IMG\/logo\/tr_cp.png","width":0,"height":0}}},"_links":{"self":[{"href":"https:\/\/new.igihe.com\/french\/wp-json\/wp\/v2\/posts\/37712","targetHints":{"allow":["GET"]}}],"collection":[{"href":"https:\/\/new.igihe.com\/french\/wp-json\/wp\/v2\/posts"}],"about":[{"href":"https:\/\/new.igihe.com\/french\/wp-json\/wp\/v2\/types\/post"}],"author":[{"embeddable":true,"href":"https:\/\/new.igihe.com\/french\/wp-json\/wp\/v2\/users\/488"}],"replies":[{"embeddable":true,"href":"https:\/\/new.igihe.com\/french\/wp-json\/wp\/v2\/comments?post=37712"}],"version-history":[{"count":0,"href":"https:\/\/new.igihe.com\/french\/wp-json\/wp\/v2\/posts\/37712\/revisions"}],"wp:featuredmedia":[{"embeddable":true,"href":"https:\/\/new.igihe.com\/french\/wp-json\/wp\/v2\/media\/4000061371"}],"wp:attachment":[{"href":"https:\/\/new.igihe.com\/french\/wp-json\/wp\/v2\/media?parent=37712"}],"wp:term":[{"taxonomy":"category","embeddable":true,"href":"https:\/\/new.igihe.com\/french\/wp-json\/wp\/v2\/categories?post=37712"},{"taxonomy":"post_tag","embeddable":true,"href":"https:\/\/new.igihe.com\/french\/wp-json\/wp\/v2\/tags?post=37712"},{"taxonomy":"byline","embeddable":true,"href":"https:\/\/new.igihe.com\/french\/wp-json\/wp\/v2\/byline?post=37712"},{"taxonomy":"hashtag","embeddable":true,"href":"https:\/\/new.igihe.com\/french\/wp-json\/wp\/v2\/hashtag?post=37712"}],"curies":[{"name":"wp","href":"https:\/\/api.w.org\/{rel}","templated":true}]}}