{"id":37710,"date":"2025-05-22T10:54:44","date_gmt":"2025-05-22T10:54:44","guid":{"rendered":"https:\/\/new.igihe.com\/french\/Retour-de-flammes-pour-Constant-Mutamba-37710\/"},"modified":"2025-05-22T10:54:38","modified_gmt":"2025-05-22T10:54:38","slug":"Retour-de-flammes-pour-Constant-Mutamba","status":"publish","type":"post","link":"https:\/\/new.igihe.com\/french\/Retour-de-flammes-pour-Constant-Mutamba\/","title":{"rendered":"Retour de flammes pour Constant Mutamba"},"content":{"rendered":"<p>Sa parole \u00e9tait tranchante, son z\u00e8le intransigeant, sa posture empreinte de cette aust\u00e9rit\u00e9 qu\u2019affichent ceux qui veulent croire, ou faire croire, qu\u2019ils incarnent la rigueur r\u00e9demptrice de la chose publique. Et pourtant, c\u2019est ce justicier de circonstance, ce contempteur infatigable de la m\u00e9diocrit\u00e9 morale, qui chancelle aujourd\u2019hui dans les rets d\u2019une affaire de d\u00e9tournement aux allures de naufrage \u00e9thique. Il aura suffi d\u2019un faux pas ou d\u2019une trahison prolong\u00e9e des id\u00e9aux qu\u2019il clamait pour que le masque tombe et que l\u2019imposture pr\u00e9sum\u00e9e \u00e9clate au grand jour. <\/p>\n<p>En se prenant les pieds dans le tapis des proc\u00e9dures qu\u2019il d\u00e9fendait avec v\u00e9h\u00e9mence, Mutamba ne subit pas seulement le retour du boomerang judiciaire : il devient la figure m\u00eame du reniement, la caricature tragique de ce que produit un exc\u00e8s de z\u00e8le lorsqu\u2019il est d\u00e9pourvu de sinc\u00e9rit\u00e9.<\/p>\n<p>L\u2019actualit\u00e9 congolaise est, ces jours-ci, travers\u00e9e par un frisson politique d\u2019une intensit\u00e9 rare, o\u00f9 se m\u00ealent soup\u00e7on de concussion, effritement de l\u2019autorit\u00e9 morale et vacillement des rep\u00e8res institutionnels. <\/p>\n<p>Le cas Constant Mutamba, ministre d\u2019\u00c9tat en charge de la Justice, en constitue l\u2019\u00e9picentre flamboyant. Annonc\u00e9 pour audition devant le Conseil national de s\u00e9curit\u00e9, convoqu\u00e9 dans un contexte de fortes pr\u00e9somptions de d\u00e9tournement de fonds publics pr\u00e9cis\u00e9ment 39 millions de dollars allou\u00e9s \u00e0 la construction d\u2019un \u00e9tablissement p\u00e9nitentiaire \u00e0 Kisangani, le ministre est soudain devenu une \u00e9nigme mobile : introuvable \u00e0 son domicile, invisible dans son bureau, volatilis\u00e9 jusque dans les recoins de ses habitudes sportives. L\u2019homme qui se voulait parangon de rigueur et de verticalit\u00e9 institutionnelle est d\u00e9sormais dans le collimateur de la justice qu\u2019il incarnait.<\/p>\n<p>Dans un geste d\u2019une gravit\u00e9 institutionnelle notable, le Procureur g\u00e9n\u00e9ral pr\u00e8s la Cour de cassation a saisi l\u2019Assembl\u00e9e nationale pour obtenir l\u2019autorisation de poursuites, ouvrant ainsi une s\u00e9quence juridico-politique qui pourrait bien red\u00e9finir les \u00e9quilibres au sein du pouvoir ex\u00e9cutif. <\/p>\n<p>L\u2019h\u00e9micycle, agissant avec une prudence toute proc\u00e9durale, a d\u00e9cid\u00e9 de la mise en place d\u2019une commission sp\u00e9ciale charg\u00e9e d\u2019auditionner le ministre Mutamba avant de statuer sur l\u2019opportunit\u00e9 de l&#8217;ouverture d&#8217;une information judiciaire \u00e0 son encontre.<\/p>\n<p>Cette affaire, au-del\u00e0 de ses ar\u00eates factuelles, r\u00e9v\u00e8le une tension centrale dans l\u2019architecture gouvernementale : la justice peut-elle r\u00e9ellement se hisser au-dessus des hommes qui pr\u00e9tendent la gouverner ? Peut-elle, dans une \u00e9poque satur\u00e9e de cynisme et d\u2019impunit\u00e9, instruire un dossier qui implique l\u2019un des plus hauts symboles de la r\u00e9gulation \u00e9thique de la vie publique ? Ou s\u2019inclinera-t-elle, une fois de plus, devant le totem de la raison d\u2019\u00c9tat travestie en immunit\u00e9 politique ?<\/p>\n<p>Le cas Mutamba agit ainsi comme une loupe grossissante sur les paradoxes de la gouvernance congolaise. Il met \u00e0 nu un syst\u00e8me o\u00f9 les fronti\u00e8res entre magistrature et ex\u00e9cutif sont encore trop poreuses, o\u00f9 la culture de l\u2019exemplarit\u00e9 peine \u00e0 prendre racine, et o\u00f9 l\u2019\u00c9tat de droit, souvent proclam\u00e9, reste \u00e0 instituer. <\/p>\n<p>Que le ministre de la Justice lui-m\u00eame soit soup\u00e7onn\u00e9 de d\u00e9tournement dans un secteur aussi sensible que celui de l\u2019infrastructure p\u00e9nitentiaire rev\u00eat une dimension presque tragique, relevant d\u2019un th\u00e9\u00e2tre politique o\u00f9 l\u2019ironie le dispute \u00e0 l\u2019infamie.<\/p>\n<p>Mais le plus inqui\u00e9tant, peut-\u00eatre, r\u00e9side dans ce que cette affaire dit de l\u2019usage de l\u2019invisibilit\u00e9 comme arme de d\u00e9fense politique. L\u2019absence physique de Constant Mutamba, dans une s\u00e9quence o\u00f9 la comparution aurait pu \u00eatre l\u2019occasion d\u2019un plaidoyer de v\u00e9rit\u00e9, signale un effritement du pacte r\u00e9publicain. Dans un \u00c9tat de droit digne de ce nom, l\u2019homme public ne se d\u00e9robe pas ; il s\u2019explique, il assume, il affronte les faits f\u00fbt-ce au prix de sa chute.<br \/>\nC\u2019est ici que se joue, en profondeur, un enjeu d\u2019autorit\u00e9 morale. Le r\u00e9gime en place, dont le discours volontariste sur la lutte contre la corruption s\u2019est fait l\u2019un des axes rh\u00e9toriques majeurs, se trouve face \u00e0 une alternative cruciale : soit il choisit de prot\u00e9ger un de ses symboles au nom de calculs d\u2019\u00e9quilibre politique ; soit il laisse la justice suivre son cours, affirmant ainsi, par les faits, que nul n\u2019est au-dessus de la loi. Dans cette affaire, ce n\u2019est pas seulement Constant Mutamba qui est en cause, mais bien la cr\u00e9dibilit\u00e9 de l\u2019\u00c9tat tout entier.<\/p>\n<p>Qu\u2019il s\u2019agisse d\u2019un retour de flamme ou d\u2019un coup de tonnerre institutionnel, cette s\u00e9quence met \u00e0 nu les failles de l\u2019\u00e9difice r\u00e9publicain et appelle \u00e0 une refondation de l\u2019\u00e9thique publique.<br \/>\nL\u2019Histoire jugera s\u00e9v\u00e8rement les \u00e9lites qui auront pr\u00e9f\u00e9r\u00e9 la fuite au courage, le silence \u00e0 la transparence, la compromission \u00e0 l\u2019\u00e9l\u00e9vation. Car si le pouvoir corrompt, l\u2019impunit\u00e9, elle, gangr\u00e8ne\u00a0l\u2019avenir.<\/p>\n<figure class=\"spip-document spip-document-61368 aligncenter\"><img decoding=\"async\" src=\"https:\/\/fr.igihe.com\/IMG\/jpg\/cm-3.jpg\" alt=\"C\u2019est l\u2019ironie cruelle de l\u2019histoire : Constant Mutamba, procureur autoproclam\u00e9 de la morale publique, rattrap\u00e9 par les m\u00eames ombres qu\u2019il d\u00e9non\u00e7ait\" \/><\/figure>\n","protected":false},"excerpt":{"rendered":"<p>C\u2019est, en somme, l\u2019ironie cruelle de l\u2019histoire qui s\u2019\u00e9crit sous nos yeux : celle de l\u2019arroseur arros\u00e9, de ce procureur de la morale publique soudain rattrap\u00e9 par les ombres m\u00eames qu\u2019il pr\u00e9tendait exorciser. Constant Mutamba, chantre autoproclam\u00e9 de la vertu r\u00e9publicaine, h\u00e9raut inflexible de l\u2019orthodoxie juridique, s\u2019\u00e9tait fa\u00e7onn\u00e9 l\u2019image d\u2019un chevalier blanc, brandissant l\u2019\u00e9tendard de l\u2019\u00e9thique dans un paysage politique gangren\u00e9 par le client\u00e9lisme et la pr\u00e9dation. <\/p>\n","protected":false},"author":488,"featured_media":4000061367,"comment_status":"open","ping_status":"open","sticky":false,"template":"","format":"standard","meta":{"footnotes":""},"categories":[7544],"tags":[7605],"byline":[9102],"hashtag":[],"class_list":["post-37710","post","type-post","status-publish","format-standard","has-post-thumbnail","hentry","category-politique","tag-homenews","byline-tite-gatabazi"],"bylines":[{"id":9102,"name":"Tite Gatabazi","slug":"tite-gatabazi","description":"","image":{"id":0,"url":"https:\/\/secure.gravatar.com\/avatar\/?s=96&d=mm&f=y&r=g","alt":"Default avatar","title":"Default avatar","caption":"","mime_type":"image\/jpeg","sizes":[]},"user_id":472}],"contributors":[{"id":9102,"name":"Tite Gatabazi","slug":"tite-gatabazi","description":"","image":{"id":0,"url":"https:\/\/secure.gravatar.com\/avatar\/?s=96&d=mm&f=y&r=g","alt":"Default avatar","title":"Default avatar","caption":"","mime_type":"image\/jpeg","sizes":[]},"user_id":472}],"featured_image":{"id":4000061367,"url":"https:\/\/fr-images.igihe.com\/IMG\/logo\/cm_cp-2.jpg","alt":"","caption":"","mime_type":"image\/jpeg","width":0,"height":0,"sizes":{"thumbnail":{"url":"https:\/\/fr-images.igihe.com\/IMG\/logo\/cm_cp-2.jpg","width":1,"height":1},"medium":{"url":"https:\/\/fr-images.igihe.com\/IMG\/logo\/cm_cp-2.jpg","width":1,"height":1},"medium_large":{"url":"https:\/\/fr-images.igihe.com\/IMG\/logo\/cm_cp-2.jpg","width":1,"height":1},"large":{"url":"https:\/\/fr-images.igihe.com\/IMG\/logo\/cm_cp-2.jpg","width":1,"height":1},"full":{"url":"https:\/\/fr-images.igihe.com\/IMG\/logo\/cm_cp-2.jpg","width":0,"height":0}}},"_links":{"self":[{"href":"https:\/\/new.igihe.com\/french\/wp-json\/wp\/v2\/posts\/37710","targetHints":{"allow":["GET"]}}],"collection":[{"href":"https:\/\/new.igihe.com\/french\/wp-json\/wp\/v2\/posts"}],"about":[{"href":"https:\/\/new.igihe.com\/french\/wp-json\/wp\/v2\/types\/post"}],"author":[{"embeddable":true,"href":"https:\/\/new.igihe.com\/french\/wp-json\/wp\/v2\/users\/488"}],"replies":[{"embeddable":true,"href":"https:\/\/new.igihe.com\/french\/wp-json\/wp\/v2\/comments?post=37710"}],"version-history":[{"count":0,"href":"https:\/\/new.igihe.com\/french\/wp-json\/wp\/v2\/posts\/37710\/revisions"}],"wp:featuredmedia":[{"embeddable":true,"href":"https:\/\/new.igihe.com\/french\/wp-json\/wp\/v2\/media\/4000061367"}],"wp:attachment":[{"href":"https:\/\/new.igihe.com\/french\/wp-json\/wp\/v2\/media?parent=37710"}],"wp:term":[{"taxonomy":"category","embeddable":true,"href":"https:\/\/new.igihe.com\/french\/wp-json\/wp\/v2\/categories?post=37710"},{"taxonomy":"post_tag","embeddable":true,"href":"https:\/\/new.igihe.com\/french\/wp-json\/wp\/v2\/tags?post=37710"},{"taxonomy":"byline","embeddable":true,"href":"https:\/\/new.igihe.com\/french\/wp-json\/wp\/v2\/byline?post=37710"},{"taxonomy":"hashtag","embeddable":true,"href":"https:\/\/new.igihe.com\/french\/wp-json\/wp\/v2\/hashtag?post=37710"}],"curies":[{"name":"wp","href":"https:\/\/api.w.org\/{rel}","templated":true}]}}