{"id":37704,"date":"2025-05-21T13:37:14","date_gmt":"2025-05-21T13:37:14","guid":{"rendered":"https:\/\/new.igihe.com\/french\/La-diplomatie-vaticane-au-service-de-la-paix-37704\/"},"modified":"2025-05-21T13:37:40","modified_gmt":"2025-05-21T13:37:40","slug":"La-diplomatie-vaticane-au-service-de-la-paix","status":"publish","type":"post","link":"https:\/\/new.igihe.com\/french\/La-diplomatie-vaticane-au-service-de-la-paix\/","title":{"rendered":"La diplomatie vaticane au service de la paix"},"content":{"rendered":"<p>La Premi\u00e8re ministre italienne, Giorgia Meloni, a en effet r\u00e9v\u00e9l\u00e9 que le Souverain Pontife, L\u00e9on XIV, lui aurait r\u00e9cemment confirm\u00e9 sa volont\u00e9 ferme d\u2019accueillir sur le sol du Saint-Si\u00e8ge des n\u00e9gociations de paix entre les bellig\u00e9rants, au terme d\u2019un entretien t\u00e9l\u00e9phonique intervenu \u00e0 la demande de plusieurs dirigeants occidentaux.<\/p>\n<p>Ce geste, empreint d\u2019une gravit\u00e9 toute spirituelle, r\u00e9active un pan trop souvent m\u00e9connu de l\u2019histoire diplomatique contemporaine : le r\u00f4le du Vatican en tant qu\u2019acteur m\u00e9diateur au sein des grandes convulsions g\u00e9opolitiques de notre \u00e9poque. Car derri\u00e8re l\u2019aura morale du Si\u00e8ge apostolique se d\u00e9ploie une diplomatie singuli\u00e8re, forg\u00e9e dans le silence, l\u2019endurance, et le refus de toute vaine ostentation. <\/p>\n<p>La Secr\u00e9tairerie d\u2019\u00c9tat du Saint-Si\u00e8ge, qui chapeaute cette \u0153uvre patiente de discernement et d\u2019intercession, travaille en effet selon des logiques profond\u00e9ment \u00e9trang\u00e8res aux chancelleries profanes : elle privil\u00e9gie la discr\u00e9tion \u00e0 la d\u00e9claration, la permanence aux volte-face, l\u2019autorit\u00e9 morale au pouvoir coercitif.<\/p>\n<p>L\u2019annonce de cette possible m\u00e9diation pontificale, survenue au lendemain d\u2019un encha\u00eenement d\u2019entretiens entre Donald Trump, Vladimir Poutine, Emmanuel Macron, Volodymyr Zelensky, Alexander Stubb, Friedrich Merz et Ursula von der Leyen, t\u00e9moigne d\u2019un retour en gr\u00e2ce de la papaut\u00e9 comme lieu de neutralit\u00e9 sacr\u00e9e dans un monde diplomatique gangr\u00e9n\u00e9 par les int\u00e9r\u00eats contradictoires. <\/p>\n<p>La Premi\u00e8re ministre italienne a exprim\u00e9 la gratitude des dirigeants occidentaux pour cette disponibilit\u00e9 du Saint-P\u00e8re, laquelle s&#8217;inscrit dans la continuit\u00e9 d\u2019un engagement pastoral constant en faveur de la paix universelle.<\/p>\n<p>Il convient ici de rappeler que la diplomatie vaticane ne saurait se r\u00e9sumer \u00e0 de simples gestes symboliques. Elle s\u2019inscrit dans une tradition s\u00e9culaire qui a, contre toute attente, forg\u00e9 d\u2019authentiques succ\u00e8s dans les coulisses de l\u2019Histoire. <\/p>\n<p>L\u2019Accord de Beagle entre l\u2019Argentine et le Chili en 1984, n\u00e9goci\u00e9 sous l\u2019\u00e9gide du pape Jean-Paul II, permit d\u2019\u00e9viter une guerre frontali\u00e8re imminente. Plus r\u00e9cemment, le r\u00f4le du Vatican fut d\u00e9terminant dans le processus de rapprochement entre les \u00c9tats-Unis et Cuba, ayant contribu\u00e9 \u00e0 la reprise des relations diplomatiques entre les deux nations en 2014. <\/p>\n<p>Ce sont l\u00e0 les fruits d\u2019une strat\u00e9gie fond\u00e9e sur la l\u00e9gitimit\u00e9 morale, l\u2019ind\u00e9pendance politique et la vocation universelle d\u2019un \u00c9tat singulier : le plus petit du monde, mais l\u2019un des plus anciens et des plus influents dans la gestion des \u00e9quilibres globaux.<\/p>\n<p>Ce n\u2019est donc pas un hasard si, en cette heure grave pour l\u2019Europe, les puissances mondiales se tournent vers Rome, lieu d\u2019universalit\u00e9 par excellence, d\u00e9gag\u00e9 des contingences \u00e9conomiques ou militaires. Lieu o\u00f9 la parole n\u2019est jamais arm\u00e9e, mais toujours investie d\u2019une autorit\u00e9 spirituelle unique, celle qui transcende les antagonismes et convoque les consciences.<\/p>\n<p>L\u00e9on XIV, fid\u00e8le \u00e0 l\u2019esprit de ses pr\u00e9d\u00e9cesseurs, appara\u00eet ainsi comme le continuateur d\u2019une diplomatie de la paix fond\u00e9e sur les principes de justice, de pardon et de r\u00e9conciliation. Le Vatican, en accueillant de possibles n\u00e9gociations sur l\u2019Ukraine, ne se pose pas en arbitre des \u00e9quilibres g\u00e9ostrat\u00e9giques, mais en gardien d\u2019une esp\u00e9rance plus haute : celle d\u2019une paix non impos\u00e9e par la force, mais construite dans la v\u00e9rit\u00e9 et le dialogue.<\/p>\n<p>Dans un monde o\u00f9 la parole est souvent d\u00e9valu\u00e9e, le Saint-Si\u00e8ge offre le t\u00e9moignage d\u2019une diplomatie fond\u00e9e non sur le calcul mais sur la conscience, non sur la domination mais sur la sollicitude. <\/p>\n<p>C\u2019est peut-\u00eatre l\u00e0, dans cette singularit\u00e9 absolue, que r\u00e9side sa force : \u00eatre le lieu ultime o\u00f9 l\u2019homme, m\u00eame accabl\u00e9 par la guerre, peut encore \u00eatre \u00e9cout\u00e9 non comme un ennemi, mais\u00a0comme\u00a0un\u00a0fr\u00e8re.<\/p>\n<figure class=\"spip-document spip-document-61334 aligncenter\"><img decoding=\"async\" src=\"https:\/\/fr.igihe.com\/IMG\/jpg\/pp-3.jpg\" alt=\"Alors que les fracas de la guerre continuent de retentir sur les terres meurtries d\u2019Ukraine, une lueur d\u2019esp\u00e9rance semble poindre depuis les hauteurs du Vatican\" \/><\/figure>\n","protected":false},"excerpt":{"rendered":"<p>Alors que les fracas de la guerre continuent de retentir sur les terres meurtries d\u2019Ukraine, une lueur d\u2019esp\u00e9rance semble poindre depuis les hauteurs du Vatican. A Rome, entre les colonnades silencieuses de la place Saint-Pierre, pourrait bient\u00f4t se jouer une s\u00e9quence d\u00e9cisive dans la qu\u00eate d\u2019un cessez-le-feu durable. <\/p>\n","protected":false},"author":488,"featured_media":4000061333,"comment_status":"open","ping_status":"open","sticky":false,"template":"","format":"standard","meta":{"footnotes":""},"categories":[7541],"tags":[7605],"byline":[9102],"hashtag":[],"class_list":["post-37704","post","type-post","status-publish","format-standard","has-post-thumbnail","hentry","category-religion","tag-homenews","byline-tite-gatabazi"],"bylines":[{"id":9102,"name":"Tite Gatabazi","slug":"tite-gatabazi","description":"","image":{"id":0,"url":"https:\/\/secure.gravatar.com\/avatar\/?s=96&d=mm&f=y&r=g","alt":"Default avatar","title":"Default avatar","caption":"","mime_type":"image\/jpeg","sizes":[]},"user_id":472}],"contributors":[{"id":9102,"name":"Tite Gatabazi","slug":"tite-gatabazi","description":"","image":{"id":0,"url":"https:\/\/secure.gravatar.com\/avatar\/?s=96&d=mm&f=y&r=g","alt":"Default avatar","title":"Default avatar","caption":"","mime_type":"image\/jpeg","sizes":[]},"user_id":472}],"featured_image":{"id":4000061333,"url":"https:\/\/fr-images.igihe.com\/IMG\/logo\/pp_cp-2.jpg","alt":"","caption":"","mime_type":"image\/jpeg","width":0,"height":0,"sizes":{"thumbnail":{"url":"https:\/\/fr-images.igihe.com\/IMG\/logo\/pp_cp-2.jpg","width":1,"height":1},"medium":{"url":"https:\/\/fr-images.igihe.com\/IMG\/logo\/pp_cp-2.jpg","width":1,"height":1},"medium_large":{"url":"https:\/\/fr-images.igihe.com\/IMG\/logo\/pp_cp-2.jpg","width":1,"height":1},"large":{"url":"https:\/\/fr-images.igihe.com\/IMG\/logo\/pp_cp-2.jpg","width":1,"height":1},"full":{"url":"https:\/\/fr-images.igihe.com\/IMG\/logo\/pp_cp-2.jpg","width":0,"height":0}}},"_links":{"self":[{"href":"https:\/\/new.igihe.com\/french\/wp-json\/wp\/v2\/posts\/37704","targetHints":{"allow":["GET"]}}],"collection":[{"href":"https:\/\/new.igihe.com\/french\/wp-json\/wp\/v2\/posts"}],"about":[{"href":"https:\/\/new.igihe.com\/french\/wp-json\/wp\/v2\/types\/post"}],"author":[{"embeddable":true,"href":"https:\/\/new.igihe.com\/french\/wp-json\/wp\/v2\/users\/488"}],"replies":[{"embeddable":true,"href":"https:\/\/new.igihe.com\/french\/wp-json\/wp\/v2\/comments?post=37704"}],"version-history":[{"count":0,"href":"https:\/\/new.igihe.com\/french\/wp-json\/wp\/v2\/posts\/37704\/revisions"}],"wp:featuredmedia":[{"embeddable":true,"href":"https:\/\/new.igihe.com\/french\/wp-json\/wp\/v2\/media\/4000061333"}],"wp:attachment":[{"href":"https:\/\/new.igihe.com\/french\/wp-json\/wp\/v2\/media?parent=37704"}],"wp:term":[{"taxonomy":"category","embeddable":true,"href":"https:\/\/new.igihe.com\/french\/wp-json\/wp\/v2\/categories?post=37704"},{"taxonomy":"post_tag","embeddable":true,"href":"https:\/\/new.igihe.com\/french\/wp-json\/wp\/v2\/tags?post=37704"},{"taxonomy":"byline","embeddable":true,"href":"https:\/\/new.igihe.com\/french\/wp-json\/wp\/v2\/byline?post=37704"},{"taxonomy":"hashtag","embeddable":true,"href":"https:\/\/new.igihe.com\/french\/wp-json\/wp\/v2\/hashtag?post=37704"}],"curies":[{"name":"wp","href":"https:\/\/api.w.org\/{rel}","templated":true}]}}