{"id":37703,"date":"2025-05-21T13:34:39","date_gmt":"2025-05-21T13:34:39","guid":{"rendered":"https:\/\/new.igihe.com\/french\/Le-Paris-Saint-Germain-a-rendez-vous-avec-l-histoire-37703\/"},"modified":"2025-05-21T13:30:45","modified_gmt":"2025-05-21T13:30:45","slug":"Le-Paris-Saint-Germain-a-rendez-vous-avec-l-histoire","status":"publish","type":"post","link":"https:\/\/new.igihe.com\/french\/Le-Paris-Saint-Germain-a-rendez-vous-avec-l-histoire\/","title":{"rendered":"Le Paris Saint Germain a rendez-vous avec l\u2019histoire"},"content":{"rendered":"<p>Une apoth\u00e9ose tant attendue, une cons\u00e9cration en suspens, un r\u00eave devenu tangible pour des g\u00e9n\u00e9rations enti\u00e8res de passionn\u00e9s, de Boulogne-Billancourt \u00e0 Bondy, de Marseille \u00e0 Lille, de Lyon jusqu\u2019\u00e0 Maisons-Alfort.<\/p>\n<p>Face \u00e0 la ferveur populaire, et \u00e0 l\u2019in\u00e9vitable frustration qu\u2019engendre la raret\u00e9 des pr\u00e9cieux s\u00e9sames donnant acc\u00e8s \u00e0 l\u2019Allianz Arena de Munich, sanctuaire du football europ\u00e9en, le club de la capitale a pris une d\u00e9cision empreinte de solennit\u00e9 : permettre \u00e0 ceux rest\u00e9s \u00e0 Paris de communier ensemble, au c\u0153ur m\u00eame du Parc des Princes, dans une ambiance que l\u2019on promet incandescente. <\/p>\n<p>Des \u00e9crans g\u00e9ants seront dress\u00e9s, les trav\u00e9es du stade s\u2019illumineront non d\u2019un match, mais d\u2019une liturgie partag\u00e9e, o\u00f9 chaque regard tendu vers l\u2019\u00e9cran traduira l\u2019esp\u00e9rance collective d\u2019un sacre longtemps r\u00eav\u00e9.<\/p>\n<p>Le Paris Saint-Germain, conscient de l\u2019explosion in\u00e9dite de la demande, a ainsi organis\u00e9 cette retransmission magistrale dans son antre historique. Les places, commercialis\u00e9es entre dix et quarante euros, seront attribu\u00e9es selon une tarification \u00e9chelonn\u00e9e, permettant au plus grand nombre d\u2019acc\u00e9der \u00e0 cette exp\u00e9rience hors du commun. <\/p>\n<p>Le club, dans un courrier adress\u00e9 \u00e0 ses fid\u00e8les abonn\u00e9s, a rappel\u00e9 les circonstances exceptionnelles qui l&#8217;ont conduit \u00e0 ce choix : \u00ab La demande exceptionnelle et le nombre tr\u00e8s limit\u00e9 de billets pour Munich n\u2019ont malheureusement pas permis \u00e0 tous de prendre part \u00e0 cette \u00e9pop\u00e9e. <\/p>\n<p>Le Paris Saint-Germain souhaite n\u00e9anmoins faire vivre cette finale de mani\u00e8re inoubliable \u00e0 tous ceux qui vibrent pour ses couleurs. \u00bb<\/p>\n<p>Car il ne s&#8217;agit pas d&#8217;un simple match. Il s&#8217;agit d\u2019un instant suspendu dans la m\u00e9moire du sport roi, d\u2019un moment o\u00f9 le football transcende ses propres limites, devenant \u00e0 la fois lien social, pri\u00e8re profane, et miroir des \u00e9motions les plus profondes. <\/p>\n<p>Cette finale cristallise trente ans d\u2019attente, d\u2019espoirs d\u00e9\u00e7us, de reconstructions, de m\u00e9tamorphoses. Elle incarne l\u2019aboutissement d\u2019un projet, la quintessence d\u2019une ambition port\u00e9e au pinacle. Ce 31 mai, la France enti\u00e8re, du moindre bistrot de quartier aux plus grands boulevards illumin\u00e9s, respirera \u00e0 l\u2019unisson avec ses onze repr\u00e9sentants sur le terrain.<\/p>\n<p>L\u00e0 o\u00f9 l\u2019UEFA n\u2019a pu contenter qu\u2019une infime partie des supporters en n\u2019attribuant que 18.000 places par club finaliste choix qui a suscit\u00e9 un march\u00e9 parall\u00e8le aussi ill\u00e9gal que cyniquement sp\u00e9culatif, le PSG, lui, entend f\u00e9d\u00e9rer. R\u00e9unir. Tisser une trame de communion populaire au-del\u00e0 des murs, des classes, des origines.<\/p>\n<p>Ce soir-l\u00e0, le football sera plus qu\u2019un sport : il sera une passion nationale. Il se fera clameur, silence, battement de c\u0153ur, larmes retenues et cris de victoire. Il jaillira des \u00e9crans g\u00e9ants du Parc des Princes comme il s\u2019\u00e9l\u00e8vera des fen\u00eatres des banlieues et des terrasses des centres-villes. <\/p>\n<p>Une France rassembl\u00e9e autour d\u2019un ballon rond, esp\u00e9rant l\u2019\u00e9closion de son premier roi d\u2019Europe. Et si le destin choisit enfin de couronner Paris, nul doute que l\u2019onde d\u2019\u00e9motion balaiera tout sur son passage, des collines de Montmartre aux rivages m\u00e9diterran\u00e9ens, des plaines de la Beauce aux rames bond\u00e9es du m\u00e9tro. Le sport roi aura trouv\u00e9 sa nuit\u00a0d\u2019\u00e9ternit\u00e9.<\/p>\n<figure class=\"spip-document spip-document-61332 aligncenter\"><img decoding=\"async\" src=\"https:\/\/fr.igihe.com\/IMG\/jpg\/psgg.jpg\" alt=\"Le Paris Saint-Germain s\u2019appr\u00eate \u00e0 disputer, pour la premi\u00e8re fois de son existence, la finale de la prestigieuse Ligue des champions\" \/><\/figure>\n","protected":false},"excerpt":{"rendered":"<p>Il est des rendez-vous que l\u2019histoire sanctifie d\u2019avance, des soirs o\u00f9 le destin du sport \u00e9pouse celui d\u2019un peuple tout entier. Le 31 mai prochain, l\u2019Europe du football retiendra son souffle : le Paris Saint-Germain s\u2019appr\u00eate \u00e0 disputer, pour la premi\u00e8re fois de son existence, la finale de la prestigieuse Ligue des champions. <\/p>\n","protected":false},"author":488,"featured_media":4000061330,"comment_status":"open","ping_status":"open","sticky":false,"template":"","format":"standard","meta":{"footnotes":""},"categories":[7536],"tags":[7605],"byline":[9102],"hashtag":[],"class_list":["post-37703","post","type-post","status-publish","format-standard","has-post-thumbnail","hentry","category-sports","tag-homenews","byline-tite-gatabazi"],"bylines":[{"id":9102,"name":"Tite Gatabazi","slug":"tite-gatabazi","description":"","image":{"id":0,"url":"https:\/\/secure.gravatar.com\/avatar\/?s=96&d=mm&f=y&r=g","alt":"Default avatar","title":"Default avatar","caption":"","mime_type":"image\/jpeg","sizes":[]},"user_id":472}],"contributors":[{"id":9102,"name":"Tite Gatabazi","slug":"tite-gatabazi","description":"","image":{"id":0,"url":"https:\/\/secure.gravatar.com\/avatar\/?s=96&d=mm&f=y&r=g","alt":"Default avatar","title":"Default avatar","caption":"","mime_type":"image\/jpeg","sizes":[]},"user_id":472}],"featured_image":{"id":4000061330,"url":"https:\/\/fr-images.igihe.com\/IMG\/logo\/psg_cp.jpg","alt":"","caption":"","mime_type":"image\/jpeg","width":0,"height":0,"sizes":{"thumbnail":{"url":"https:\/\/fr-images.igihe.com\/IMG\/logo\/psg_cp.jpg","width":1,"height":1},"medium":{"url":"https:\/\/fr-images.igihe.com\/IMG\/logo\/psg_cp.jpg","width":1,"height":1},"medium_large":{"url":"https:\/\/fr-images.igihe.com\/IMG\/logo\/psg_cp.jpg","width":1,"height":1},"large":{"url":"https:\/\/fr-images.igihe.com\/IMG\/logo\/psg_cp.jpg","width":1,"height":1},"full":{"url":"https:\/\/fr-images.igihe.com\/IMG\/logo\/psg_cp.jpg","width":0,"height":0}}},"_links":{"self":[{"href":"https:\/\/new.igihe.com\/french\/wp-json\/wp\/v2\/posts\/37703","targetHints":{"allow":["GET"]}}],"collection":[{"href":"https:\/\/new.igihe.com\/french\/wp-json\/wp\/v2\/posts"}],"about":[{"href":"https:\/\/new.igihe.com\/french\/wp-json\/wp\/v2\/types\/post"}],"author":[{"embeddable":true,"href":"https:\/\/new.igihe.com\/french\/wp-json\/wp\/v2\/users\/488"}],"replies":[{"embeddable":true,"href":"https:\/\/new.igihe.com\/french\/wp-json\/wp\/v2\/comments?post=37703"}],"version-history":[{"count":0,"href":"https:\/\/new.igihe.com\/french\/wp-json\/wp\/v2\/posts\/37703\/revisions"}],"wp:featuredmedia":[{"embeddable":true,"href":"https:\/\/new.igihe.com\/french\/wp-json\/wp\/v2\/media\/4000061330"}],"wp:attachment":[{"href":"https:\/\/new.igihe.com\/french\/wp-json\/wp\/v2\/media?parent=37703"}],"wp:term":[{"taxonomy":"category","embeddable":true,"href":"https:\/\/new.igihe.com\/french\/wp-json\/wp\/v2\/categories?post=37703"},{"taxonomy":"post_tag","embeddable":true,"href":"https:\/\/new.igihe.com\/french\/wp-json\/wp\/v2\/tags?post=37703"},{"taxonomy":"byline","embeddable":true,"href":"https:\/\/new.igihe.com\/french\/wp-json\/wp\/v2\/byline?post=37703"},{"taxonomy":"hashtag","embeddable":true,"href":"https:\/\/new.igihe.com\/french\/wp-json\/wp\/v2\/hashtag?post=37703"}],"curies":[{"name":"wp","href":"https:\/\/api.w.org\/{rel}","templated":true}]}}