{"id":37694,"date":"2025-05-20T16:32:09","date_gmt":"2025-05-20T16:32:09","guid":{"rendered":"https:\/\/new.igihe.com\/french\/Vincent-Karega-revient-sur-la-trahison-de-Kayumba-Nyamwasa-et-Patrick-Karegeya-37694\/"},"modified":"2025-05-22T14:07:51","modified_gmt":"2025-05-22T14:07:51","slug":"Vincent-Karega-revient-sur-la-trahison-de-Kayumba-Nyamwasa-et-Patrick-Karegeya","status":"publish","type":"post","link":"https:\/\/new.igihe.com\/french\/Vincent-Karega-revient-sur-la-trahison-de-Kayumba-Nyamwasa-et-Patrick-Karegeya\/","title":{"rendered":"Vincent Karega revient sur la trahison de Kayumba Nyamwasa et Patrick Karegeya"},"content":{"rendered":"<p>Dans une interview accord\u00e9e au journal &#8220;The New Times&#8221;, Vincent Karega a d\u2019abord retrac\u00e9 le contexte historique de la lutte pour la lib\u00e9ration du Rwanda.<\/p>\n<p>\u00ab Lorsque les forces du RPA-Inkotanyi ont lanc\u00e9 la guerre de lib\u00e9ration en octobre 1990, je venais tout juste d\u2019arriver en Afrique du Sud, alors en pleine r\u00e9volution dans le but de mettre fin au r\u00e9gime de l\u2019Apartheid \u00bb, explique-t-il.<\/p>\n<p>La lutte pour la lib\u00e9ration du Rwanda, largement soutenue par de nombreux Rwandais exil\u00e9s \u00e0 travers le continent africain, comptait parmi ses figures militaires des officiers tels que Kayumba Nyamwasa et Patrick Karegeya.<\/p>\n<p>Install\u00e9 dans des pays tels que l\u2019Afrique du Sud, l\u2019Ouganda, l\u2019Eswatini ou encore le Lesotho, Vincent Karega a, avec ses compatriotes, contribu\u00e9 \u00e0 la cr\u00e9ation d\u2019une coalition charg\u00e9e de soutenir les forces engag\u00e9es dans la lutte. Il fut d\u2019ailleurs \u00e9lu pr\u00e9sident de la section locale de la coalition \u00e0 Johannesburg, fonction qu\u2019il occupa de 1992 \u00e0 1993.<\/p>\n<p>\u00ab Nous avons mis en place la coalition du FPR \u00e0 l\u2019aide de fax, d\u2019appels t\u00e9l\u00e9phoniques et de r\u00e9unions \u00bb, t\u00e9moigne-t-il.<\/p>\n<p>Apr\u00e8s la victoire de juillet 1994, Kayumba Nyamwasa et Patrick Karegeya ont acc\u00e9d\u00e9 \u00e0 des postes de haut rang au sein de l\u2019arm\u00e9e rwandaise. Pourtant, ils ont respectivement quitt\u00e9 le pays en 2007 et 2010 pour s\u2019exiler en Afrique du Sud, o\u00f9 ils ont fond\u00e9 le Rwanda National Congress (RNC), un mouvement dont l\u2019objectif d\u00e9clar\u00e9 est le renversement du gouvernement du Rwanda. <\/p>\n<p>Nomm\u00e9 ambassadeur du Rwanda en Afrique du Sud en 2011 \u2014 pays qui h\u00e9bergeait alors les deux d\u00e9serteurs \u2014 Vincent Karega accuse ces anciens officiers d&#8217;avoir nou\u00e9 des liens avec des entit\u00e9s hostiles au Rwanda. Il mentionne notamment les FDLR, responsables du g\u00e9nocide contre les Tutsi en 1994, ainsi que d&#8217;autres groupes d&#8217;opposition bas\u00e9s en Europe et en Am\u00e9rique.<\/p>\n<p>\u00ab Certains, comme Kayumba et Karegeya, se sont rendus coupables de haute trahison envers la nation en s\u2019alliant avec des groupes hostiles au gouvernement du Rwanda. Plus grave encore, ils ont nou\u00e9 des liens \u00e9troits avec les FDLR et d\u2019autres mouvements subversifs \u00e0 l\u2019\u00e9tranger. Certains sont m\u00eame all\u00e9s jusqu&#8217;\u00e0 se r\u00e9fugier en R\u00e9publique d\u00e9mocratique du Congo durant ces p\u00e9riodes critiques \u00bb, d\u00e9clare-t-il.<\/p>\n<p>Malgr\u00e9 cette situation complexe, l&#8217;ambassadeur Karega affirme \u00eatre rest\u00e9 in\u00e9branlable dans son engagement au service de la patrie. \u00ab En tant que diplomate et militant fid\u00e8le du FPR, je n&#8217;ai jamais faibli. M\u00eame face aux difficult\u00e9s, je ne me suis jamais laiss\u00e9 d\u00e9courager \u00bb, confie-t-il, expliquant que son travail en Afrique du Sud lui a permis de mieux comprendre les v\u00e9ritables d\u00e9fis ext\u00e9rieurs auxquels le pays est confront\u00e9.<\/p>\n<p>L\u2019assassinat de Patrick Karegeya, survenu \u00e0 Johannesburg le 31 d\u00e9cembre 2013, a profond\u00e9ment marqu\u00e9 Vincent Karega et a consid\u00e9rablement d\u00e9t\u00e9rior\u00e9 les relations, jusque-l\u00e0 cordiales depuis 1994, entre le Rwanda et l\u2019Afrique du Sud. \u00c0 cette p\u00e9riode, le gouvernement sud-africain avait accus\u00e9 le Rwanda d\u2019\u00eatre impliqu\u00e9 dans cet assassinat, tout en refusant cependant l\u2019ouverture d\u2019une enqu\u00eate.<\/p>\n<p>Karega a expliqu\u00e9 que, lorsqu\u2019il avait l\u2019occasion de s\u2019exprimer durant cette p\u00e9riode, il ne faisait que dire une v\u00e9rit\u00e9 que certains avaient du mal \u00e0 entendre : \u00ab Lorsque j\u2019\u00e9tais invit\u00e9 \u00e0 prendre la parole ou \u00e0 apporter des explications, je d\u00e9voilais une v\u00e9rit\u00e9 qui pouvait heurter les sensibilit\u00e9s ou en surprendre plus d\u2019un. \u00bb<\/p>\n<p>Vincent Karega a servi pendant huit ann\u00e9es en Afrique du Sud avant d\u2019\u00eatre nomm\u00e9, en 2019, repr\u00e9sentant du Rwanda en R\u00e9publique d\u00e9mocratique du Congo.<\/p>\n<figure class=\"spip-document spip-document-61299 aligncenter\"><img decoding=\"async\" src=\"https:\/\/fr.igihe.com\/IMG\/jpg\/kn.jpg\" alt=\"Kayumba Nyamwasa a fui le Rwanda pour aller fonder la coalition RNC\" \/><\/figure>\n<figure class=\"spip-document spip-document-61301 aligncenter\"><img decoding=\"async\" src=\"https:\/\/fr.igihe.com\/IMG\/jpg\/kareg.jpg\" alt=\"Patrick Karegeya s&#039;\u00e9tait \u00e9galement exil\u00e9 en Afrique du Sud\" \/><\/figure>\n<figure class=\"spip-document spip-document-61300 aligncenter\"><img decoding=\"async\" src=\"https:\/\/fr.igihe.com\/IMG\/jpg\/vk.jpg\" alt=\"Vincent Karega, ambassadeur du Rwanda pour la r\u00e9gion des Grands Lacs, a mis en lumi\u00e8re la trahison de Kayumba Nyamwasa et Patrick Karegeya\" \/><\/figure>\n","protected":false},"excerpt":{"rendered":"<p>Vincent Karega, ambassadeur du Rwanda pour la r\u00e9gion des Grands Lacs, a mis en lumi\u00e8re la trahison de Kayumba Nyamwasa et Patrick Karegeya, deux anciens hauts grad\u00e9s de l\u2019arm\u00e9e rwandaise, autrefois figures cl\u00e9s du commandement militaire et s\u00e9curitaire, qui ont par la suite choisi l\u2019exil pour devenir de farouches opposants au gouvernement de Kigali.<\/p>\n","protected":false},"author":488,"featured_media":4000061297,"comment_status":"open","ping_status":"open","sticky":false,"template":"","format":"standard","meta":{"footnotes":""},"categories":[7544],"tags":[7603,7605],"byline":[7717],"hashtag":[],"class_list":["post-37694","post","type-post","status-publish","format-standard","has-post-thumbnail","hentry","category-politique","tag-featured-news-home","tag-homenews","byline-igihe"],"bylines":[{"id":7717,"name":"IGIHE","slug":"igihe","description":"","image":{"id":0,"url":"https:\/\/secure.gravatar.com\/avatar\/?s=96&d=mm&f=y&r=g","alt":"Default avatar","title":"Default avatar","caption":"","mime_type":"image\/jpeg","sizes":[]},"user_id":393}],"contributors":[{"id":7717,"name":"IGIHE","slug":"igihe","description":"","image":{"id":0,"url":"https:\/\/secure.gravatar.com\/avatar\/?s=96&d=mm&f=y&r=g","alt":"Default avatar","title":"Default avatar","caption":"","mime_type":"image\/jpeg","sizes":[]},"user_id":393}],"featured_image":{"id":4000061297,"url":"https:\/\/fr-images.igihe.com\/IMG\/logo\/vk.jpg","alt":"","caption":"","mime_type":"image\/jpeg","width":0,"height":0,"sizes":{"thumbnail":{"url":"https:\/\/fr-images.igihe.com\/IMG\/logo\/vk.jpg","width":1,"height":1},"medium":{"url":"https:\/\/fr-images.igihe.com\/IMG\/logo\/vk.jpg","width":1,"height":1},"medium_large":{"url":"https:\/\/fr-images.igihe.com\/IMG\/logo\/vk.jpg","width":1,"height":1},"large":{"url":"https:\/\/fr-images.igihe.com\/IMG\/logo\/vk.jpg","width":1,"height":1},"full":{"url":"https:\/\/fr-images.igihe.com\/IMG\/logo\/vk.jpg","width":0,"height":0}}},"_links":{"self":[{"href":"https:\/\/new.igihe.com\/french\/wp-json\/wp\/v2\/posts\/37694","targetHints":{"allow":["GET"]}}],"collection":[{"href":"https:\/\/new.igihe.com\/french\/wp-json\/wp\/v2\/posts"}],"about":[{"href":"https:\/\/new.igihe.com\/french\/wp-json\/wp\/v2\/types\/post"}],"author":[{"embeddable":true,"href":"https:\/\/new.igihe.com\/french\/wp-json\/wp\/v2\/users\/488"}],"replies":[{"embeddable":true,"href":"https:\/\/new.igihe.com\/french\/wp-json\/wp\/v2\/comments?post=37694"}],"version-history":[{"count":0,"href":"https:\/\/new.igihe.com\/french\/wp-json\/wp\/v2\/posts\/37694\/revisions"}],"wp:featuredmedia":[{"embeddable":true,"href":"https:\/\/new.igihe.com\/french\/wp-json\/wp\/v2\/media\/4000061297"}],"wp:attachment":[{"href":"https:\/\/new.igihe.com\/french\/wp-json\/wp\/v2\/media?parent=37694"}],"wp:term":[{"taxonomy":"category","embeddable":true,"href":"https:\/\/new.igihe.com\/french\/wp-json\/wp\/v2\/categories?post=37694"},{"taxonomy":"post_tag","embeddable":true,"href":"https:\/\/new.igihe.com\/french\/wp-json\/wp\/v2\/tags?post=37694"},{"taxonomy":"byline","embeddable":true,"href":"https:\/\/new.igihe.com\/french\/wp-json\/wp\/v2\/byline?post=37694"},{"taxonomy":"hashtag","embeddable":true,"href":"https:\/\/new.igihe.com\/french\/wp-json\/wp\/v2\/hashtag?post=37694"}],"curies":[{"name":"wp","href":"https:\/\/api.w.org\/{rel}","templated":true}]}}