{"id":37691,"date":"2025-05-20T12:34:26","date_gmt":"2025-05-20T12:34:26","guid":{"rendered":"https:\/\/new.igihe.com\/french\/Les-rapatries-racontent-leur-survie-apres-les-annees-passees-sous-controle-des-37691\/"},"modified":"2025-05-22T12:31:32","modified_gmt":"2025-05-22T12:31:32","slug":"Les-rapatries-racontent-leur-survie-apres-les-annees-passees-sous-controle-des","status":"publish","type":"post","link":"https:\/\/new.igihe.com\/french\/Les-rapatries-racontent-leur-survie-apres-les-annees-passees-sous-controle-des\/","title":{"rendered":"Les rapatri\u00e9s racontent leur survie apr\u00e8s les ann\u00e9es pass\u00e9es sous contr\u00f4le des FDLR"},"content":{"rendered":"<p>Ces rapatri\u00e9s b\u00e9n\u00e9ficient actuellement de soins m\u00e9dicaux, d\u2019un accompagnement psychosocial et d\u2019un appui logistique, gr\u00e2ce au programme national de r\u00e9int\u00e9gration mis en \u0153uvre par les autorit\u00e9s.<\/p>\n<p>Pour beaucoup d\u2019entre eux, ce retour au pays marque le d\u00e9but d\u2019une nouvelle vie, empreinte d\u2019espoir et de dignit\u00e9. Il repr\u00e9sente aussi l\u2019espoir de retrouver les droits et les opportunit\u00e9s qui leur avaient \u00e9t\u00e9 retir\u00e9s \u2014 un moment qu\u2019ils attendaient depuis des ann\u00e9es. L\u2019acc\u00e8s \u00e0 l\u2019\u00e9ducation, aux soins de sant\u00e9 et \u00e0 la s\u00e9curit\u00e9, autrefois per\u00e7us comme de lointains id\u00e9aux, devient d\u00e9sormais une r\u00e9alit\u00e9 tangible.<\/p>\n<p>Selon les autorit\u00e9s, plus de 2 500 Rwandais ont exprim\u00e9 leur d\u00e9sir de rentrer volontairement. Ce processus est men\u00e9 en \u00e9troite coordination avec le Haut-Commissariat des Nations Unies pour les r\u00e9fugi\u00e9s (HCR), qui accueille les personnes concern\u00e9es dans l\u2019est de la RDC avant d\u2019en informer le gouvernement, pour qu&#8217;il puisse garantir un retour en toute s\u00e9curit\u00e9<\/p>\n<p>Bien qu\u2019ils viennent tout juste d\u2019arriver, de nombreux rapatri\u00e9s expriment d\u00e9j\u00e0 une profonde gratitude et un nouvel espoir, apr\u00e8s avoir \u00e9chapp\u00e9 aux conditions difficiles impos\u00e9es par les FDLR.<\/p>\n<p>Parmi eux, Valentine Uwamariya se souvient de la peur constante qui r\u00e9gnait dans les zones contr\u00f4l\u00e9es par ce groupe arm\u00e9 : \u00ab Ils venaient enlever des gens. Certains ne revenaient jamais. Je me souviens d\u2019un homme nomm\u00e9 Dukundane \u2014 ils l\u2019ont emmen\u00e9 puis tu\u00e9. Nous vivions dans une angoisse permanente, sans jamais savoir qui serait le prochain \u00e0 dispara\u00eetre. \u00bb<\/p>\n<p>Soulag\u00e9e d\u2019avoir retrouv\u00e9 sa famille, elle est rentr\u00e9e avec ses six enfants, qualifiant ce retour de \u00ab seconde chance dans la vie \u00bb.<\/p>\n<p>\u00ab La nuit, ils venaient nous voler notre b\u00e9tail et de la nourriture. On voyait souvent des personnes dispara\u00eetre. Je vivais chaque jour dans la peur. Je suis tellement heureux d\u2019\u00eatre enfin de retour. Je pensais devoir vieillir sans jamais revoir ma patrie. \u00bb<\/p>\n<p>Japhet Mushimimana, un autre rapatri\u00e9, a salu\u00e9 l\u2019accueil qui leur a \u00e9t\u00e9 r\u00e9serv\u00e9 : \u00ab La vie au Congo \u00e9tait extr\u00eamement difficile. M\u00eame quand nous essayions d\u2019\u00e9lever du b\u00e9tail, les FDLR nous le prenaient. On avait l\u2019impression de travailler pour eux sans rien en retirer. Mais en revenant ici, en constatant tout le progr\u00e8s accompli par les Rwandais et la qualit\u00e9 de vie qu\u2019ils ont aujourd\u2019hui, cela me remplit de fiert\u00e9 d\u2019\u00eatre l&#8217;un des leurs. \u00bb<\/p>\n<p>Il a confi\u00e9 avoir initialement eu des craintes \u00e0 l&#8217;id\u00e9e de tout reprendre \u00e0 z\u00e9ro, mais ses inqui\u00e9tudes se sont vite dissip\u00e9es. \u00ab La mani\u00e8re dont nous avons \u00e9t\u00e9 acceuilli, la relation paisible entre le gouvernement et les citoyens \u2014 tout cela nous donne un r\u00e9el sentiment de s\u00e9curit\u00e9. La vie ici n&#8217;a rien \u00e0 voir avec ce que nous avons connu auparavant. Pour la premi\u00e8re fois depuis longtemps, nous avons le sentiment d&#8217;avoir notre place \u00bb, a-t-il affirm\u00e9.<\/p>\n<p>\u00ab L\u00e0-bas, au Congo, on pouvait devenir une victime \u00e0 tout moment. Ici, nous sommes libres, nourris, trait\u00e9s avec dignit\u00e9. Cela me redonne confiance : nous aussi, nous avons le droit de vivre en paix et dans des conditions d\u00e9centes \u00bb, a-t-il ajout\u00e9.<\/p>\n<p>Th\u00e9og\u00e8ne Inyitaho, un autre rapatri\u00e9, a admis que sa perception du Rwanda avait longtemps \u00e9t\u00e9 forg\u00e9e par la peur et la d\u00e9sinformation. \u00ab On nous r\u00e9p\u00e9tait sans cesse qu\u2019il serait impossible de rentrer. Mais en voyant l\u2019accueil qui nous a \u00e9t\u00e9 r\u00e9serv\u00e9 et les conditions dans lesquelles nous vivons aujourd\u2019hui, il est \u00e9vident que nous n\u2019avions rien \u00e0 craindre \u00bb, a-t-il d\u00e9clar\u00e9.<\/p>\n<p>Le ministre en charge de la Gestion des urgences, le G\u00e9n\u00e9ral-Major (\u00e0 la retraite) Albert Murasira, a tenu \u00e0 rassurer tous les rapatri\u00e9s \u2014 en particulier ceux qui h\u00e9sitent encore \u00e0 revenir \u2014 dissipant clairement toute crainte de repr\u00e9sailles.<\/p>\n<p>\u00ab Vous \u00eates en s\u00e9curit\u00e9 ici. Nous allons vous accompagner dans votre r\u00e9insertion, vous aider \u00e0 acqu\u00e9rir de nouvelles comp\u00e9tences et \u00e0 construire une vie digne et stable \u00bb, a-t-il d\u00e9clar\u00e9, en pr\u00e9cisant que l\u2019objectif du Rwanda n\u2019est pas de privil\u00e9gier des approches punitives, mais bien de favoriser la r\u00e9int\u00e9gration et la reconstruction.<\/p>\n<figure class=\"spip-document spip-document-61292 aligncenter\"><img decoding=\"async\" src=\"https:\/\/fr.igihe.com\/IMG\/jpg\/r1-7.jpg\" alt=\"Un total de 1 156 Rwandais, auparavant retenus en otage par les FDLR, sont rentr\u00e9s sains et saufs au Rwanda\" \/><\/figure>\n<figure class=\"spip-document spip-document-61290 aligncenter\"><img decoding=\"async\" src=\"https:\/\/fr.igihe.com\/IMG\/jpg\/r3-6.jpg\" alt=\"Le ministre en charge de la Gestion des urgences a tenu \u00e0 rassurer tous les rapatri\u00e9s, en particulier ceux qui h\u00e9sitent encore \u00e0 revenir \" \/><\/figure>\n<figure class=\"spip-document spip-document-61291 aligncenter\"><img decoding=\"async\" src=\"https:\/\/fr.igihe.com\/IMG\/jpg\/r2-7.jpg\" alt=\"Le processus de rapatriement est men\u00e9 en \u00e9troite coordination avec le Haut-Commissariat des Nations Unies pour les r\u00e9fugi\u00e9s\" \/><\/figure>\n","protected":false},"excerpt":{"rendered":"<p>Un total de 1 156 Rwandais, auparavant retenus en otage par les Forces d\u00e9mocratiques de lib\u00e9ration du Rwanda (FDLR), un groupe arm\u00e9 terroriste op\u00e9rant dans l\u2019est de la R\u00e9publique d\u00e9mocratique du Congo, sont rentr\u00e9s sains et saufs au Rwanda, en deux vagues successives.<\/p>\n","protected":false},"author":488,"featured_media":4000061289,"comment_status":"open","ping_status":"open","sticky":false,"template":"","format":"standard","meta":{"footnotes":""},"categories":[7587],"tags":[7605],"byline":[7717],"hashtag":[],"class_list":["post-37691","post","type-post","status-publish","format-standard","has-post-thumbnail","hentry","category-justice","tag-homenews","byline-igihe"],"bylines":[{"id":7717,"name":"IGIHE","slug":"igihe","description":"","image":{"id":0,"url":"https:\/\/secure.gravatar.com\/avatar\/?s=96&d=mm&f=y&r=g","alt":"Default avatar","title":"Default avatar","caption":"","mime_type":"image\/jpeg","sizes":[]},"user_id":393}],"contributors":[{"id":7717,"name":"IGIHE","slug":"igihe","description":"","image":{"id":0,"url":"https:\/\/secure.gravatar.com\/avatar\/?s=96&d=mm&f=y&r=g","alt":"Default avatar","title":"Default avatar","caption":"","mime_type":"image\/jpeg","sizes":[]},"user_id":393}],"featured_image":{"id":4000061289,"url":"https:\/\/fr-images.igihe.com\/IMG\/logo\/r1_cp.jpg","alt":"","caption":"","mime_type":"image\/jpeg","width":0,"height":0,"sizes":{"thumbnail":{"url":"https:\/\/fr-images.igihe.com\/IMG\/logo\/r1_cp.jpg","width":1,"height":1},"medium":{"url":"https:\/\/fr-images.igihe.com\/IMG\/logo\/r1_cp.jpg","width":1,"height":1},"medium_large":{"url":"https:\/\/fr-images.igihe.com\/IMG\/logo\/r1_cp.jpg","width":1,"height":1},"large":{"url":"https:\/\/fr-images.igihe.com\/IMG\/logo\/r1_cp.jpg","width":1,"height":1},"full":{"url":"https:\/\/fr-images.igihe.com\/IMG\/logo\/r1_cp.jpg","width":0,"height":0}}},"_links":{"self":[{"href":"https:\/\/new.igihe.com\/french\/wp-json\/wp\/v2\/posts\/37691","targetHints":{"allow":["GET"]}}],"collection":[{"href":"https:\/\/new.igihe.com\/french\/wp-json\/wp\/v2\/posts"}],"about":[{"href":"https:\/\/new.igihe.com\/french\/wp-json\/wp\/v2\/types\/post"}],"author":[{"embeddable":true,"href":"https:\/\/new.igihe.com\/french\/wp-json\/wp\/v2\/users\/488"}],"replies":[{"embeddable":true,"href":"https:\/\/new.igihe.com\/french\/wp-json\/wp\/v2\/comments?post=37691"}],"version-history":[{"count":0,"href":"https:\/\/new.igihe.com\/french\/wp-json\/wp\/v2\/posts\/37691\/revisions"}],"wp:featuredmedia":[{"embeddable":true,"href":"https:\/\/new.igihe.com\/french\/wp-json\/wp\/v2\/media\/4000061289"}],"wp:attachment":[{"href":"https:\/\/new.igihe.com\/french\/wp-json\/wp\/v2\/media?parent=37691"}],"wp:term":[{"taxonomy":"category","embeddable":true,"href":"https:\/\/new.igihe.com\/french\/wp-json\/wp\/v2\/categories?post=37691"},{"taxonomy":"post_tag","embeddable":true,"href":"https:\/\/new.igihe.com\/french\/wp-json\/wp\/v2\/tags?post=37691"},{"taxonomy":"byline","embeddable":true,"href":"https:\/\/new.igihe.com\/french\/wp-json\/wp\/v2\/byline?post=37691"},{"taxonomy":"hashtag","embeddable":true,"href":"https:\/\/new.igihe.com\/french\/wp-json\/wp\/v2\/hashtag?post=37691"}],"curies":[{"name":"wp","href":"https:\/\/api.w.org\/{rel}","templated":true}]}}