{"id":37686,"date":"2025-05-20T09:34:33","date_gmt":"2025-05-20T09:34:33","guid":{"rendered":"https:\/\/new.igihe.com\/french\/La-souverainete-a-l-epreuve-de-la-securite-37686\/"},"modified":"2025-05-20T09:32:24","modified_gmt":"2025-05-20T09:32:24","slug":"La-souverainete-a-l-epreuve-de-la-securite","status":"publish","type":"post","link":"https:\/\/new.igihe.com\/french\/La-souverainete-a-l-epreuve-de-la-securite\/","title":{"rendered":"La souverainet\u00e9 \u00e0 l\u2019\u00e9preuve de la s\u00e9curit\u00e9"},"content":{"rendered":"<p>Loin des discours convenus et des postures purement d\u00e9fensives, il a esquiss\u00e9 une vision exigeante, \u00e9thique et prospective du r\u00f4le des dirigeants africains dans un monde en recomposition.<\/p>\n<p>Le propos pr\u00e9sidentiel, \u00e0 la fois sobre et p\u00e9n\u00e9trant, se d\u00e9tache d\u2019entr\u00e9e de jeu des clich\u00e9s qui confondent s\u00e9curit\u00e9 et simple absence de menace. En rappelant que le v\u00e9ritable mandat du pouvoir politique ne saurait se r\u00e9duire \u00e0 la mise en place d\u2019un dispositif de d\u00e9fense passif. <\/p>\n<p>Le chef de l\u2019\u00c9tat rwandais exhorte \u00e0 un exercice actif et fondateur de la responsabilit\u00e9. Il s\u2019agit, selon lui, de forger les conditions d\u2019une vie digne, enracin\u00e9e dans la stabilit\u00e9, mais tendue vers l\u2019avenir, un avenir habitable, \u00e9clair\u00e9 par la confiance et irrigu\u00e9 par l\u2019esp\u00e9rance. La s\u00e9curit\u00e9, dans cette acception \u00e9largie, devient non plus un \u00e9tat de fait pr\u00e9caire, mais un projet politique durable, au service de l\u2019humain dans sa totalit\u00e9.<\/p>\n<p>Ce glissement s\u00e9mantique et conceptuel est lourd de cons\u00e9quences. Il rappelle implicitement que les violences structurelles, pauvret\u00e9 end\u00e9mique, marginalisation sociale, in\u00e9galit\u00e9s criantes, sont autant de menaces pour la s\u00e9curit\u00e9 collective que les conflits arm\u00e9s ou les ing\u00e9rences \u00e9trang\u00e8res. <\/p>\n<p>Dans cette perspective, s\u00e9curiser un pays, c\u2019est autant assurer l\u2019int\u00e9grit\u00e9 de ses fronti\u00e8res que garantir \u00e0 chaque citoyen l\u2019acc\u00e8s \u00e0 des conditions de vie justes, \u00e9quitables et protectrices.<\/p>\n<p>Mais c\u2019est surtout dans sa d\u00e9finition de la souverainet\u00e9 que le pr\u00e9sident Kagame atteint une profondeur particuli\u00e8rement f\u00e9conde. Il r\u00e9cuse avec vigueur une conception archa\u00efque de la souverainet\u00e9, entendue comme simple pr\u00e9rogative territoriale. En affirmant que \u00ab la souverainet\u00e9 n\u2019est pas uniquement et exclusivement la d\u00e9fense des fronti\u00e8res \u00bb, il invite les \u00c9tats africains \u00e0 sortir du f\u00e9tichisme g\u00e9opolitique pour entrer dans l\u2019\u00e8re de la souverainet\u00e9 comme responsabilit\u00e9. <\/p>\n<p>Cette responsabilit\u00e9, qui incombe aux gouvernants, consiste \u00e0 veiller \u00e0 la s\u00e9curit\u00e9 non pas seulement des lignes cartographiques, mais des personnes r\u00e9elles, des corps et des vies, des biens et des m\u00e9moires.<\/p>\n<p>Il y a l\u00e0 un renversement paradigmatique salutaire. Dans un continent encore marqu\u00e9 par les s\u00e9quelles du colonialisme, les injonctions des puissances ext\u00e9rieures, les fragilit\u00e9s institutionnelles et les d\u00e9rives autoritaires, rappeler que la souverainet\u00e9 v\u00e9ritable r\u00e9side dans le soin apport\u00e9 \u00e0 la vie des citoyens est un acte politique de haute teneur. <\/p>\n<p>C\u2019est poser que l\u2019\u00c9tat n\u2019est pas un bastion d\u2019impunit\u00e9 mais un organe de responsabilit\u00e9 ; que la force ne se mesure pas \u00e0 la puissance militaire, mais \u00e0 la capacit\u00e9 d\u2019\u00e9difier une soci\u00e9t\u00e9 fond\u00e9e sur la dignit\u00e9.<\/p>\n<p>Cet appel, venu du c\u0153ur de l\u2019Afrique des Grands Lacs, ne s\u2019adresse pas uniquement aux Africains. Il r\u00e9sonne comme une interpellation universelle \u00e0 repenser la s\u00e9curit\u00e9 comme bien commun, et la souverainet\u00e9 comme devoir moral. En ces temps troubl\u00e9s o\u00f9 les populismes r\u00e9gressifs c\u00f4toient les replis identitaires et les conflits asym\u00e9triques, Kigali nous rappelle que la grandeur d\u2019une nation ne se mesure pas \u00e0 la hauteur de ses murs, mais \u00e0 la profondeur de ses engagements humains.<\/p>\n<p>Ainsi, loin des rh\u00e9toriques belliqueuses ou des rhumes diplomatiques, cette Conf\u00e9rence sur la s\u00e9curit\u00e9 en Afrique aura permis de poser les jalons d\u2019une pens\u00e9e neuve, affranchie des mod\u00e8les import\u00e9s, enracin\u00e9e dans les r\u00e9alit\u00e9s locales mais ouverte \u00e0 l\u2019universalit\u00e9 des valeurs. <\/p>\n<p>Une pens\u00e9e o\u00f9 s\u00e9curit\u00e9 et souverainet\u00e9 cessent d\u2019\u00eatre des armes de pouvoir pour devenir des instruments de justice.<\/p>\n<p>Il appartient d\u00e9sormais aux dirigeants du continent et au-del\u00e0, de ne pas laisser ces mots retomber dans le silence des salles de conf\u00e9rence, mais de les inscrire dans l\u2019architecture des politiques publiques et des choix strat\u00e9giques. Car l\u00e0 o\u00f9 la parole politique \u00e9pouse la v\u00e9rit\u00e9 des peuples, alors, et alors seulement, na\u00eet une souverainet\u00e9\u00a0authentique.<\/p>\n<figure class=\"spip-document spip-document-61182 aligncenter\"><img decoding=\"async\" src=\"https:\/\/fr.igihe.com\/IMG\/jpg\/cp-5.jpg\" alt=\"La Conf\u00e9rence internationale sur la s\u00e9curit\u00e9 en Afrique (CISA), se tient du 19 au 20 mai 2025, \u00e0 Kigali\" \/><\/figure>\n<figure class=\"spip-document spip-document-61179 aligncenter\"><img decoding=\"async\" src=\"https:\/\/fr.igihe.com\/IMG\/jpg\/pk-36.jpg\" alt=\"Le Pr\u00e9sident Kagame a appel\u00e9 \u00e0 repenser profond\u00e9ment la s\u00e9curit\u00e9 et la souverainet\u00e9 en Afrique\" \/><\/figure>\n<figure class=\"spip-document spip-document-61180 aligncenter\"><img decoding=\"async\" src=\"https:\/\/fr.igihe.com\/IMG\/jpg\/mf.jpg\" alt=\"Moussa Faki Mahamat, ancien pr\u00e9sident de la Commission de l\u2019UA, a soulign\u00e9 que l\u2019Afrique doit imp\u00e9rativement pr\u00e9venir toute menace pesant sur la paix\" \/><\/figure>\n<figure class=\"spip-document spip-document-61181 aligncenter\"><img decoding=\"async\" src=\"https:\/\/fr.igihe.com\/IMG\/jpg\/isc.jpg\" alt=\"Les dirigeants du continent et d\u2019ailleurs sont appel\u00e9s \u00e0 effectuer des actions concr\u00e8tes et \u00e0 produire des r\u00e9sultats tangibles\" \/><\/figure>\n","protected":false},"excerpt":{"rendered":"<p>En marge de l&#8217;ouverture de la Conf\u00e9rence internationale sur la s\u00e9curit\u00e9 en Afrique (CISA), tenue du 19 au 20 mai 2025 au Centre des conf\u00e9rences de Kigali, le Pr\u00e9sident Kagame a formul\u00e9 une r\u00e9flexion d\u2019une densit\u00e9 rare, appelant \u00e0 une reconfiguration substantielle de la mani\u00e8re dont les nations africaines appr\u00e9hendent la notion de s\u00e9curit\u00e9 et de souverainet\u00e9. <\/p>\n","protected":false},"author":488,"featured_media":4000061178,"comment_status":"open","ping_status":"open","sticky":false,"template":"","format":"standard","meta":{"footnotes":""},"categories":[7544],"tags":[7605],"byline":[9102],"hashtag":[],"class_list":["post-37686","post","type-post","status-publish","format-standard","has-post-thumbnail","hentry","category-politique","tag-homenews","byline-tite-gatabazi"],"bylines":[{"id":9102,"name":"Tite Gatabazi","slug":"tite-gatabazi","description":"","image":{"id":0,"url":"https:\/\/secure.gravatar.com\/avatar\/?s=96&d=mm&f=y&r=g","alt":"Default avatar","title":"Default avatar","caption":"","mime_type":"image\/jpeg","sizes":[]},"user_id":472}],"contributors":[{"id":9102,"name":"Tite Gatabazi","slug":"tite-gatabazi","description":"","image":{"id":0,"url":"https:\/\/secure.gravatar.com\/avatar\/?s=96&d=mm&f=y&r=g","alt":"Default avatar","title":"Default avatar","caption":"","mime_type":"image\/jpeg","sizes":[]},"user_id":472}],"featured_image":{"id":4000061178,"url":"https:\/\/fr-images.igihe.com\/IMG\/logo\/cp_cp-9.jpg","alt":"","caption":"","mime_type":"image\/jpeg","width":0,"height":0,"sizes":{"thumbnail":{"url":"https:\/\/fr-images.igihe.com\/IMG\/logo\/cp_cp-9.jpg","width":1,"height":1},"medium":{"url":"https:\/\/fr-images.igihe.com\/IMG\/logo\/cp_cp-9.jpg","width":1,"height":1},"medium_large":{"url":"https:\/\/fr-images.igihe.com\/IMG\/logo\/cp_cp-9.jpg","width":1,"height":1},"large":{"url":"https:\/\/fr-images.igihe.com\/IMG\/logo\/cp_cp-9.jpg","width":1,"height":1},"full":{"url":"https:\/\/fr-images.igihe.com\/IMG\/logo\/cp_cp-9.jpg","width":0,"height":0}}},"_links":{"self":[{"href":"https:\/\/new.igihe.com\/french\/wp-json\/wp\/v2\/posts\/37686","targetHints":{"allow":["GET"]}}],"collection":[{"href":"https:\/\/new.igihe.com\/french\/wp-json\/wp\/v2\/posts"}],"about":[{"href":"https:\/\/new.igihe.com\/french\/wp-json\/wp\/v2\/types\/post"}],"author":[{"embeddable":true,"href":"https:\/\/new.igihe.com\/french\/wp-json\/wp\/v2\/users\/488"}],"replies":[{"embeddable":true,"href":"https:\/\/new.igihe.com\/french\/wp-json\/wp\/v2\/comments?post=37686"}],"version-history":[{"count":0,"href":"https:\/\/new.igihe.com\/french\/wp-json\/wp\/v2\/posts\/37686\/revisions"}],"wp:featuredmedia":[{"embeddable":true,"href":"https:\/\/new.igihe.com\/french\/wp-json\/wp\/v2\/media\/4000061178"}],"wp:attachment":[{"href":"https:\/\/new.igihe.com\/french\/wp-json\/wp\/v2\/media?parent=37686"}],"wp:term":[{"taxonomy":"category","embeddable":true,"href":"https:\/\/new.igihe.com\/french\/wp-json\/wp\/v2\/categories?post=37686"},{"taxonomy":"post_tag","embeddable":true,"href":"https:\/\/new.igihe.com\/french\/wp-json\/wp\/v2\/tags?post=37686"},{"taxonomy":"byline","embeddable":true,"href":"https:\/\/new.igihe.com\/french\/wp-json\/wp\/v2\/byline?post=37686"},{"taxonomy":"hashtag","embeddable":true,"href":"https:\/\/new.igihe.com\/french\/wp-json\/wp\/v2\/hashtag?post=37686"}],"curies":[{"name":"wp","href":"https:\/\/api.w.org\/{rel}","templated":true}]}}