{"id":37685,"date":"2025-05-19T16:16:21","date_gmt":"2025-05-19T16:16:21","guid":{"rendered":"https:\/\/new.igihe.com\/french\/Rapatries-rwandais-ou-otages-silencieux-des-FDLR-37685\/"},"modified":"2025-05-19T16:11:25","modified_gmt":"2025-05-19T16:11:25","slug":"Rapatries-rwandais-ou-otages-silencieux-des-FDLR","status":"publish","type":"post","link":"https:\/\/new.igihe.com\/french\/Rapatries-rwandais-ou-otages-silencieux-des-FDLR\/","title":{"rendered":"Rapatri\u00e9s rwandais ou otages silencieux des FDLR"},"content":{"rendered":"<p>Loin de relever d\u2019une simple errance post-conflit, cette captivit\u00e9 prolong\u00e9e s\u2019est constitu\u00e9e en v\u00e9ritable syst\u00e8me de domination, o\u00f9 l\u2019id\u00e9ologie g\u00e9nocidaire s\u2019est p\u00e9rennis\u00e9e par la contrainte physique et la manipulation mentale. Ce drame silencieux, pourtant connu de longue date, s\u2019est heurt\u00e9 \u00e0 un mur d\u2019inertie de la part de la plupart des organisations humanitaires, dont le silence assourdissant, voire complaisant, a particip\u00e9 \u00e0 l\u2019occultation de cette r\u00e9alit\u00e9 profond\u00e9ment d\u00e9rangeante. <\/p>\n<p>En refusant de nommer les choses c\u2019est-\u00e0-dire de reconna\u00eetre que des civils, pr\u00e9tendument r\u00e9fugi\u00e9s, furent en r\u00e9alit\u00e9 s\u00e9questr\u00e9s, enr\u00f4l\u00e9s de force ou instrumentalis\u00e9s comme boucliers humains par des milices criminelles, ces organisations ont contribu\u00e9, f\u00fbt-ce par omission, \u00e0 la perp\u00e9tuation d\u2019une violence structurelle. <\/p>\n<p>Il y a, en cela, une profonde faillite de l\u2019\u00e9thique de l\u2019assistance : celle qui pr\u00e9tend secourir sans jamais interroger la responsabilit\u00e9 des destinataires, ni assumer les effets pervers de ses interventions. Le retour volontaire, dans ce contexte, ne saurait \u00eatre r\u00e9duit \u00e0 un simple d\u00e9placement administratif ; il constitue un acte de lib\u00e9ration, un arrachement aux cha\u00eenes de l\u2019assujettissement id\u00e9ologique, et une r\u00e9paration, tardive mais n\u00e9cessaire, d\u2019un d\u00e9ni collectif longtemps entretenu au nom d\u2019une neutralit\u00e9 devenue, en certains cas, une forme de complicit\u00e9 silencieuse.<\/p>\n<p>Les r\u00e9centes op\u00e9rations de rapatriement de civils rwandais depuis l\u2019Est de la R\u00e9publique d\u00e9mocratique du Congo ont, ce week-end encore, suscit\u00e9 une abondante floraison de commentaires sur les r\u00e9seaux sociaux et diverses plateformes m\u00e9diatiques. <\/p>\n<p>Toutefois, derri\u00e8re l\u2019apparente unanimit\u00e9 de la terminologie, rapatriement de r\u00e9fugi\u00e9s, se dissimule une r\u00e9alit\u00e9 infiniment plus complexe, dont l&#8217;occultation syst\u00e9matique trahit l\u2019ambigu\u00eft\u00e9 volontaire des discours dominants. Car ceux que l&#8217;on qualifie aujourd&#8217;hui de &#8220;rapatri\u00e9s&#8221; furent, pour nombre d\u2019entre eux, moins des r\u00e9fugi\u00e9s au sens strict du terme que des otages des FDLR ayant \u00e9rig\u00e9 la captivit\u00e9 collective en strat\u00e9gie politico-militaire.<\/p>\n<p>Il convient de rappeler, \u00e0 titre de fondement historique, que la confusion originelle entre population civile en d\u00e9tresse et combattants lourdement arm\u00e9s remonte aux lendemains imm\u00e9diats du g\u00e9nocide contre les tutsi de 1994. <\/p>\n<p>D\u00e8s 1995, cette indistinction tragique est d\u00e9nonc\u00e9e par plusieurs acteurs humanitaires majeurs : quinze organisations internationales remettront en question leur pr\u00e9sence dans les camps \u00e9tablis au Za\u00efre, tandis que M\u00e9decins Sans Fronti\u00e8res (France) ira jusqu\u2019\u00e0 annoncer son retrait. Ce geste, rare et lourd de sens, t\u00e9moignait d\u00e9j\u00e0 d\u2019une profonde crise \u00e9thique au sein du secteur humanitaire, confront\u00e9 \u00e0 la p\u00e9rilleuse instrumentalisation de l\u2019aide par les ex-FAR et les milices Interahamwe qui avaient pris les r\u00e9fugi\u00e9s en otage. <\/p>\n<p>La probl\u00e9matique ici soulev\u00e9e n\u2019est pas exclusivement logistique ou s\u00e9curitaire : elle touche au c\u0153ur m\u00eame de la philosophie de l\u2019humanitaire. Car pr\u00eater assistance, ce n\u2019est pas simplement r\u00e9pondre \u00e0 une d\u00e9tresse visible ; c\u2019est aussi s\u2019interroger sur les cons\u00e9quences objectives de l\u2019action entreprise. En entretenant des camps o\u00f9 la fronti\u00e8re entre victimes et bourreaux \u00e9tait brouill\u00e9e \u00e0 dessein, la communaut\u00e9 humanitaire internationale s\u2019est trouv\u00e9e, nolens volens, complice d\u2019un r\u00e9gime de captivit\u00e9 collective, o\u00f9 des dizaines de milliers de Hutu rwandais pour la plupart non-combattants furent pris en \u00e9tau par des factions politico-militaires g\u00e9nocidaires.<\/p>\n<p>Plus grave encore, cette strat\u00e9gie d\u2019asservissement moral et physique ne s\u2019est jamais v\u00e9ritablement interrompue. Les FDLR, h\u00e9riti\u00e8res id\u00e9ologiques et structurelles des milices g\u00e9nocidaires, ont perp\u00e9tu\u00e9 ce syst\u00e8me d\u2019emprise sur les populations hutu demeur\u00e9es sur le sol congolais. En leur inculquant un discours n\u00e9gationniste et en diabolisant le Rwanda post-g\u00e9nocide, ces groupes arm\u00e9s ont activement dissuad\u00e9 tout retour volontaire, condamnant ces populations \u00e0 une errance perp\u00e9tuelle, \u00e0 la fois g\u00e9ographique et ontologique.<\/p>\n<p>Or, c\u2019est pr\u00e9cis\u00e9ment ce syst\u00e8me d\u2019otage que les op\u00e9rations militaires r\u00e9centes men\u00e9es par les forces de l\u2019AFC\/M23 sont venues briser. En lib\u00e9rant certaines zones historiquement contr\u00f4l\u00e9es par les FDLR, ces forces ont permis, en collaboration avec le Haut-Commissariat des Nations Unies pour les R\u00e9fugi\u00e9s (HCR), de mettre en \u0153uvre un processus de tri, d\u2019identification et, enfin, de rapatriement r\u00e9ellement volontaire. <\/p>\n<p>Loin d\u2019\u00eatre une op\u00e9ration de force, il s\u2019est agi, au contraire, de restituer \u00e0 des milliers d\u2019individus un droit fondamental : celui de retourner librement dans leur pays d\u2019origine, sans entraves id\u00e9ologiques ni menaces arm\u00e9es.<\/p>\n<p>Cependant, malgr\u00e9 cette avanc\u00e9e significative, la r\u00e9ception m\u00e9diatique et institutionnelle de ces \u00e9v\u00e9nements demeure prisonni\u00e8re de vieux sch\u00e8mes biais\u00e9s. L\u2019emploi d\u2019un vocabulaire g\u00e9n\u00e9rique rapatri\u00e9s, r\u00e9fugi\u00e9s, d\u00e9plac\u00e9s entretient l\u2019amalgame et emp\u00eache une lecture fine des responsabilit\u00e9s. Il est frappant de constater que ces civils, longtemps livr\u00e9s \u00e0 la violence des FDLR, n\u2019ont jamais suscit\u00e9 une mobilisation humanitaire \u00e0 la hauteur de leur d\u00e9tresse. Pire : leur situation fut souvent relativis\u00e9e, voire ignor\u00e9e, par nombre d\u2019organisations se pr\u00e9tendant d\u00e9fenseures des droits humains.<\/p>\n<p>Une r\u00e9flexion lucide impose d\u00e8s lors de reconsid\u00e9rer les responsabilit\u00e9s diff\u00e9renci\u00e9es dans ce drame humanitaire prolong\u00e9. D\u2019un c\u00f4t\u00e9, l\u2019humanitaire ne peut se pr\u00e9valoir d\u2019une neutralit\u00e9 tout en fermant les yeux sur les effets pervers de sa propre logistique. De l\u2019autre, les victimes elles-m\u00eames ne sauraient \u00eatre per\u00e7ues comme radicalement exemptes de toute implication : une part de lucidit\u00e9 \u00e9thique leur est \u00e9galement exigible. <\/p>\n<p>La fronti\u00e8re entre l\u2019innocence passive et la collaboration contrainte voire volontaire doit \u00eatre interrog\u00e9e avec prudence, sans c\u00e9der \u00e0 la simplification manich\u00e9enne.<\/p>\n<p>Enfin, l\u2019histoire retiendra, si elle est honn\u00eatement \u00e9crite, que ces rapatri\u00e9s d\u2019aujourd\u2019hui furent des oubli\u00e9s d\u2019hier. Ils t\u00e9moignent de l\u2019inanit\u00e9 d\u2019une aide internationale d\u00e9connect\u00e9e des dynamiques locales et aveugl\u00e9e par ses propres narratifs. Leur retour, d\u00e9sormais possible, ne doit pas \u00eatre seulement salu\u00e9 comme une op\u00e9ration logistique r\u00e9ussie : il doit \u00eatre analys\u00e9 comme le fruit d\u2019un r\u00e9\u00e9quilibrage des rapports de force, d\u2019une restauration de l\u2019autonomie individuelle, et d\u2019un acte de r\u00e9paration, certes imparfait, mais\u00a0n\u00e9cessaire.<\/p>\n<figure class=\"spip-document spip-document-61177 aligncenter\"><img decoding=\"async\" src=\"https:\/\/fr.igihe.com\/IMG\/jpg\/ot_1-2.jpg\" alt=\"Le retour volontaire des r\u00e9fugi\u00e9s rwandais en RDC, longtemps retenus par les FDLR, n\u00e9cessite une analyse approfondie \" \/><\/figure>\n<figure class=\"spip-document spip-document-61176 aligncenter\"><img decoding=\"async\" src=\"https:\/\/fr.igihe.com\/IMG\/jpg\/ot_3-2.jpg\" alt=\"\" \/><\/figure>\n<figure class=\"spip-document spip-document-61175 aligncenter\"><img decoding=\"async\" src=\"https:\/\/fr.igihe.com\/IMG\/jpg\/ot_2-2.jpg\" alt=\"Cette captivit\u00e9 prolong\u00e9e s\u2019est constitu\u00e9e en v\u00e9ritable syst\u00e8me de domination, o\u00f9 l\u2019id\u00e9ologie g\u00e9nocidaire s\u2019est p\u00e9rennis\u00e9e\" \/><\/figure>\n<figure class=\"spip-document spip-document-61174 aligncenter\"><img decoding=\"async\" src=\"https:\/\/fr.igihe.com\/IMG\/jpg\/ot_5-2.jpg\" alt=\"Ces r\u00e9fugi\u00e9s, furent s\u00e9questr\u00e9s, enr\u00f4l\u00e9s de force ou instrumentalis\u00e9s comme boucliers humains par des milices criminelles\" \/><\/figure>\n<figure class=\"spip-document spip-document-61173 aligncenter\"><img decoding=\"async\" src=\"https:\/\/fr.igihe.com\/IMG\/jpg\/ot_4-2.jpg\" alt=\"\" \/><\/figure>\n","protected":false},"excerpt":{"rendered":"<p>La question du retour volontaire des r\u00e9fugi\u00e9s rwandais install\u00e9s depuis des d\u00e9cennies dans l\u2019Est de la R\u00e9publique d\u00e9mocratique du Congo, et durablement pris en otage par les FDLR, exige une relecture critique, tant des m\u00e9canismes d\u2019embrigadements, id\u00e9ologiques, humanitaires que des postulats \u00e9thiques et des logiques politiques qui l\u2019ont historiquement entrav\u00e9e. <\/p>\n","protected":false},"author":488,"featured_media":4000061183,"comment_status":"open","ping_status":"open","sticky":false,"template":"","format":"standard","meta":{"footnotes":""},"categories":[7587],"tags":[7605],"byline":[9102],"hashtag":[],"class_list":["post-37685","post","type-post","status-publish","format-standard","has-post-thumbnail","hentry","category-justice","tag-homenews","byline-tite-gatabazi"],"bylines":[{"id":9102,"name":"Tite Gatabazi","slug":"tite-gatabazi","description":"","image":{"id":0,"url":"https:\/\/secure.gravatar.com\/avatar\/?s=96&d=mm&f=y&r=g","alt":"Default avatar","title":"Default avatar","caption":"","mime_type":"image\/jpeg","sizes":[]},"user_id":472}],"contributors":[{"id":9102,"name":"Tite Gatabazi","slug":"tite-gatabazi","description":"","image":{"id":0,"url":"https:\/\/secure.gravatar.com\/avatar\/?s=96&d=mm&f=y&r=g","alt":"Default avatar","title":"Default avatar","caption":"","mime_type":"image\/jpeg","sizes":[]},"user_id":472}],"featured_image":{"id":4000061183,"url":"https:\/\/fr-images.igihe.com\/IMG\/logo\/cp-57.jpg","alt":"","caption":"","mime_type":"image\/jpeg","width":0,"height":0,"sizes":{"thumbnail":{"url":"https:\/\/fr-images.igihe.com\/IMG\/logo\/cp-57.jpg","width":1,"height":1},"medium":{"url":"https:\/\/fr-images.igihe.com\/IMG\/logo\/cp-57.jpg","width":1,"height":1},"medium_large":{"url":"https:\/\/fr-images.igihe.com\/IMG\/logo\/cp-57.jpg","width":1,"height":1},"large":{"url":"https:\/\/fr-images.igihe.com\/IMG\/logo\/cp-57.jpg","width":1,"height":1},"full":{"url":"https:\/\/fr-images.igihe.com\/IMG\/logo\/cp-57.jpg","width":0,"height":0}}},"_links":{"self":[{"href":"https:\/\/new.igihe.com\/french\/wp-json\/wp\/v2\/posts\/37685","targetHints":{"allow":["GET"]}}],"collection":[{"href":"https:\/\/new.igihe.com\/french\/wp-json\/wp\/v2\/posts"}],"about":[{"href":"https:\/\/new.igihe.com\/french\/wp-json\/wp\/v2\/types\/post"}],"author":[{"embeddable":true,"href":"https:\/\/new.igihe.com\/french\/wp-json\/wp\/v2\/users\/488"}],"replies":[{"embeddable":true,"href":"https:\/\/new.igihe.com\/french\/wp-json\/wp\/v2\/comments?post=37685"}],"version-history":[{"count":0,"href":"https:\/\/new.igihe.com\/french\/wp-json\/wp\/v2\/posts\/37685\/revisions"}],"wp:featuredmedia":[{"embeddable":true,"href":"https:\/\/new.igihe.com\/french\/wp-json\/wp\/v2\/media\/4000061183"}],"wp:attachment":[{"href":"https:\/\/new.igihe.com\/french\/wp-json\/wp\/v2\/media?parent=37685"}],"wp:term":[{"taxonomy":"category","embeddable":true,"href":"https:\/\/new.igihe.com\/french\/wp-json\/wp\/v2\/categories?post=37685"},{"taxonomy":"post_tag","embeddable":true,"href":"https:\/\/new.igihe.com\/french\/wp-json\/wp\/v2\/tags?post=37685"},{"taxonomy":"byline","embeddable":true,"href":"https:\/\/new.igihe.com\/french\/wp-json\/wp\/v2\/byline?post=37685"},{"taxonomy":"hashtag","embeddable":true,"href":"https:\/\/new.igihe.com\/french\/wp-json\/wp\/v2\/hashtag?post=37685"}],"curies":[{"name":"wp","href":"https:\/\/api.w.org\/{rel}","templated":true}]}}