{"id":37683,"date":"2025-05-19T15:13:59","date_gmt":"2025-05-19T15:13:59","guid":{"rendered":"https:\/\/new.igihe.com\/french\/Les-detournements-en-uniforme-en-RDC-37683\/"},"modified":"2025-05-19T15:11:45","modified_gmt":"2025-05-19T15:11:45","slug":"Les-detournements-en-uniforme-en-RDC","status":"publish","type":"post","link":"https:\/\/new.igihe.com\/french\/Les-detournements-en-uniforme-en-RDC\/","title":{"rendered":"Les d\u00e9tournements en uniforme en RDC"},"content":{"rendered":"<p>L\u2019alerte a \u00e9t\u00e9 formellement \u00e9mise par le commandement de la 11e brigade des FARDC, dans un communiqu\u00e9 officiel consult\u00e9 ce dimanche 18 mai par Radio Okapi. Dans une d\u00e9p\u00eache adress\u00e9e aux chefs d\u2019unit\u00e9s de la zone, le haut commandement appelle express\u00e9ment \u00e0 l\u2019interpellation imm\u00e9diate du colonel incrimin\u00e9, enjoignant toute autorit\u00e9 comp\u00e9tente \u00e0 le remettre \u00e0 l\u2019Auditorat militaire le plus proche. Le document pr\u00e9cise que cette d\u00e9fection a \u00e9t\u00e9 constat\u00e9e peu avant le d\u00e9clenchement des op\u00e9rations de paiement de la solde. <\/p>\n<p>Ce nouveau scandale, loin d\u2019\u00eatre isol\u00e9, s\u2019inscrit dans une longue s\u00e9rie de malversations financi\u00e8res qui gangr\u00e8nent l\u2019appareil militaire congolais. Il semble que le d\u00e9tournement de fonds, m\u00eame dans des contextes de guerre o\u00f9 chaque franc pourrait sauver une vie, soit devenu une pratique tol\u00e9r\u00e9e, presque institutionnalis\u00e9e, relevant davantage de l\u2019habitude que de l\u2019exception.<\/p>\n<p>Le contexte n\u2019en est que plus dramatique : les FARDC livrent actuellement des combats acharn\u00e9s contre les \u00e9l\u00e9ments arm\u00e9s Wazalendo \u00e0 Uvira et le  environs. Ces affrontements, d\u2019une intensit\u00e9 croissante, se d\u00e9roulent notamment aux abords de Bukavu, capitale provinciale du Sud-Kivu, aujourd\u2019hui tomb\u00e9e sous le joug de l\u2019AFC\/M23 avec d\u2019autres localit\u00e9s environnantes. Interrog\u00e9 sur la situation, le porte-parole des op\u00e9rations Sokola Sud a confirm\u00e9 les faits, se gardant toutefois d\u2019entrer dans les d\u00e9tails.<\/p>\n<p>Il y a quelques jours \u00e0 peine, en mission \u00e0 Uvira, le chef d\u2019\u00c9tat-major g\u00e9n\u00e9ral des FARDC saluait la r\u00e9silience des forces arm\u00e9es et des autorit\u00e9s locales face \u00e0 l\u2019avanc\u00e9e des rebelles. Ce discours de f\u00e9licitation para\u00eet d\u00e9sormais en d\u00e9calage criant avec la r\u00e9alit\u00e9 du terrain, o\u00f9 l\u2019indiscipline financi\u00e8re sape les fondements de la coh\u00e9sion militaire.<\/p>\n<p>{{Le pillage en uniforme: chronique d\u2019un effondrement moral}}<\/p>\n<p>Il est des r\u00e9v\u00e9lations qui, loin de surprendre, confirment tragiquement l\u2019\u00e9tat d\u2019agonie morale dans lequel s\u2019enfonce l\u2019institution militaire congolaise. Le d\u00e9tournement, au Sud-Kivu, de la solde des soldats engag\u00e9s sur le front, par l\u2019un de leurs propres officiers sup\u00e9rieurs, jette une lumi\u00e8re crue sur l\u2019incurie institutionnelle qui gangr\u00e8ne les FARDC.<\/p>\n<p>Qu\u2019un colonel, investi du commandement et d\u00e9tenteur d\u2019une confiance hi\u00e9rarchique, puisse prendre la fuite avec les \u00e9moluments destin\u00e9s \u00e0 ceux qui affrontent la mort au quotidien, cela t\u00e9moigne d\u2019une rupture radicale du pacte militaire. Ce n\u2019est plus seulement un abus de pouvoir : c\u2019est une trahison manifeste, un parjure institutionnalis\u00e9, la cons\u00e9cration d\u2019un m\u00e9pris souverain pour la dignit\u00e9 du soldat.<\/p>\n<p>Le drame est double : il est d\u2019abord humain, car derri\u00e8re chaque solde non vers\u00e9e se trouve un combattant abandonn\u00e9, une famille affam\u00e9e, un moral sap\u00e9. Mais il est aussi strat\u00e9gique : on ne gagne pas la guerre avec des soldats humili\u00e9s, on ne d\u00e9fend pas la patrie avec des hommes trahis dans leurs droits les plus \u00e9l\u00e9mentaires. <\/p>\n<p>Que valent les appels \u00e0 la r\u00e9sistance du haut commandement, lorsque dans les coulisses, ceux-l\u00e0 m\u00eames qui devraient incarner l\u2019\u00e9thique du service public se comportent en pr\u00e9dateurs de l\u2019effort national\u202f?<\/p>\n<p>Ce scandale, loin d\u2019\u00eatre isol\u00e9, r\u00e9v\u00e8le une pathologie syst\u00e9mique : une arm\u00e9e dont les m\u00e9canismes internes sont rong\u00e9s par la corruption et la v\u00e9nalit\u00e9, et o\u00f9 le sens de l\u2019honneur semble c\u00e9der la place \u00e0 un cynisme d\u2019apparatchiks en uniforme. La banalisation de tels actes consacre non seulement l\u2019\u00e9chec de l\u2019autorit\u00e9, mais aussi la faillite de toute politique de redressement militaire.<\/p>\n<p>Mais les faits d\u00e9montrent, h\u00e9las, que la guerre n\u2019a pas seulement lieu sur le champ de bataille : elle se livre aussi au sein m\u00eame des institutions, o\u00f9 les plus vils int\u00e9r\u00eats prosp\u00e8rent \u00e0 l\u2019ombre du silence et de l\u2019impunit\u00e9.<\/p>\n<p>Le pillage de la solde des combattants n\u2019est pas un simple fait divers : c\u2019est un acte de sabotage int\u00e9rieur, une d\u00e9faite avant m\u00eame l\u2019affrontement. Il est plus que temps que la R\u00e9publique regarde en face ces failles abyssales et engage, avec une s\u00e9v\u00e9rit\u00e9 sans \u00e9quivoque, une refondation de son appareil militaire. Sans quoi, ni victoire ni paix ne sauraient\u00a0\u00eatre\u00a0esp\u00e9r\u00e9es.<\/p>\n<figure class=\"spip-document spip-document-61169 aligncenter\"><img decoding=\"async\" src=\"https:\/\/fr.igihe.com\/IMG\/jpg\/se-5.jpg\" alt=\"Sylvain Ekenge, porte parole des FARDC\" \/><\/figure>\n","protected":false},"excerpt":{"rendered":"<p>Une fois encore, le spectre du d\u00e9tournement des fonds publics vient entacher l\u2019image d\u00e9j\u00e0 \u00e9prouv\u00e9e des Forces arm\u00e9es de la R\u00e9publique d\u00e9mocratique du Congo (FARDC). Cette fois, c\u2019est au c\u0153ur du Sud-Kivu, r\u00e9gion ravag\u00e9e par les conflits arm\u00e9s, que le scandale a surgi. Des sources militaires concordantes rapportent qu\u2019une somme substantielle, allou\u00e9e \u00e0 la solde des militaires engag\u00e9s sur les lignes de front, a \u00e9t\u00e9 illicitement soustraite. Le principal suspect, identifi\u00e9 comme le colonel Nkulu Kilenge Delphin, est d\u00e9sormais en fuite.<\/p>\n","protected":false},"author":488,"featured_media":4000061168,"comment_status":"open","ping_status":"open","sticky":false,"template":"","format":"standard","meta":{"footnotes":""},"categories":[7544],"tags":[7605],"byline":[9102],"hashtag":[],"class_list":["post-37683","post","type-post","status-publish","format-standard","has-post-thumbnail","hentry","category-politique","tag-homenews","byline-tite-gatabazi"],"bylines":[{"id":9102,"name":"Tite Gatabazi","slug":"tite-gatabazi","description":"","image":{"id":0,"url":"https:\/\/secure.gravatar.com\/avatar\/?s=96&d=mm&f=y&r=g","alt":"Default avatar","title":"Default avatar","caption":"","mime_type":"image\/jpeg","sizes":[]},"user_id":472}],"contributors":[{"id":9102,"name":"Tite Gatabazi","slug":"tite-gatabazi","description":"","image":{"id":0,"url":"https:\/\/secure.gravatar.com\/avatar\/?s=96&d=mm&f=y&r=g","alt":"Default avatar","title":"Default avatar","caption":"","mime_type":"image\/jpeg","sizes":[]},"user_id":472}],"featured_image":{"id":4000061168,"url":"https:\/\/fr-images.igihe.com\/IMG\/logo\/se_cp-4.jpg","alt":"","caption":"","mime_type":"image\/jpeg","width":0,"height":0,"sizes":{"thumbnail":{"url":"https:\/\/fr-images.igihe.com\/IMG\/logo\/se_cp-4.jpg","width":1,"height":1},"medium":{"url":"https:\/\/fr-images.igihe.com\/IMG\/logo\/se_cp-4.jpg","width":1,"height":1},"medium_large":{"url":"https:\/\/fr-images.igihe.com\/IMG\/logo\/se_cp-4.jpg","width":1,"height":1},"large":{"url":"https:\/\/fr-images.igihe.com\/IMG\/logo\/se_cp-4.jpg","width":1,"height":1},"full":{"url":"https:\/\/fr-images.igihe.com\/IMG\/logo\/se_cp-4.jpg","width":0,"height":0}}},"_links":{"self":[{"href":"https:\/\/new.igihe.com\/french\/wp-json\/wp\/v2\/posts\/37683","targetHints":{"allow":["GET"]}}],"collection":[{"href":"https:\/\/new.igihe.com\/french\/wp-json\/wp\/v2\/posts"}],"about":[{"href":"https:\/\/new.igihe.com\/french\/wp-json\/wp\/v2\/types\/post"}],"author":[{"embeddable":true,"href":"https:\/\/new.igihe.com\/french\/wp-json\/wp\/v2\/users\/488"}],"replies":[{"embeddable":true,"href":"https:\/\/new.igihe.com\/french\/wp-json\/wp\/v2\/comments?post=37683"}],"version-history":[{"count":0,"href":"https:\/\/new.igihe.com\/french\/wp-json\/wp\/v2\/posts\/37683\/revisions"}],"wp:featuredmedia":[{"embeddable":true,"href":"https:\/\/new.igihe.com\/french\/wp-json\/wp\/v2\/media\/4000061168"}],"wp:attachment":[{"href":"https:\/\/new.igihe.com\/french\/wp-json\/wp\/v2\/media?parent=37683"}],"wp:term":[{"taxonomy":"category","embeddable":true,"href":"https:\/\/new.igihe.com\/french\/wp-json\/wp\/v2\/categories?post=37683"},{"taxonomy":"post_tag","embeddable":true,"href":"https:\/\/new.igihe.com\/french\/wp-json\/wp\/v2\/tags?post=37683"},{"taxonomy":"byline","embeddable":true,"href":"https:\/\/new.igihe.com\/french\/wp-json\/wp\/v2\/byline?post=37683"},{"taxonomy":"hashtag","embeddable":true,"href":"https:\/\/new.igihe.com\/french\/wp-json\/wp\/v2\/hashtag?post=37683"}],"curies":[{"name":"wp","href":"https:\/\/api.w.org\/{rel}","templated":true}]}}