{"id":37682,"date":"2025-05-19T13:10:34","date_gmt":"2025-05-19T13:10:34","guid":{"rendered":"https:\/\/new.igihe.com\/french\/796-nouveaux-Rwandais-liberes-des-FDLR-rapatries-au-Rwanda-37682\/"},"modified":"2025-05-20T16:32:49","modified_gmt":"2025-05-20T16:32:49","slug":"796-nouveaux-Rwandais-liberes-des-FDLR-rapatries-au-Rwanda","status":"publish","type":"post","link":"https:\/\/new.igihe.com\/french\/796-nouveaux-Rwandais-liberes-des-FDLR-rapatries-au-Rwanda\/","title":{"rendered":"796 nouveaux Rwandais lib\u00e9r\u00e9s des FDLR rapatri\u00e9s au Rwanda"},"content":{"rendered":"<p>\u00c0 l\u2019aube, des agents du HCR ont \u00e9vacu\u00e9 ces rapatri\u00e9s d\u2019un camp situ\u00e9 \u00e0 Goma, avant de les escorter jusqu\u2019au principal poste-fronti\u00e8re entre la RDC et le Rwanda.<\/p>\n<p>Parmi eux, un vieil homme originaire de Musanze a livr\u00e9 un t\u00e9moignage poignant sur les s\u00e9vices subis sous le joug des FDLR depuis son d\u00e9part en RDC en 2003 pour y exercer des activit\u00e9s agricoles. \u00ab Ils venaient la nuit pour nous pers\u00e9cuter, ont d\u00e9truit notre village et nous ont fr\u00e9quemment tortur\u00e9s \u00bb, a-t-il confi\u00e9, pr\u00e9cisant qu\u2019il vivait \u00e0 Katale, dans la province du Nord-Kivu.<\/p>\n<p>De son c\u00f4t\u00e9, Nibishaka Marcel Kagabo, 31 ans, a racont\u00e9 qu\u2019il r\u00e9sidait \u00e0 Kagusa, dans la chefferie de Masisi (Nord-Kivu), et que lui et sa famille s\u2019\u00e9taient r\u00e9fugi\u00e9s en RDC en 1994, apr\u00e8s le g\u00e9nocide perp\u00e9tr\u00e9 contre les Tutsi au Rwanda.<\/p>\n<p>Les t\u00e9moignages font \u00e9galement \u00e9tat de pillages r\u00e9guliers perp\u00e9tr\u00e9s par les FDLR. \u00ab Ils venaient la nuit pour voler notre b\u00e9tail et nos vivres. Ils n\u2019osaient jamais s\u2019aventurer en plein jour, car notre habitation se trouvait loin de la for\u00eat. \u00bb, a rapport\u00e9 un ancien otage.<\/p>\n<p>Uwamariya Valentine a quant \u00e0 elle exprim\u00e9 sa joie de rentrer au Rwanda apr\u00e8s plusieurs ann\u00e9es pass\u00e9es en RDC avec ses six enfants. \u00ab Ma famille vit au Rwanda. J\u2019y ai moi aussi v\u00e9cu, et je suis enfin heureuse de pouvoir la retrouver avec mes enfants \u00bb, a-t-elle confi\u00e9.<\/p>\n<p>De son c\u00f4t\u00e9, le Dr Oscar Balinda, porte-parole adjoint de la coalition AFC\/M23, a accus\u00e9 les FDLR et l\u2019\u00c9tat congolais d\u2019avoir utilis\u00e9 des civils, notamment des Rwandais, comme boucliers humains dans les zones de combat.<\/p>\n<p>\u00ab Ces personnes ont \u00e9t\u00e9 prises en otage par les FDLR. C\u2019est une m\u00e9thode bien connue, \u00e9galement employ\u00e9e par l\u2019\u00c9tat congolais. Les camps de Kanyaruchinya, Mugunga et Lushagala avaient \u00e9t\u00e9 plac\u00e9s sous leur contr\u00f4le dans le but de maintenir les civils au c\u0153ur des zones de conflit \u00bb, a-t-il d\u00e9clar\u00e9.<\/p>\n<p>La premi\u00e8re vague de rapatri\u00e9s, compos\u00e9e de 360 personnes, est rentr\u00e9e au pays le 17 mai dernier. Elle a \u00e9t\u00e9 accueillie au camp temporaire de Kijote, dans le district de Nyabihu, avant leur r\u00e9installation dans leurs r\u00e9gions d\u2019origine. Quant \u00e0 la seconde vague, elle a \u00e9t\u00e9 dirig\u00e9e vers le camp de Nyarushishi, dans le district de Rusizi, en raison de la capacit\u00e9 d\u2019accueil limit\u00e9e de celui de Kijote, qui ne peut h\u00e9berger plus de 500 personnes.<\/p>\n<p>Plus de 1 000 Rwandais attendent encore leur rapatriement depuis le camp de Goma, dans le cadre des prochains convois. Au total, environ 2 500 personnes ont exprim\u00e9 leur volont\u00e9 de rentrer volontairement au Rwanda, apr\u00e8s avoir \u00e9t\u00e9 longtemps retenues par les FDLR.<\/p>\n<p>Mulindwa Prosper, chef du district de Rubavu, a assur\u00e9 que tous les rapatri\u00e9s recevraient les documents administratifs n\u00e9cessaires, ainsi que des opportunit\u00e9s in\u00e9dites.<\/p>\n<p>\u00ab Les enfants seront scolaris\u00e9s, et les adultes b\u00e9n\u00e9ficieront de formations professionnelles leur permettant d\u2019investir dans leur propre d\u00e9veloppement \u00bb, a-t-il d\u00e9clar\u00e9.<\/p>\n<p>\u00ab Ce qui vous faisait peur est d\u00e9sormais derri\u00e8re vous\u2026 Soyez apais\u00e9s, car vous avez enfin l\u2019occasion de construire un avenir stable. En RDC, vous viviez dans l\u2019incertitude au quotidien. \u00bb a-t-il ajout\u00e9.<\/p>\n<p>Le chef du district a \u00e9galement soulign\u00e9 l\u2019importance des programmes de lutte contre la pauvret\u00e9, tels que &#8220;Girinka&#8221;, qui offrent de r\u00e9elles perspectives de reconstruction : \u00ab Dans les ann\u00e9es \u00e0 venir, nombreux seront ceux d\u2019entre vous qui deviendront \u00e9leveurs de b\u00e9tail \u00bb, a-t-il affirm\u00e9.<\/p>\n<p>Enfin, le maire Mulindwa a encourag\u00e9 les rapatri\u00e9s \u00e0 s\u2019engager pleinement dans les initiatives nationales et \u00e0 participer r\u00e9guli\u00e8rement aux r\u00e9unions communautaires, soulignant que celles-ci permettent d\u2019acc\u00e9der aux informations et opportunit\u00e9s offertes par le pays.<\/p>\n<figure class=\"spip-document spip-document-61167 aligncenter\"><img decoding=\"async\" src=\"https:\/\/fr.igihe.com\/IMG\/jpg\/ot_1.jpg\" alt=\"Le Rwanda a accueilli ce lundi 19 mai 2025 un nouveau groupe de 796 Rwandais, qui avaient \u00e9t\u00e9 pris en otage par les FDLR\" \/><\/figure>\n<figure class=\"spip-document spip-document-61166 aligncenter\"><img decoding=\"async\" src=\"https:\/\/fr.igihe.com\/IMG\/jpg\/ot_3.jpg\" alt=\"Ces rapatri\u00e9s ont \u00e9t\u00e9 \u00e9vacu\u00e9s d\u00e8s l\u2019aube d\u2019un camp situ\u00e9 dans la ville de Goma par des agents du Haut-Commissariat des Nations Unies pour les R\u00e9fugi\u00e9s \" \/><\/figure>\n<figure class=\"spip-document spip-document-61165 aligncenter\"><img decoding=\"async\" src=\"https:\/\/fr.igihe.com\/IMG\/jpg\/ot_2.jpg\" alt=\"\" \/><\/figure>\n<figure class=\"spip-document spip-document-61164 aligncenter\"><img decoding=\"async\" src=\"https:\/\/fr.igihe.com\/IMG\/jpg\/ot_4.jpg\" alt=\"Nombreux d\u2019entre eux ont racont\u00e9 le calvaire qu\u2019ils enduraient\" \/><\/figure>\n<figure class=\"spip-document spip-document-61163 aligncenter\"><img decoding=\"async\" src=\"https:\/\/fr.igihe.com\/IMG\/jpg\/ot_5.jpg\" alt=\"Ces anciens otages ont rapport\u00e9 que les FDLR pillaient syst\u00e9matiquement leurs biens\" \/><\/figure>\n<figure class=\"spip-document spip-document-61162 aligncenter\"><img decoding=\"async\" src=\"https:\/\/fr.igihe.com\/IMG\/jpg\/ot_6.jpg\" alt=\"Les rapatri\u00e9s ont exprim\u00e9 leur joie de retrouver leur pays et leurs proches\" \/><\/figure>\n<figure class=\"spip-document spip-document-61161 aligncenter\"><img decoding=\"async\" src=\"https:\/\/fr.igihe.com\/IMG\/jpg\/ot_7.jpg\" alt=\"Les FDLR et l\u2019\u00c9tat congolais for\u00e7aient les civils, notamment rwandais, \u00e0 rester dans les zones de conflit afin de s\u2019en servir comme boucliers humains\" \/><\/figure>\n<figure class=\"spip-document spip-document-61160 aligncenter\"><img decoding=\"async\" src=\"https:\/\/fr.igihe.com\/IMG\/jpg\/ot_8.jpg\" alt=\"\" \/><\/figure>\n<figure class=\"spip-document spip-document-61159 aligncenter\"><img decoding=\"async\" src=\"https:\/\/fr.igihe.com\/IMG\/jpg\/ot_9.jpg\" alt=\"Le chef du district de Rubavu a assur\u00e9 que tous les rapatri\u00e9s recevraient les documents administratifs n\u00e9cessaires, ainsi que des opportunit\u00e9s in\u00e9dites\" \/><\/figure>\n<figure class=\"spip-document spip-document-61158 aligncenter\"><img decoding=\"async\" src=\"https:\/\/fr.igihe.com\/IMG\/jpg\/ot_10.jpg\" alt=\"Plus de 1 000 Rwandais attendent encore leur rapatriement depuis le camp de Goma, dans le cadre des prochains convois\" \/><\/figure>\n<figure class=\"spip-document spip-document-61157 aligncenter\"><img decoding=\"async\" src=\"https:\/\/fr.igihe.com\/IMG\/jpg\/ot_11.jpg\" alt=\"\" \/><\/figure>\n<figure class=\"spip-document spip-document-61156 aligncenter\"><img decoding=\"async\" src=\"https:\/\/fr.igihe.com\/IMG\/jpg\/ot_12.jpg\" alt=\"\" \/><\/figure>\n<figure class=\"spip-document spip-document-61155 aligncenter\"><img decoding=\"async\" src=\"https:\/\/fr.igihe.com\/IMG\/jpg\/ot_13.jpg\" alt=\"Mulindwa Prosper a exhort\u00e9 les rapatri\u00e9s \u00e0 s\u2019impliquer activement dans les programmes nationaux et \u00e0 participer r\u00e9guli\u00e8rement aux r\u00e9unions communautaires\" \/><\/figure>\n","protected":false},"excerpt":{"rendered":"<p>Le Rwanda a accueilli ce lundi 19 mai 2025 un nouveau groupe de 796 Rwandais, qui avaient \u00e9t\u00e9 pris en otage par le groupe terroriste &#8220;Forces d\u00e9mocratiques de lib\u00e9ration du Rwanda&#8221; (FDLR), op\u00e9rant dans l\u2019Est de la R\u00e9publique D\u00e9mocratique du Congo.<\/p>\n","protected":false},"author":488,"featured_media":4000061154,"comment_status":"open","ping_status":"open","sticky":false,"template":"","format":"standard","meta":{"footnotes":""},"categories":[7587],"tags":[7605],"byline":[7717],"hashtag":[],"class_list":["post-37682","post","type-post","status-publish","format-standard","has-post-thumbnail","hentry","category-justice","tag-homenews","byline-igihe"],"bylines":[{"id":7717,"name":"IGIHE","slug":"igihe","description":"","image":{"id":0,"url":"https:\/\/secure.gravatar.com\/avatar\/?s=96&d=mm&f=y&r=g","alt":"Default avatar","title":"Default avatar","caption":"","mime_type":"image\/jpeg","sizes":[]},"user_id":393}],"contributors":[{"id":7717,"name":"IGIHE","slug":"igihe","description":"","image":{"id":0,"url":"https:\/\/secure.gravatar.com\/avatar\/?s=96&d=mm&f=y&r=g","alt":"Default avatar","title":"Default avatar","caption":"","mime_type":"image\/jpeg","sizes":[]},"user_id":393}],"featured_image":{"id":4000061154,"url":"https:\/\/fr-images.igihe.com\/IMG\/logo\/cpp-2.jpg","alt":"","caption":"","mime_type":"image\/jpeg","width":0,"height":0,"sizes":{"thumbnail":{"url":"https:\/\/fr-images.igihe.com\/IMG\/logo\/cpp-2.jpg","width":1,"height":1},"medium":{"url":"https:\/\/fr-images.igihe.com\/IMG\/logo\/cpp-2.jpg","width":1,"height":1},"medium_large":{"url":"https:\/\/fr-images.igihe.com\/IMG\/logo\/cpp-2.jpg","width":1,"height":1},"large":{"url":"https:\/\/fr-images.igihe.com\/IMG\/logo\/cpp-2.jpg","width":1,"height":1},"full":{"url":"https:\/\/fr-images.igihe.com\/IMG\/logo\/cpp-2.jpg","width":0,"height":0}}},"_links":{"self":[{"href":"https:\/\/new.igihe.com\/french\/wp-json\/wp\/v2\/posts\/37682","targetHints":{"allow":["GET"]}}],"collection":[{"href":"https:\/\/new.igihe.com\/french\/wp-json\/wp\/v2\/posts"}],"about":[{"href":"https:\/\/new.igihe.com\/french\/wp-json\/wp\/v2\/types\/post"}],"author":[{"embeddable":true,"href":"https:\/\/new.igihe.com\/french\/wp-json\/wp\/v2\/users\/488"}],"replies":[{"embeddable":true,"href":"https:\/\/new.igihe.com\/french\/wp-json\/wp\/v2\/comments?post=37682"}],"version-history":[{"count":0,"href":"https:\/\/new.igihe.com\/french\/wp-json\/wp\/v2\/posts\/37682\/revisions"}],"wp:featuredmedia":[{"embeddable":true,"href":"https:\/\/new.igihe.com\/french\/wp-json\/wp\/v2\/media\/4000061154"}],"wp:attachment":[{"href":"https:\/\/new.igihe.com\/french\/wp-json\/wp\/v2\/media?parent=37682"}],"wp:term":[{"taxonomy":"category","embeddable":true,"href":"https:\/\/new.igihe.com\/french\/wp-json\/wp\/v2\/categories?post=37682"},{"taxonomy":"post_tag","embeddable":true,"href":"https:\/\/new.igihe.com\/french\/wp-json\/wp\/v2\/tags?post=37682"},{"taxonomy":"byline","embeddable":true,"href":"https:\/\/new.igihe.com\/french\/wp-json\/wp\/v2\/byline?post=37682"},{"taxonomy":"hashtag","embeddable":true,"href":"https:\/\/new.igihe.com\/french\/wp-json\/wp\/v2\/hashtag?post=37682"}],"curies":[{"name":"wp","href":"https:\/\/api.w.org\/{rel}","templated":true}]}}