{"id":37681,"date":"2025-05-19T16:20:00","date_gmt":"2025-05-19T16:20:00","guid":{"rendered":"https:\/\/new.igihe.com\/french\/Rapatriement-d-otages-rwandais-des-FDLR-en-RDC-37681\/"},"modified":"2025-05-20T16:20:24","modified_gmt":"2025-05-20T16:20:24","slug":"Rapatriement-d-otages-rwandais-des-FDLR-en-RDC","status":"publish","type":"post","link":"https:\/\/new.igihe.com\/french\/Rapatriement-d-otages-rwandais-des-FDLR-en-RDC\/","title":{"rendered":"Rapatriement d&#8217;otages rwandais des FDLR en RDC"},"content":{"rendered":"<p>Pendant des ann\u00e9es, sous couvert de neutralit\u00e9 bienveillante, des structures pr\u00e9tendument vou\u00e9es \u00e0 la protection des civils ont ferm\u00e9 les yeux ou pire, ont servi d\u2019alibi diplomatique \u00e0 la prise d\u2019otages de centaines de Rwandais par les FDLR, une organisation dont l\u2019ADN g\u00e9nocidaire est pourtant av\u00e9r\u00e9 et document\u00e9. <\/p>\n<p>Cette forme d\u2019aveuglement volontaire, oscillant entre passivit\u00e9 complice et indulgence strat\u00e9gique, trahit le d\u00e9ni des fractures profondes qui minent l\u2019Est de la R\u00e9publique d\u00e9mocratique du Congo. L\u2019on ne peut pr\u00e9tendre d\u00e9fendre les principes universels tout en tol\u00e9rant, voire en l\u00e9gitimant par le silence, une prise d\u2019otages prolong\u00e9e, inscrite dans une logique de pr\u00e9dation politique. <\/p>\n<p>Ce mutisme coupable, doubl\u00e9 d\u2019une incapacit\u00e9 structurelle \u00e0 agir avec fermet\u00e9, jette une ombre lourde sur la cr\u00e9dibilit\u00e9 de l\u2019engagement humanitaire international, d\u00e9sormais per\u00e7u par les populations locales non plus comme vecteur d\u2019esp\u00e9rance, mais comme rouage d\u2019un ordre mondial o\u00f9 la souffrance des uns se mesure \u00e0 l\u2019aune de l\u2019utilit\u00e9 g\u00e9opolitique qu\u2019elle repr\u00e9sente.<\/p>\n<p>Ce 17 mai 2025, dans une relative discr\u00e9tion m\u00e9diatique, un contingent de 360 ressortissants rwandais a franchi la grande barri\u00e8re de Goma pour regagner leur terre natale, sous l\u2019\u00e9gide du Haut-Commissariat des Nations unies pour les r\u00e9fugi\u00e9s (HCR). Pr\u00e9sent\u00e9s comme des civils d\u00e9tenus depuis de longues ann\u00e9es par les FDLR, leur retour inaugure la premi\u00e8re phase d\u2019un ambitieux programme de rapatriement visant plus de deux mille personnes, longtemps captives de la guerre, de l\u2019oubli, et des impasses diplomatiques.<\/p>\n<p>Ce geste, de prime abord salu\u00e9 comme une avanc\u00e9e humanitaire, ne saurait pourtant masquer les complexit\u00e9s abyssales du conflit \u00e0 l\u2019Est de la R\u00e9publique d\u00e9mocratique du Congo. Il s\u2019inscrit dans un th\u00e9\u00e2tre d\u00e9chirant o\u00f9 la trag\u00e9die des individus sert souvent de toile de fond \u00e0 des luttes de pouvoir sans scrupule, \u00e0 des rh\u00e9toriques guerri\u00e8res cyniquement instrumentalis\u00e9es, et \u00e0 une diplomatie r\u00e9gionale marqu\u00e9e par le double langage et les int\u00e9r\u00eats crois\u00e9s.<\/p>\n<p>Les FDLR, groupe toujours toxique, compos\u00e9 en grande partie d\u2019anciens militaires et miliciens li\u00e9s aux auteurs du g\u00e9nocide contre les tutsi de 1994, continuent d\u2019op\u00e9rer dans les marges fractur\u00e9es de la RDC, profitant des interstices laiss\u00e9s b\u00e9ants par l\u2019\u00c9tat congolais. <\/p>\n<p>Leur pr\u00e9sence prolong\u00e9e sur le sol congolais, tol\u00e9r\u00e9e voire utilis\u00e9e comme levier politique \u00e0 certaines \u00e9poques, est le sympt\u00f4me d\u2019un d\u00e9s\u00e9quilibre plus profond : celui d\u2019un \u00c9tat incapable de garantir son monopole de la violence l\u00e9gitime, abandonnant des pans entiers de son territoire \u00e0 la loi du plus fort.<\/p>\n<p>Dans ce contexte, le rapatriement des otages rwandais soul\u00e8ve plusieurs questions d\u2019ordre g\u00e9opolitique, s\u00e9curitaire et moral. Il interroge la capacit\u00e9 r\u00e9elle de Kinshasa \u00e0 d\u00e9sarmer, d\u00e9manteler et neutraliser les groupes arm\u00e9s \u00e9trangers, et \u00e0 restaurer une autorit\u00e9 de l\u2019Etat que dans le discours. Il convoque \u00e9galement la responsabilit\u00e9 trop souvent \u00e9lud\u00e9e, des puissances \u00e9trang\u00e8res dans l\u2019entretien de ces foyers de tension chroniques. <\/p>\n<p>Car derri\u00e8re l\u2019acte symbolique de lib\u00e9ration se cache une m\u00e9canique plus opaque : celle d\u2019un \u00e9chiquier diplomatique mouvant, o\u00f9 la RDC semble osciller entre la volont\u00e9 de normaliser ses relations bilat\u00e9rales et celle de maintenir certains \u00e9quilibres pr\u00e9caires, au prix du silence sur des drames humains prolong\u00e9s.<\/p>\n<p>Et que dire du traitement m\u00e9diatique de cet \u00e9v\u00e9nement ? Ce retour, aussi dramatique que significatif, n\u2019aura pas mobilis\u00e9 les indignations s\u00e9lectives d\u2019une presse internationale prompte \u00e0 s\u2019\u00e9mouvoir selon des g\u00e9om\u00e9tries id\u00e9ologiques variables. Pas de gros titres, pas de tribunes enflamm\u00e9es, pas de mobilisations des chancelleries occidentales. <\/p>\n<p>Ces victimes de l\u2019oubli ne cadrent pas avec les narrations convenues de la victimologie contemporaine. Leur calvaire prolong\u00e9, leur d\u00e9tention arbitraire, leur droit fondamental \u00e0 la libert\u00e9, sont pass\u00e9s sous silence par ceux-l\u00e0 m\u00eames qui s\u2019\u00e9rigent en gardiens auto-proclam\u00e9s des droits humains et des principes d\u00e9mocratiques. Ce silence en dit long sur les impens\u00e9s du discours humanitaire global, et sur les angles morts volontaires d\u2019une morale internationale \u00e0 g\u00e9om\u00e9trie variable.<\/p>\n<p>Il ne suffit pas de transf\u00e9rer des otages : il faut d\u00e9manteler les structures de captivit\u00e9, ass\u00e9cher les ressources politiques, \u00e9conomiques et sociales qui permettent aux groupes arm\u00e9s de perdurer. Il faut, enfin, inscrire cette dynamique dans un cadre r\u00e9gional concert\u00e9, qui affronte sans d\u00e9tour la question des FDLR, du retour des r\u00e9fugi\u00e9s, et des responsabilit\u00e9s historiques partag\u00e9es.<\/p>\n<p>Sans cela, le retour de ces 360 personnes, aussi \u00e9mouvant soit-il, ne sera qu\u2019un \u00e9piph\u00e9nom\u00e8ne. Et les trag\u00e9dies muettes de milliers d\u2019autres, retenus loin de leurs terres, continueront de s\u2019\u00e9crire dans les marges de l\u2019histoire, loin des cam\u00e9ras et des consciences.<\/p>\n<figure class=\"spip-document spip-document-61152 aligncenter\"><img decoding=\"async\" src=\"https:\/\/fr.igihe.com\/IMG\/jpg\/g1-4.jpg\" alt=\"\" \/><\/figure>\n<figure class=\"spip-document spip-document-61151 aligncenter\"><img decoding=\"async\" src=\"https:\/\/fr.igihe.com\/IMG\/jpg\/g3-4.jpg\" alt=\"\" \/><\/figure>\n<figure class=\"spip-document spip-document-61153 aligncenter\"><img decoding=\"async\" src=\"https:\/\/fr.igihe.com\/IMG\/jpg\/g2-4.jpg\" alt=\"\" \/><\/figure>\n<figure class=\"spip-document spip-document-61150 aligncenter\"><img decoding=\"async\" src=\"https:\/\/fr.igihe.com\/IMG\/jpg\/g4-4.jpg\" alt=\"\" \/><\/figure>\n","protected":false},"excerpt":{"rendered":"<p>Entre l\u2019\u00e9chec manifeste des organisations humanitaires, le silence assourdissant des d\u00e9fenseurs autoproclam\u00e9s des droits humains et la compromission \u00e0 peine voil\u00e9e de certains acteurs internationaux, se dessine le portrait accablant d\u2019un syst\u00e8me moralement d\u00e9faillant. <\/p>\n","protected":false},"author":488,"featured_media":4000061149,"comment_status":"open","ping_status":"open","sticky":false,"template":"","format":"standard","meta":{"footnotes":""},"categories":[7544],"tags":[7605],"byline":[9102],"hashtag":[],"class_list":["post-37681","post","type-post","status-publish","format-standard","has-post-thumbnail","hentry","category-politique","tag-homenews","byline-tite-gatabazi"],"bylines":[{"id":9102,"name":"Tite Gatabazi","slug":"tite-gatabazi","description":"","image":{"id":0,"url":"https:\/\/secure.gravatar.com\/avatar\/?s=96&d=mm&f=y&r=g","alt":"Default avatar","title":"Default avatar","caption":"","mime_type":"image\/jpeg","sizes":[]},"user_id":472}],"contributors":[{"id":9102,"name":"Tite Gatabazi","slug":"tite-gatabazi","description":"","image":{"id":0,"url":"https:\/\/secure.gravatar.com\/avatar\/?s=96&d=mm&f=y&r=g","alt":"Default avatar","title":"Default avatar","caption":"","mime_type":"image\/jpeg","sizes":[]},"user_id":472}],"featured_image":{"id":4000061149,"url":"https:\/\/fr-images.igihe.com\/IMG\/logo\/cp-56.jpg","alt":"","caption":"","mime_type":"image\/jpeg","width":0,"height":0,"sizes":{"thumbnail":{"url":"https:\/\/fr-images.igihe.com\/IMG\/logo\/cp-56.jpg","width":1,"height":1},"medium":{"url":"https:\/\/fr-images.igihe.com\/IMG\/logo\/cp-56.jpg","width":1,"height":1},"medium_large":{"url":"https:\/\/fr-images.igihe.com\/IMG\/logo\/cp-56.jpg","width":1,"height":1},"large":{"url":"https:\/\/fr-images.igihe.com\/IMG\/logo\/cp-56.jpg","width":1,"height":1},"full":{"url":"https:\/\/fr-images.igihe.com\/IMG\/logo\/cp-56.jpg","width":0,"height":0}}},"_links":{"self":[{"href":"https:\/\/new.igihe.com\/french\/wp-json\/wp\/v2\/posts\/37681","targetHints":{"allow":["GET"]}}],"collection":[{"href":"https:\/\/new.igihe.com\/french\/wp-json\/wp\/v2\/posts"}],"about":[{"href":"https:\/\/new.igihe.com\/french\/wp-json\/wp\/v2\/types\/post"}],"author":[{"embeddable":true,"href":"https:\/\/new.igihe.com\/french\/wp-json\/wp\/v2\/users\/488"}],"replies":[{"embeddable":true,"href":"https:\/\/new.igihe.com\/french\/wp-json\/wp\/v2\/comments?post=37681"}],"version-history":[{"count":0,"href":"https:\/\/new.igihe.com\/french\/wp-json\/wp\/v2\/posts\/37681\/revisions"}],"wp:featuredmedia":[{"embeddable":true,"href":"https:\/\/new.igihe.com\/french\/wp-json\/wp\/v2\/media\/4000061149"}],"wp:attachment":[{"href":"https:\/\/new.igihe.com\/french\/wp-json\/wp\/v2\/media?parent=37681"}],"wp:term":[{"taxonomy":"category","embeddable":true,"href":"https:\/\/new.igihe.com\/french\/wp-json\/wp\/v2\/categories?post=37681"},{"taxonomy":"post_tag","embeddable":true,"href":"https:\/\/new.igihe.com\/french\/wp-json\/wp\/v2\/tags?post=37681"},{"taxonomy":"byline","embeddable":true,"href":"https:\/\/new.igihe.com\/french\/wp-json\/wp\/v2\/byline?post=37681"},{"taxonomy":"hashtag","embeddable":true,"href":"https:\/\/new.igihe.com\/french\/wp-json\/wp\/v2\/hashtag?post=37681"}],"curies":[{"name":"wp","href":"https:\/\/api.w.org\/{rel}","templated":true}]}}