{"id":37676,"date":"2025-05-17T16:16:23","date_gmt":"2025-05-17T16:16:23","guid":{"rendered":"https:\/\/new.igihe.com\/french\/Le-Rwanda-rapatrie-360-ressortissants-detenus-en-otage-par-les-FDLR-37676\/"},"modified":"2025-05-20T12:36:45","modified_gmt":"2025-05-20T12:36:45","slug":"Le-Rwanda-rapatrie-360-ressortissants-detenus-en-otage-par-les-FDLR","status":"publish","type":"post","link":"https:\/\/new.igihe.com\/french\/Le-Rwanda-rapatrie-360-ressortissants-detenus-en-otage-par-les-FDLR\/","title":{"rendered":"Le Rwanda rapatrie 360 ressortissants d\u00e9tenus en otage par les FDLR"},"content":{"rendered":"<p>La majorit\u00e9 des personnes rapatri\u00e9es, principalement des femmes et des enfants, sont arriv\u00e9es \u00e0 la fronti\u00e8re entre le Rwanda et la RDC dans la matin\u00e9e de ce 17 mai 2025. Avant leur transfert en bus vers le camp de Kijote, situ\u00e9 dans le district de Nyabihu (province de l\u2019Ouest), elles ont subi un contr\u00f4le m\u00e9dical de base, incluant notamment une prise de temp\u00e9rature. <\/p>\n<p>Le maire du district de Rubavu, Mulindwa Prosper, a rapport\u00e9 que les rapatri\u00e9s, inform\u00e9s des am\u00e9liorations des conditions de vie de leurs compatriotes, ont exprim\u00e9 leur souhait de rentrer au pays.<\/p>\n<p>\u00ab Leur enthousiasme t\u00e9moignait d\u2019une vive \u00e9motion. Il \u00e9tait \u00e9vident qu\u2019ils d\u00e9couvraient une r\u00e9alit\u00e9 qu\u2019ils ignoraient jusque-l\u00e0, ayant \u00e9t\u00e9 auparavant expos\u00e9s \u00e0 des informations erron\u00e9es \u00bb, a expliqu\u00e9 le maire.<\/p>\n<p>Claudine Mutoni, 20 ans, n\u00e9e en RDC, a relat\u00e9 les mauvais traitements inflig\u00e9s par les FDLR, \u00e9voquant un travail forc\u00e9 et des violences. \u00ab Les FDLR maltraitaient les gens, battaient les hommes et nous obligeait \u00e0 accomplir des t\u00e2ches tr\u00e8s p\u00e9nibles. En revenant ici et en voyant l\u2019accueil qui nous est r\u00e9serv\u00e9, je suis convaincue que ma vie va vraiment changer \u00bb, a-t-elle d\u00e9clar\u00e9.<\/p>\n<p>Au total, les forces de l\u2019AFC\/M23 ont lib\u00e9r\u00e9 2 500 rwandais, retenus en otage par les FDLR. Les autres personnes secourues se trouvent actuellement dans un centre d\u2019accueil temporaire pour r\u00e9fugi\u00e9s \u00e0 Goma, o\u00f9 elles re\u00e7oivent l\u2019assistance du HCR en attendant leur rapatriement lors des prochaines phases.<\/p>\n<p>Les FDLR sont un groupe terroriste compos\u00e9 d\u2019individus responsables du g\u00e9nocide de 1994 contre les Tutsi. En plus d\u2019emp\u00eacher les rwandais r\u00e9fugi\u00e9s en RDC de regagner leur pays, ce groupe est \u00e9galement responsable de nombreuses exactions contre les civils congolais, en particulier au sein des communaut\u00e9s tutsi.<\/p>\n<figure class=\"spip-document spip-document-61136 aligncenter\"><img decoding=\"async\" src=\"https:\/\/fr.igihe.com\/IMG\/jpg\/r1-6.jpg\" alt=\"\" \/><\/figure>\n<figure class=\"spip-document spip-document-61135 aligncenter\"><img decoding=\"async\" src=\"https:\/\/fr.igihe.com\/IMG\/jpg\/r2-6.jpg\" alt=\"\" \/><\/figure>\n<figure class=\"spip-document spip-document-61134 aligncenter\"><img decoding=\"async\" src=\"https:\/\/fr.igihe.com\/IMG\/jpg\/r3-5.jpg\" alt=\"\" \/><\/figure>\n<figure class=\"spip-document spip-document-61133 aligncenter\"><img decoding=\"async\" src=\"https:\/\/fr.igihe.com\/IMG\/jpg\/r5-5.jpg\" alt=\"\" \/><\/figure>\n<figure class=\"spip-document spip-document-61132 aligncenter\"><img decoding=\"async\" src=\"https:\/\/fr.igihe.com\/IMG\/jpg\/r4-5.jpg\" alt=\"\" \/><\/figure>\n<figure class=\"spip-document spip-document-61131 aligncenter\"><img decoding=\"async\" src=\"https:\/\/fr.igihe.com\/IMG\/jpg\/r6-4.jpg\" alt=\"\" \/><\/figure>\n<figure class=\"spip-document spip-document-61130 aligncenter\"><img decoding=\"async\" src=\"https:\/\/fr.igihe.com\/IMG\/jpg\/r7-4.jpg\" alt=\"\" \/><\/figure>\n<figure class=\"spip-document spip-document-61129 aligncenter\"><img decoding=\"async\" src=\"https:\/\/fr.igihe.com\/IMG\/jpg\/r9-4.jpg\" alt=\"\" \/><\/figure>\n<figure class=\"spip-document spip-document-61128 aligncenter\"><img decoding=\"async\" src=\"https:\/\/fr.igihe.com\/IMG\/jpg\/r8-4.jpg\" alt=\"\" \/><\/figure>\n","protected":false},"excerpt":{"rendered":"<p>Le Rwanda a accueilli 360 de ses ressortissants qui \u00e9taient retenus en otage dans l\u2019est de la R\u00e9publique d\u00e9mocratique du Congo par le groupe terroriste FDLR.<\/p>\n","protected":false},"author":488,"featured_media":4000061137,"comment_status":"open","ping_status":"open","sticky":false,"template":"","format":"standard","meta":{"footnotes":""},"categories":[7529],"tags":[7605],"byline":[7717],"hashtag":[],"class_list":["post-37676","post","type-post","status-publish","format-standard","has-post-thumbnail","hentry","category-actualite-3","tag-homenews","byline-igihe"],"bylines":[{"id":7717,"name":"IGIHE","slug":"igihe","description":"","image":{"id":0,"url":"https:\/\/secure.gravatar.com\/avatar\/?s=96&d=mm&f=y&r=g","alt":"Default avatar","title":"Default avatar","caption":"","mime_type":"image\/jpeg","sizes":[]},"user_id":393}],"contributors":[{"id":7717,"name":"IGIHE","slug":"igihe","description":"","image":{"id":0,"url":"https:\/\/secure.gravatar.com\/avatar\/?s=96&d=mm&f=y&r=g","alt":"Default avatar","title":"Default avatar","caption":"","mime_type":"image\/jpeg","sizes":[]},"user_id":393}],"featured_image":{"id":4000061137,"url":"https:\/\/fr-images.igihe.com\/IMG\/logo\/cprf.jpg","alt":"","caption":"","mime_type":"image\/jpeg","width":0,"height":0,"sizes":{"thumbnail":{"url":"https:\/\/fr-images.igihe.com\/IMG\/logo\/cprf.jpg","width":1,"height":1},"medium":{"url":"https:\/\/fr-images.igihe.com\/IMG\/logo\/cprf.jpg","width":1,"height":1},"medium_large":{"url":"https:\/\/fr-images.igihe.com\/IMG\/logo\/cprf.jpg","width":1,"height":1},"large":{"url":"https:\/\/fr-images.igihe.com\/IMG\/logo\/cprf.jpg","width":1,"height":1},"full":{"url":"https:\/\/fr-images.igihe.com\/IMG\/logo\/cprf.jpg","width":0,"height":0}}},"_links":{"self":[{"href":"https:\/\/new.igihe.com\/french\/wp-json\/wp\/v2\/posts\/37676","targetHints":{"allow":["GET"]}}],"collection":[{"href":"https:\/\/new.igihe.com\/french\/wp-json\/wp\/v2\/posts"}],"about":[{"href":"https:\/\/new.igihe.com\/french\/wp-json\/wp\/v2\/types\/post"}],"author":[{"embeddable":true,"href":"https:\/\/new.igihe.com\/french\/wp-json\/wp\/v2\/users\/488"}],"replies":[{"embeddable":true,"href":"https:\/\/new.igihe.com\/french\/wp-json\/wp\/v2\/comments?post=37676"}],"version-history":[{"count":0,"href":"https:\/\/new.igihe.com\/french\/wp-json\/wp\/v2\/posts\/37676\/revisions"}],"wp:featuredmedia":[{"embeddable":true,"href":"https:\/\/new.igihe.com\/french\/wp-json\/wp\/v2\/media\/4000061137"}],"wp:attachment":[{"href":"https:\/\/new.igihe.com\/french\/wp-json\/wp\/v2\/media?parent=37676"}],"wp:term":[{"taxonomy":"category","embeddable":true,"href":"https:\/\/new.igihe.com\/french\/wp-json\/wp\/v2\/categories?post=37676"},{"taxonomy":"post_tag","embeddable":true,"href":"https:\/\/new.igihe.com\/french\/wp-json\/wp\/v2\/tags?post=37676"},{"taxonomy":"byline","embeddable":true,"href":"https:\/\/new.igihe.com\/french\/wp-json\/wp\/v2\/byline?post=37676"},{"taxonomy":"hashtag","embeddable":true,"href":"https:\/\/new.igihe.com\/french\/wp-json\/wp\/v2\/hashtag?post=37676"}],"curies":[{"name":"wp","href":"https:\/\/api.w.org\/{rel}","templated":true}]}}