{"id":37670,"date":"2025-05-16T15:37:49","date_gmt":"2025-05-16T15:37:49","guid":{"rendered":"https:\/\/new.igihe.com\/french\/Burundi-Gaston-Sindimwo-alerte-sur-les-risques-securitaires-lies-au-conflit-en-37670\/"},"modified":"2025-05-16T15:22:33","modified_gmt":"2025-05-16T15:22:33","slug":"Burundi-Gaston-Sindimwo-alerte-sur-les-risques-securitaires-lies-au-conflit-en","status":"publish","type":"post","link":"https:\/\/new.igihe.com\/french\/Burundi-Gaston-Sindimwo-alerte-sur-les-risques-securitaires-lies-au-conflit-en\/","title":{"rendered":"Burundi : Gaston Sindimwo alerte sur les risques s\u00e9curitaires li\u00e9s au conflit en RDC"},"content":{"rendered":"<p>Gaston Sindimwo a r\u00e9cemment exprim\u00e9 de vives inqui\u00e9tudes concernant l\u2019implication militaire du Burundi dans le conflit qui secoue l\u2019est de la R\u00e9publique d\u00e9mocratique du Congo. \u00ab Si les Wazalendo, les FDLR et les FARDC sont vaincus par les Congolais du M23, nous le serons \u00e9galement. Et lorsque les combats s\u2019intensifieront, ils fuiront \u2014 mais vers o\u00f9 ? Vers Bujumbura \u00bb, a-t-il averti.<\/p>\n<p>Depuis 2023, les forces arm\u00e9es burundaises sont engag\u00e9es en RDC aux c\u00f4t\u00e9s de l\u2019arm\u00e9e congolaise contre la coalition AFC\/M23, en vertu d\u2019un accord de coop\u00e9ration militaire sign\u00e9 en ao\u00fbt de la m\u00eame ann\u00e9e. Cette coalition a \u00e9t\u00e9 rejointe par des combattants FDLR \u2014 un groupe arm\u00e9 class\u00e9 organisation terroriste par plusieurs instances internationales \u2014 ainsi que par des milices connues sous le nom de Wazalendo.<\/p>\n<p>Bien que leurs op\u00e9rations conjointes se concentrent principalement dans les provinces du Nord et du Sud-Kivu, la r\u00e9bellion du M23 a r\u00e9ussi \u00e0 \u00e9tendre son emprise territoriale et poursuit son offensive. Cette situation a contraint les forces burundaises \u00e0 recentrer leurs efforts dans le Sud-Kivu, notamment dans les zones frontali\u00e8res de Fizi et Uvira, apr\u00e8s un retrait du Nord-Kivu en janvier 2025.<\/p>\n<p>Pour le s\u00e9nateur Sindimwo, cette \u00e9volution constitue une menace \u00e0 la fois s\u00e9curitaire et politique majeure. Il redoute un afflux massif de combattants arm\u00e9s sur le sol burundais en cas de d\u00e9faite. \u00ab Si ces groupes en d\u00e9route se r\u00e9fugient dans diverses r\u00e9gions du Burundi, telles que Bujumbura, Cibitoke ou Rumonge, tout en restant arm\u00e9s, notre s\u00e9curit\u00e9 nationale sera gravement compromise, avec un risque \u00e9lev\u00e9 d\u2019affrontements sur notre territoire \u00bb, a-t-il mis en garde.<\/p>\n<p>Sindimwo a \u00e9galement mis en garde contre une \u00e9ventuelle riposte du M23 ou de ses alli\u00e9s : \u00ab Ceux qui les auront repouss\u00e9s, en constatant des tirs en provenance du Burundi, resteront-ils les bras crois\u00e9s ? Ils accuseront notre pays d\u2019agression \u00bb, a-t-il averti.<\/p>\n<p>Le responsable du parti politique &#8220;UPRONA&#8221; a par ailleurs rappel\u00e9 qu\u2019il avait, d\u00e8s son mandat de premier vice-pr\u00e9sident, alert\u00e9 sur la vuln\u00e9rabilit\u00e9 des fronti\u00e8res, pr\u00e9conisant un renforcement des capacit\u00e9s de surveillance.<\/p>\n<p>\u00ab J\u2019avais recommand\u00e9 l\u2019achat de deux drones. Un seul a \u00e9t\u00e9 acquis. J\u2019ignore m\u00eame s\u2019il est fonctionnel, ni pourquoi un second n\u2019a jamais \u00e9t\u00e9 achet\u00e9 \u00bb, a-t-il d\u00e9plor\u00e9.<\/p>\n<p>De son c\u00f4t\u00e9, le pr\u00e9sident burundais \u00c9variste Ndayishimiye a toujours ni\u00e9 toute collaboration entre les forces arm\u00e9es de son pays et les FDLR. Selon lui, ces accusations rel\u00e8vent d\u2019une campagne de d\u00e9nigrement orchestr\u00e9e par le Rwanda dans le but de le discr\u00e9diter sur la sc\u00e8ne internationale.<\/p>\n<p>\u00ab\u202fC\u2019est leur strat\u00e9gie habituelle. Ils commencent par vous diffamer, vous pr\u00e9senter comme un monstre aux yeux du monde, afin de l\u00e9gitimer une \u00e9ventuelle attaque\u202f\u00bb, d\u00e9clarait le pr\u00e9sident \u00c9variste Ndayishimiye dans une interview accord\u00e9e \u00e0 la BBC en mars 2025.<\/p>\n<p>Paradoxalement, les relations entre le Burundi et le Rwanda avaient connu une br\u00e8ve accalmie en d\u00e9but d\u2019ann\u00e9e, avec l\u2019ouverture de pourparlers destin\u00e9s \u00e0 apaiser les tensions bilat\u00e9rales persistantes. Or, selon le ministre des Affaires \u00e9trang\u00e8res et de la Coop\u00e9ration internationale, l\u2019ambassadeur Olivier Nduhungirehe, c\u2019est le pr\u00e9sident Ndayishimiye lui-m\u00eame qui serait \u00e0 l\u2019origine du blocage de ces n\u00e9gociations.<\/p>\n<figure class=\"spip-document spip-document-61106 aligncenter\"><img decoding=\"async\" src=\"https:\/\/fr.igihe.com\/IMG\/jpg\/sind.jpg\" alt=\"Gaston Sindimwo a alert\u00e9 sur le risque d\u2019une d\u00e9faite conjointe des forces arm\u00e9es burundaises, engag\u00e9es aux c\u00f4t\u00e9s des FARDC et des FDLR contre la r\u00e9bellion du M23\" \/><\/figure>\n","protected":false},"excerpt":{"rendered":"<p>Alors que les combats s\u2019intensifient dans l\u2019est de la R\u00e9publique d\u00e9mocratique du Congo, le s\u00e9nateur burundais et ancien vice-pr\u00e9sident Gaston Sindimwo a alert\u00e9 sur le risque d\u2019une d\u00e9faite conjointe des forces arm\u00e9es burundaises, engag\u00e9es aux c\u00f4t\u00e9s des FARDC et des FDLR contre la r\u00e9bellion du M23 \u2014 une issue qui aurait, selon lui, des r\u00e9percussions graves sur la s\u00e9curit\u00e9 nationale du Burundi.<\/p>\n","protected":false},"author":488,"featured_media":4000061105,"comment_status":"open","ping_status":"open","sticky":false,"template":"","format":"standard","meta":{"footnotes":""},"categories":[7540],"tags":[7605],"byline":[9865],"hashtag":[],"class_list":["post-37670","post","type-post","status-publish","format-standard","has-post-thumbnail","hentry","category-securite","tag-homenews","byline-alain-bertrand-tunezerwe"],"bylines":[{"id":9865,"name":"Alain Bertrand Tunezerwe","slug":"alain-bertrand-tunezerwe","description":"","image":{"id":0,"url":"https:\/\/secure.gravatar.com\/avatar\/?s=96&d=mm&f=y&r=g","alt":"Default avatar","title":"Default avatar","caption":"","mime_type":"image\/jpeg","sizes":[]},"user_id":452}],"contributors":[{"id":9865,"name":"Alain Bertrand Tunezerwe","slug":"alain-bertrand-tunezerwe","description":"","image":{"id":0,"url":"https:\/\/secure.gravatar.com\/avatar\/?s=96&d=mm&f=y&r=g","alt":"Default avatar","title":"Default avatar","caption":"","mime_type":"image\/jpeg","sizes":[]},"user_id":452}],"featured_image":{"id":4000061105,"url":"https:\/\/fr-images.igihe.com\/IMG\/logo\/sind_cp.jpg","alt":"","caption":"","mime_type":"image\/jpeg","width":0,"height":0,"sizes":{"thumbnail":{"url":"https:\/\/fr-images.igihe.com\/IMG\/logo\/sind_cp.jpg","width":1,"height":1},"medium":{"url":"https:\/\/fr-images.igihe.com\/IMG\/logo\/sind_cp.jpg","width":1,"height":1},"medium_large":{"url":"https:\/\/fr-images.igihe.com\/IMG\/logo\/sind_cp.jpg","width":1,"height":1},"large":{"url":"https:\/\/fr-images.igihe.com\/IMG\/logo\/sind_cp.jpg","width":1,"height":1},"full":{"url":"https:\/\/fr-images.igihe.com\/IMG\/logo\/sind_cp.jpg","width":0,"height":0}}},"_links":{"self":[{"href":"https:\/\/new.igihe.com\/french\/wp-json\/wp\/v2\/posts\/37670","targetHints":{"allow":["GET"]}}],"collection":[{"href":"https:\/\/new.igihe.com\/french\/wp-json\/wp\/v2\/posts"}],"about":[{"href":"https:\/\/new.igihe.com\/french\/wp-json\/wp\/v2\/types\/post"}],"author":[{"embeddable":true,"href":"https:\/\/new.igihe.com\/french\/wp-json\/wp\/v2\/users\/488"}],"replies":[{"embeddable":true,"href":"https:\/\/new.igihe.com\/french\/wp-json\/wp\/v2\/comments?post=37670"}],"version-history":[{"count":0,"href":"https:\/\/new.igihe.com\/french\/wp-json\/wp\/v2\/posts\/37670\/revisions"}],"wp:featuredmedia":[{"embeddable":true,"href":"https:\/\/new.igihe.com\/french\/wp-json\/wp\/v2\/media\/4000061105"}],"wp:attachment":[{"href":"https:\/\/new.igihe.com\/french\/wp-json\/wp\/v2\/media?parent=37670"}],"wp:term":[{"taxonomy":"category","embeddable":true,"href":"https:\/\/new.igihe.com\/french\/wp-json\/wp\/v2\/categories?post=37670"},{"taxonomy":"post_tag","embeddable":true,"href":"https:\/\/new.igihe.com\/french\/wp-json\/wp\/v2\/tags?post=37670"},{"taxonomy":"byline","embeddable":true,"href":"https:\/\/new.igihe.com\/french\/wp-json\/wp\/v2\/byline?post=37670"},{"taxonomy":"hashtag","embeddable":true,"href":"https:\/\/new.igihe.com\/french\/wp-json\/wp\/v2\/hashtag?post=37670"}],"curies":[{"name":"wp","href":"https:\/\/api.w.org\/{rel}","templated":true}]}}