{"id":37666,"date":"2025-05-16T13:54:27","date_gmt":"2025-05-16T13:54:27","guid":{"rendered":"https:\/\/new.igihe.com\/french\/Le-crepuscule-d-un-vernis-democratique-de-la-LFI-de-Melenchon-37666\/"},"modified":"2025-05-16T13:53:13","modified_gmt":"2025-05-16T13:53:13","slug":"Le-crepuscule-d-un-vernis-democratique-de-la-LFI-de-Melenchon","status":"publish","type":"post","link":"https:\/\/new.igihe.com\/french\/Le-crepuscule-d-un-vernis-democratique-de-la-LFI-de-Melenchon\/","title":{"rendered":"Le cr\u00e9puscule d\u2019un vernis d\u00e9mocratique de la LFI de M\u00e9lenchon"},"content":{"rendered":"<p>Tel un navire que ses pilotes abandonnent \u00e0 une houle grandissante, le collectif insoumis semble d\u00e9sormais incapable de corriger sa propre trajectoire, emport\u00e9 par la centralisation autoritaire de son commandement et la dislocation progressive de ses forces vives. <\/p>\n<p>Ce qui fut un temps pr\u00e9sent\u00e9 comme une embarcation r\u00e9volutionnaire voguant vers l\u2019horizon d\u2019une R\u00e9publique sociale et d\u00e9mocratique se mue aujourd\u2019hui en nef en perdition, battue par les vents contraires de la d\u00e9fiance interne, des exclusions punitives, et d\u2019un culte de la personnalit\u00e9 de plus en plus pesant. <\/p>\n<p>Sous le vernis de l\u2019\u00e9galit\u00e9 proclam\u00e9e affleure ainsi une m\u00e9canique de contr\u00f4le, d\u2019intimidation et de purges, r\u00e9v\u00e9lant une organisation o\u00f9 la parole dissidente n\u2019est pas discut\u00e9e mais disqualifi\u00e9e, o\u00f9 le doute est assimil\u00e9 \u00e0 la trahison, et o\u00f9 l\u2019engagement se confond de plus en plus avec la soumission.<\/p>\n<p>Longtemps drap\u00e9e dans les oripeaux d\u2019une radicalit\u00e9 progressiste, La France insoumise semble aujourd\u2019hui r\u00e9v\u00e9ler les f\u00ealures d\u2019un mouvement min\u00e9 par une verticalit\u00e9 autoritaire savamment dissimul\u00e9e sous les atours de la d\u00e9mocratie participative. Pour la premi\u00e8re fois, des voix se sont \u00e9lev\u00e9es depuis l\u2019int\u00e9rieur m\u00eame de cette organisation nagu\u00e8re unie derri\u00e8re son chef charismatique pour contester publiquement ses d\u00e9rives. <\/p>\n<p>Le point de bascule semble avoir \u00e9t\u00e9 atteint lorsqu\u2019un discours de Jean-Luc M\u00e9lenchon, per\u00e7u comme un soutien \u00e0 contre-valeurs, a provoqu\u00e9 l\u2019indignation de plusieurs militants. Ce choc a agi comme un r\u00e9v\u00e9lateur : le vernis d\u2019union s\u2019est craquel\u00e9, et dans cette br\u00e8che, des t\u00e9moignages ont afflu\u00e9, d\u00e9voilant un climat de malaise, de contr\u00f4le et d\u2019\u00e9touffement des dissidences.<\/p>\n<p>{{Un mouvement sous emprise : autorit\u00e9, all\u00e9geance et discipline interne}}<\/p>\n<p>Bien que les partis politiques soient souvent travers\u00e9s par des tensions d\u2019autorit\u00e9, ce qui distingue La France insoumise, c\u2019est moins l\u2019organisation hi\u00e9rarchique que la centralit\u00e9 obsessionnelle de la figure tut\u00e9laire de Jean-Luc M\u00e9lenchon. <\/p>\n<p>Le livre-enqu\u00eate La Meute expose une m\u00e9canique d\u2019emprise et de domination, o\u00f9 l\u2019autoritarisme ne rel\u00e8ve pas simplement du temp\u00e9rament mais de l\u2019architecture m\u00eame du pouvoir. \u00ab Celui qui doute trahit \u00bb, lit-on sous la plume des deux auteurs, rapportant les propos de militants ayant subi ou observ\u00e9 des logiques de fid\u00e9lit\u00e9 absolue et de d\u00e9votion inconditionnelle. <\/p>\n<p>Loin des principes d\u2019horizontalit\u00e9 revendiqu\u00e9s par les discours officiels, le mouvement appara\u00eet comme structur\u00e9 autour d\u2019une autorit\u00e9 quasi mystique, o\u00f9 le chef concentre les d\u00e9cisions, d\u00e9finit la ligne, et purifie l\u2019appareil par des exclusions p\u00e9riodiques.<\/p>\n<p>Plus qu\u2019un homme col\u00e9rique ou intransigeant, c\u2019est un ma\u00eetre d\u2019\u0153uvre d\u2019une institution \u00e0 la fois opaque et coercitive qui se dessine. D\u2019anciens cadres, mais aussi des membres toujours actifs, \u00e9voquent une v\u00e9ritable machine \u00e0 broyer ceux qui s\u2019\u00e9cartent de l\u2019orthodoxie interne, dans un climat empreint de peur, de surveillance et de silence impos\u00e9.<\/p>\n<p>{{La cour du Prince : la figure de Chikirou et la personnalisation du pouvoir}}<\/p>\n<p>Autour de Jean-Luc M\u00e9lenchon gravite une garde rapproch\u00e9e, dont la figure la plus embl\u00e9matique demeure Sophia Chikirou, sa conseill\u00e8re officieuse, compagne intime, et communicante influente. <\/p>\n<p>D\u00e9peinte par plusieurs t\u00e9moins comme volontiers brutale, elle se serait impos\u00e9e dans les rouages internes du mouvement en incarnant une autorit\u00e9 parall\u00e8le, d\u00e9l\u00e9gataire du pouvoir du chef. Si M\u00e9lenchon \u00e9lude toute r\u00e9f\u00e9rence \u00e0 sa vie priv\u00e9e, elle, n\u2019h\u00e9site pas \u00e0 s\u2019affirmer comme \u00ab la femme du chef \u00bb, selon certains t\u00e9moignages, ce qui lui conf\u00e9rerait une l\u00e9gitimit\u00e9 tacite pour user d\u2019un ton comminatoire, voire humiliant, envers les militants subalternes.<\/p>\n<p>Cette personnalisation exacerb\u00e9e du pouvoir, coupl\u00e9e \u00e0 une tendance \u00e0 l\u2019excommunication politique, n\u2019est pas sans rappeler certains ressorts sectaires. Elle alimente une critique grandissante, \u00e0 mesure que les r\u00e9v\u00e9lations s\u2019accumulent et que les comportements de plus en plus d\u00e9cri\u00e9s du chef historique de LFI notamment sur la question sensible de l\u2019antis\u00e9mitisme suscitent inqui\u00e9tude et d\u00e9saveu, y compris parmi ses soutiens d\u2019hier.<\/p>\n<p>Ce qui transpara\u00eet aujourd\u2019hui, c\u2019est l\u2019\u00e9cart abyssal entre le projet politique \u00e9galitariste et les modalit\u00e9s de gestion interne de l\u2019organisation. <\/p>\n<p>La France insoumise, loin de l\u2019utopie d\u00e9mocratique qu\u2019elle pr\u00e9tend incarner, semble exhiber les signes d\u2019une d\u00e9rive oligarchique, port\u00e9e par un chef intransigeant, un appareil disciplin\u00e9 et une culture du soup\u00e7on. <\/p>\n<p>La Meute ne se contente pas de dresser un r\u00e9quisitoire : il r\u00e9v\u00e8le, par les voix de ceux qui ont \u00e9t\u00e9 broy\u00e9s ou contraints au silence, la m\u00e9canique interne d\u2019un pouvoir qui, sous pr\u00e9texte d\u2019\u00e9mancipation populaire, semble avoir reconstitu\u00e9 les sch\u00e8mes de l\u2019autoritarisme le plus classique.<\/p>\n<figure class=\"spip-document spip-document-61098 aligncenter\"><img decoding=\"async\" src=\"https:\/\/fr.igihe.com\/IMG\/jpg\/jlm-3.jpg\" alt=\"Un discours de Jean-Luc M\u00e9lenchon a provoqu\u00e9 l\u2019indignation de plusieurs militants\" \/><\/figure>\n","protected":false},"excerpt":{"rendered":"<p>Les premi\u00e8res l\u00e9zardes apparues dans l\u2019\u00e9difice de La France insoumise ne rel\u00e8vent plus d\u2019un simple d\u00e9saccord conjoncturel, mais t\u00e9moignent d\u2019un effritement structurel qui pr\u00e9cipite le mouvement dans une d\u00e9rive aussi id\u00e9ologique qu\u2019organisationnelle. <\/p>\n","protected":false},"author":488,"featured_media":4000061097,"comment_status":"open","ping_status":"open","sticky":false,"template":"","format":"standard","meta":{"footnotes":""},"categories":[7544],"tags":[7605],"byline":[9102],"hashtag":[],"class_list":["post-37666","post","type-post","status-publish","format-standard","has-post-thumbnail","hentry","category-politique","tag-homenews","byline-tite-gatabazi"],"bylines":[{"id":9102,"name":"Tite Gatabazi","slug":"tite-gatabazi","description":"","image":{"id":0,"url":"https:\/\/secure.gravatar.com\/avatar\/?s=96&d=mm&f=y&r=g","alt":"Default avatar","title":"Default avatar","caption":"","mime_type":"image\/jpeg","sizes":[]},"user_id":472}],"contributors":[{"id":9102,"name":"Tite Gatabazi","slug":"tite-gatabazi","description":"","image":{"id":0,"url":"https:\/\/secure.gravatar.com\/avatar\/?s=96&d=mm&f=y&r=g","alt":"Default avatar","title":"Default avatar","caption":"","mime_type":"image\/jpeg","sizes":[]},"user_id":472}],"featured_image":{"id":4000061097,"url":"https:\/\/fr-images.igihe.com\/IMG\/logo\/jlm_cp-3.jpg","alt":"","caption":"","mime_type":"image\/jpeg","width":0,"height":0,"sizes":{"thumbnail":{"url":"https:\/\/fr-images.igihe.com\/IMG\/logo\/jlm_cp-3.jpg","width":1,"height":1},"medium":{"url":"https:\/\/fr-images.igihe.com\/IMG\/logo\/jlm_cp-3.jpg","width":1,"height":1},"medium_large":{"url":"https:\/\/fr-images.igihe.com\/IMG\/logo\/jlm_cp-3.jpg","width":1,"height":1},"large":{"url":"https:\/\/fr-images.igihe.com\/IMG\/logo\/jlm_cp-3.jpg","width":1,"height":1},"full":{"url":"https:\/\/fr-images.igihe.com\/IMG\/logo\/jlm_cp-3.jpg","width":0,"height":0}}},"_links":{"self":[{"href":"https:\/\/new.igihe.com\/french\/wp-json\/wp\/v2\/posts\/37666","targetHints":{"allow":["GET"]}}],"collection":[{"href":"https:\/\/new.igihe.com\/french\/wp-json\/wp\/v2\/posts"}],"about":[{"href":"https:\/\/new.igihe.com\/french\/wp-json\/wp\/v2\/types\/post"}],"author":[{"embeddable":true,"href":"https:\/\/new.igihe.com\/french\/wp-json\/wp\/v2\/users\/488"}],"replies":[{"embeddable":true,"href":"https:\/\/new.igihe.com\/french\/wp-json\/wp\/v2\/comments?post=37666"}],"version-history":[{"count":0,"href":"https:\/\/new.igihe.com\/french\/wp-json\/wp\/v2\/posts\/37666\/revisions"}],"wp:featuredmedia":[{"embeddable":true,"href":"https:\/\/new.igihe.com\/french\/wp-json\/wp\/v2\/media\/4000061097"}],"wp:attachment":[{"href":"https:\/\/new.igihe.com\/french\/wp-json\/wp\/v2\/media?parent=37666"}],"wp:term":[{"taxonomy":"category","embeddable":true,"href":"https:\/\/new.igihe.com\/french\/wp-json\/wp\/v2\/categories?post=37666"},{"taxonomy":"post_tag","embeddable":true,"href":"https:\/\/new.igihe.com\/french\/wp-json\/wp\/v2\/tags?post=37666"},{"taxonomy":"byline","embeddable":true,"href":"https:\/\/new.igihe.com\/french\/wp-json\/wp\/v2\/byline?post=37666"},{"taxonomy":"hashtag","embeddable":true,"href":"https:\/\/new.igihe.com\/french\/wp-json\/wp\/v2\/hashtag?post=37666"}],"curies":[{"name":"wp","href":"https:\/\/api.w.org\/{rel}","templated":true}]}}