{"id":37665,"date":"2025-05-16T13:44:55","date_gmt":"2025-05-16T13:44:55","guid":{"rendered":"https:\/\/new.igihe.com\/french\/Le-pouvoir-Tshisekedi-face-a-l-ombre-persistante-de-Kabila-37665\/"},"modified":"2025-05-16T13:41:10","modified_gmt":"2025-05-16T13:41:10","slug":"Le-pouvoir-Tshisekedi-face-a-l-ombre-persistante-de-Kabila","status":"publish","type":"post","link":"https:\/\/new.igihe.com\/french\/Le-pouvoir-Tshisekedi-face-a-l-ombre-persistante-de-Kabila\/","title":{"rendered":"Le pouvoir Tshisekedi face \u00e0 l\u2019ombre persistante de Kabila"},"content":{"rendered":"<p>En instrumentalisant les soup\u00e7ons les plus graves, complicit\u00e9 avec une r\u00e9bellion, crimes contre l\u2019humanit\u00e9 pour enclencher une proc\u00e9dure exp\u00e9ditive de lev\u00e9e d\u2019immunit\u00e9 \u00e0 l\u2019encontre de Joseph Kabila, ancien pr\u00e9sident de la R\u00e9publique et s\u00e9nateur \u00e0 vie, le r\u00e9gime Tshisekedi foule aux pieds la solennit\u00e9 des formes, la rigueur proc\u00e9durale, et jusqu\u2019\u00e0 l\u2019esprit m\u00eame du droit. <\/p>\n<p>Car ce n\u2019est plus ici la justice qui guide l\u2019action publique, mais le ressentiment politique travesti en volont\u00e9 de purification. En foulant les garde-fous constitutionnels, en court-circuitant le Congr\u00e8s au profit d\u2019une pl\u00e9ni\u00e8re s\u00e9natoriale docile, le pouvoir scelle un dangereux pr\u00e9c\u00e9dent : celui d\u2019une R\u00e9publique livr\u00e9e aux vents de l\u2019arbitraire, o\u00f9 l\u2019accusation supplante la preuve, et o\u00f9 l\u2019urgence politique l\u2019emporte sur la dignit\u00e9 des normes. Cette croisade pr\u00e9cipit\u00e9e contre une figure de l\u2019histoire r\u00e9cente n\u2019est pas l\u2019aube d\u2019un sursaut moral, mais le cr\u00e9puscule d\u2019un \u00c9tat de droit d\u00e9voy\u00e9 au service d\u2019ambitions incandescentes.<\/p>\n<p>C\u2019est dans une atmosph\u00e8re \u00e9lectrique, charg\u00e9e de tension politique et d\u2019incertitude institutionnelle, que s\u2019est ouverte l\u2019une des s\u00e9quences les plus in\u00e9dites de la vie parlementaire congolaise : l\u2019examen pr\u00e9cipit\u00e9, par le S\u00e9nat, d\u2019une demande de lev\u00e9e d\u2019immunit\u00e9 visant l\u2019ancien pr\u00e9sident Joseph Kabila, aujourd\u2019hui s\u00e9nateur \u00e0 vie. <\/p>\n<p>Port\u00e9e par un ex\u00e9cutif f\u00e9brile, en qu\u00eate d\u2019un bouc \u00e9missaire dans un contexte politique, diplomatique et s\u00e9curitaire d\u00e9sastreux, cette initiative r\u00e9v\u00e8le, au-del\u00e0 de ses apparences judiciaires, une d\u00e9rive inqui\u00e9tante du pouvoir en place : celle d\u2019un r\u00e9gime qui, sous couvert de justice, s\u2019autorise \u00e0 pi\u00e9tiner les proc\u00e9dures, contourner les textes, et instrumentaliser les institutions pour assouvir une vendetta politique \u00e0 peine voil\u00e9e.<\/p>\n<p>La d\u00e9marche en elle-m\u00eame est juridiquement bancale. D\u00e8s l\u2019entame de la s\u00e9ance du jeudi 15 mai, la s\u00e9natrice Christine Mwando Katempa a rappel\u00e9 avec une rigueur salutaire que le cadre l\u00e9gal impose le recours au Congr\u00e8s, r\u00e9union conjointe de l\u2019Assembl\u00e9e nationale et du S\u00e9nat, pour toute d\u00e9cision de cette nature, conform\u00e9ment \u00e0 l\u2019article 224 du r\u00e8glement int\u00e9rieur de la chambre haute. <\/p>\n<p>Or, en for\u00e7ant la tenue d\u2019un d\u00e9bat en pl\u00e9ni\u00e8re s\u00e9natoriale uniquement, le pouvoir foule aux pieds les balises fondamentales de l\u2019\u00c9tat de droit, substituant \u00e0 la l\u00e9galit\u00e9 une logique de passage en force. Le S\u00e9nat, d\u00e9sormais acquis aux desseins du r\u00e9gime Tshisekedi, se pr\u00eate \u00e0 ce jeu dangereux, reniant sa vocation de contre-pouvoir et sombrant dans le r\u00f4le funeste d\u2019une chambre d\u2019enregistrement docile.<\/p>\n<p>Les accusations port\u00e9es contre Joseph Kabila sont d\u2019une gravit\u00e9 extr\u00eame : complicit\u00e9 avec la r\u00e9bellion de l\u2019AFC\/M23, implication dans des crimes de guerre et des crimes contre l\u2019humanit\u00e9, orchestration pr\u00e9sum\u00e9e de massacres de civils dans l\u2019Est de la R\u00e9publique. <\/p>\n<p>Deux membres \u00e9minents du gouvernement, Jacquemain Shabani, vice-premier ministre de l\u2019Int\u00e9rieur, et Constant Mutamba, ministre de la Justice, ont publiquement mis en cause l\u2019ancien pr\u00e9sident, allant jusqu\u2019\u00e0 affirmer son r\u00f4le actif dans la gen\u00e8se et l\u2019essor du mouvement arm\u00e9 qui d\u00e9fie aujourd\u2019hui l\u2019autorit\u00e9 de Kinshasa. <\/p>\n<p>Le pr\u00e9sident Tshisekedi lui-m\u00eame, dans une d\u00e9claration aux accents accusatoires, n\u2019a pas h\u00e9sit\u00e9 \u00e0 d\u00e9signer nomm\u00e9ment son pr\u00e9d\u00e9cesseur comme l\u2019instigateur de l\u2019AFC\/M23. Jamais, dans l\u2019histoire r\u00e9cente du pays, un chef d\u2019\u00c9tat en exercice n\u2019a ainsi mis en accusation, de mani\u00e8re aussi frontale et sans fondement judiciaire \u00e9tabli, celui qui l\u2019a pr\u00e9c\u00e9d\u00e9 au sommet de l\u2019\u00c9tat.<\/p>\n<p>Mais dans cette s\u00e9quence de haute intensit\u00e9, la justice n\u2019est qu\u2019un d\u00e9cor. Le ton martial adopt\u00e9 par le ministre Mutamba, qui promet des proc\u00e8s imminents et annonce des mesures de saisie sur les comptes et les biens du s\u00e9nateur Kabila, trahit l\u2019impatience d\u2019un pouvoir qui ne tol\u00e8re plus l\u2019attente proc\u00e9durale. <\/p>\n<p>Ce z\u00e8le, cette ardeur \u00e0 disqualifier un ancien pr\u00e9sident avant m\u00eame l\u2019examen rigoureux des faits, rel\u00e8vent moins de l\u2019exigence de v\u00e9rit\u00e9 que d\u2019une volont\u00e9 de neutralisation politique. En p\u00e9riode pr\u00e9\u00e9lectorale, rien ne sert davantage un pouvoir contest\u00e9 qu\u2019un ennemi bien identifi\u00e9 \u00e0 clouer au pilori m\u00e9diatique et judiciaire.<\/p>\n<p>Toutefois, cette instrumentalisation de la justice pour r\u00e9gler des comptes politiques installe un dangereux pr\u00e9c\u00e9dent. Elle mine la cr\u00e9dibilit\u00e9 des institutions, affaiblit le principe de la s\u00e9paration des pouvoirs, et fragilise la coh\u00e9sion nationale dans un contexte d\u00e9j\u00e0 d\u00e9l\u00e9t\u00e8re. <\/p>\n<p>Le recours au droit ne peut \u00eatre une mise en sc\u00e8ne ; il doit rester l\u2019armature stable de la R\u00e9publique, m\u00eame face \u00e0 l\u2019ennemi politique le plus redout\u00e9. \u00c0 vouloir briser un adversaire par l\u2019arbitraire, le pouvoir actuel prend le risque de briser, en retour, la R\u00e9publique elle-m\u00eame. Car dans toute d\u00e9mocratie digne de ce nom, c\u2019est la l\u00e9galit\u00e9 et non la passion qui fonde la l\u00e9gitimit\u00e9 de l\u2019action publique.<\/p>\n<figure class=\"spip-document spip-document-61096 aligncenter\"><img decoding=\"async\" src=\"https:\/\/fr.igihe.com\/IMG\/jpg\/jskb.jpg\" alt=\"Les accusations port\u00e9es contre Joseph Kabila sont d\u2019une gravit\u00e9 extr\u00eame\" \/><\/figure>\n","protected":false},"excerpt":{"rendered":"<p>Ce qui s\u2019esquisse dans les trav\u00e9es s\u00e9natoriales de la R\u00e9publique d\u00e9mocratique du Congo tient moins du d\u00e9bat institutionnel que d\u2019une d\u00e9rive inquisitoriale, port\u00e9e par un pouvoir empress\u00e9 d\u2019assouvir ses obsessions au m\u00e9pris des \u00e9quilibres r\u00e9publicains. <\/p>\n","protected":false},"author":488,"featured_media":4000061095,"comment_status":"open","ping_status":"open","sticky":false,"template":"","format":"standard","meta":{"footnotes":""},"categories":[7544],"tags":[7605],"byline":[9102],"hashtag":[],"class_list":["post-37665","post","type-post","status-publish","format-standard","has-post-thumbnail","hentry","category-politique","tag-homenews","byline-tite-gatabazi"],"bylines":[{"id":9102,"name":"Tite Gatabazi","slug":"tite-gatabazi","description":"","image":{"id":0,"url":"https:\/\/secure.gravatar.com\/avatar\/?s=96&d=mm&f=y&r=g","alt":"Default avatar","title":"Default avatar","caption":"","mime_type":"image\/jpeg","sizes":[]},"user_id":472}],"contributors":[{"id":9102,"name":"Tite Gatabazi","slug":"tite-gatabazi","description":"","image":{"id":0,"url":"https:\/\/secure.gravatar.com\/avatar\/?s=96&d=mm&f=y&r=g","alt":"Default avatar","title":"Default avatar","caption":"","mime_type":"image\/jpeg","sizes":[]},"user_id":472}],"featured_image":{"id":4000061095,"url":"https:\/\/fr-images.igihe.com\/IMG\/logo\/jskb_cp.jpg","alt":"","caption":"","mime_type":"image\/jpeg","width":0,"height":0,"sizes":{"thumbnail":{"url":"https:\/\/fr-images.igihe.com\/IMG\/logo\/jskb_cp.jpg","width":1,"height":1},"medium":{"url":"https:\/\/fr-images.igihe.com\/IMG\/logo\/jskb_cp.jpg","width":1,"height":1},"medium_large":{"url":"https:\/\/fr-images.igihe.com\/IMG\/logo\/jskb_cp.jpg","width":1,"height":1},"large":{"url":"https:\/\/fr-images.igihe.com\/IMG\/logo\/jskb_cp.jpg","width":1,"height":1},"full":{"url":"https:\/\/fr-images.igihe.com\/IMG\/logo\/jskb_cp.jpg","width":0,"height":0}}},"_links":{"self":[{"href":"https:\/\/new.igihe.com\/french\/wp-json\/wp\/v2\/posts\/37665","targetHints":{"allow":["GET"]}}],"collection":[{"href":"https:\/\/new.igihe.com\/french\/wp-json\/wp\/v2\/posts"}],"about":[{"href":"https:\/\/new.igihe.com\/french\/wp-json\/wp\/v2\/types\/post"}],"author":[{"embeddable":true,"href":"https:\/\/new.igihe.com\/french\/wp-json\/wp\/v2\/users\/488"}],"replies":[{"embeddable":true,"href":"https:\/\/new.igihe.com\/french\/wp-json\/wp\/v2\/comments?post=37665"}],"version-history":[{"count":0,"href":"https:\/\/new.igihe.com\/french\/wp-json\/wp\/v2\/posts\/37665\/revisions"}],"wp:featuredmedia":[{"embeddable":true,"href":"https:\/\/new.igihe.com\/french\/wp-json\/wp\/v2\/media\/4000061095"}],"wp:attachment":[{"href":"https:\/\/new.igihe.com\/french\/wp-json\/wp\/v2\/media?parent=37665"}],"wp:term":[{"taxonomy":"category","embeddable":true,"href":"https:\/\/new.igihe.com\/french\/wp-json\/wp\/v2\/categories?post=37665"},{"taxonomy":"post_tag","embeddable":true,"href":"https:\/\/new.igihe.com\/french\/wp-json\/wp\/v2\/tags?post=37665"},{"taxonomy":"byline","embeddable":true,"href":"https:\/\/new.igihe.com\/french\/wp-json\/wp\/v2\/byline?post=37665"},{"taxonomy":"hashtag","embeddable":true,"href":"https:\/\/new.igihe.com\/french\/wp-json\/wp\/v2\/hashtag?post=37665"}],"curies":[{"name":"wp","href":"https:\/\/api.w.org\/{rel}","templated":true}]}}