{"id":37658,"date":"2025-05-15T17:34:03","date_gmt":"2025-05-15T17:34:03","guid":{"rendered":"https:\/\/new.igihe.com\/french\/Les-cent-jours-de-l-AFC-M23-dans-Goma-37658\/"},"modified":"2025-05-15T17:32:55","modified_gmt":"2025-05-15T17:32:55","slug":"Les-cent-jours-de-l-AFC-M23-dans-Goma","status":"publish","type":"post","link":"https:\/\/new.igihe.com\/french\/Les-cent-jours-de-l-AFC-M23-dans-Goma\/","title":{"rendered":"Les cent jours de l\u2019AFC\/M23 dans Goma"},"content":{"rendered":"<p>Cent jours durant lesquels, contre toute attente, la ville a sembl\u00e9 s\u2019arracher au chaos prolong\u00e9 qui l\u2019ensevelissait, pour s\u2019\u00e9veiller \u00e0 l\u2019ombre d\u2019un nouvel ordre, controvers\u00e9, certes, mais porteur d\u2019une relative accalmie que d\u2019aucuns n\u2019osaient plus esp\u00e9rer.<\/p>\n<p>La chronique de ces premi\u00e8res semaines sous la f\u00e9rule de l\u2019AFC\/M23 esquisse un r\u00e9cit de contraste : entre la sid\u00e9ration initiale et l\u2019apparente normalisation, entre les stigmates du pass\u00e9 et les promesses d\u2019un avenir moins incertain. L\u00e0 o\u00f9 les nuits \u00e9taient jadis ponctu\u00e9es de tirs, d\u2019intrusions violentes et de disparitions, elles sont d\u00e9sormais prolong\u00e9es par l\u2019activit\u00e9 commer\u00e7ante, par des \u00e9choppes ouvertes tard dans la nuit, par une certaine l\u00e9g\u00e8ret\u00e9 retrouv\u00e9e dans les gestes quotidiens.<\/p>\n<p>Les t\u00e9moignages recueillis sur place convergent vers une constatation commune : la peur, ma\u00eetresse absolue des jours pass\u00e9s, semble s\u2019\u00eatre retir\u00e9e du moins en surface. Les FARDC et les milices wazalendo, jadis omnipr\u00e9sents dans l\u2019imaginaire traumatique des Gomatraciens, se sont \u00e9vanouis du paysage imm\u00e9diat, remplac\u00e9s par une administration de rupture, soucieuse de projeter une image de stabilit\u00e9 et de fermet\u00e9.<\/p>\n<p>Il serait cependant imprudent de confondre accalmie et paix durable. L\u2019\u00e9quilibre observ\u00e9 est fragile, n\u00e9 d\u2019une autorit\u00e9 impos\u00e9e par la force des armes et encore marqu\u00e9e par des zones d\u2019ombre. L\u2019a\u00e9roport de Goma demeure interdit d\u2019usage, son enceinte parsem\u00e9e d\u2019engins explosifs non d\u00e9samorc\u00e9s, vestiges mena\u00e7ants d\u2019un conflit \u00e0 peine suspendu. <\/p>\n<p>L\u2019activit\u00e9 bancaire reste paralys\u00e9e, et avec elle une partie de la vitalit\u00e9 \u00e9conomique de la r\u00e9gion. Les institutions judiciaires et \u00e9ducatives peinent \u00e0 reprendre leur souffle, dans un climat o\u00f9 la l\u00e9gitimit\u00e9 du pouvoir reste discut\u00e9e \u00e0 l\u2019\u00e9chelle nationale comme internationale.<\/p>\n<p>Mais il serait tout aussi injuste de nier les signes tangibles d\u2019un mieux-\u00eatre relatif : la fr\u00e9quentation renouvel\u00e9e des march\u00e9s, la baisse des prix sur les \u00e9talages, la libert\u00e9 de circulation recouvr\u00e9e, tous ces \u00e9l\u00e9ments constituent les balbutiements d\u2019un possible redressement. <\/p>\n<p>Le peuple de Goma, longtemps broy\u00e9 entre l\u2019indiff\u00e9rence des \u00e9lites et la brutalit\u00e9 des armes, manifeste une r\u00e9silience admirable. Il tente de faire confiance, non \u00e0 une banni\u00e8re id\u00e9ologique, mais aux faits, \u00e0 ce quotidien moins oppressant, \u00e0 cette tr\u00eave de l\u2019ins\u00e9curit\u00e9 qui redonne souffle \u00e0 la vie.<\/p>\n<p>La grande interrogation demeure : s\u2019agit-il d\u2019une parenth\u00e8se dans un cycle inachev\u00e9 de violences, ou du pr\u00e9lude \u00e0 une refondation politique plus ambitieuse, plus inclusive, plus juste ? <\/p>\n<p>Les cent jours de l\u2019AFC\/M23 \u00e0 Goma seront jug\u00e9s \u00e0 l\u2019aune de leur capacit\u00e9 non seulement \u00e0 contenir le d\u00e9sordre, mais \u00e0 reconstruire un tissu social, institutionnel et moral gravement ab\u00eem\u00e9 par le r\u00e9gime de Tshisekedi. <\/p>\n<p>Car si l\u2019histoire tourne, comme le dit le peuple avec une sagesse acquise \u00e0 la dure, elle ne le fait jamais sans m\u00e9moire. La stabilit\u00e9 v\u00e9ritable ne s\u2019\u00e9crit pas seulement dans le silence des armes, mais dans la reconnaissance des douleurs pass\u00e9es, dans la restauration des droits, et dans la capacit\u00e9 de b\u00e2tir un avenir commun au-del\u00e0 des lignes de fracture.<\/p>\n<p>Le d\u00e9fi est immense. Le temps dira si l\u2019AFC\/M23 l\u2019a compris. Mais pour l\u2019heure, Goma respire. Et c\u2019est d\u00e9j\u00e0, pour cette ville supplici\u00e9e, une forme de victoire.<\/p>\n<figure class=\"spip-document spip-document-61080 aligncenter\"><img decoding=\"async\" src=\"https:\/\/fr.igihe.com\/IMG\/jpg\/gom-2.jpg\" alt=\"Cent jours se sont \u00e9coul\u00e9s depuis que les forces de l\u2019Alliance Fleuve Congo (AFC\/M23) ont pris possession de Goma\" \/><\/figure>\n","protected":false},"excerpt":{"rendered":"<p>Cent jours se sont \u00e9coul\u00e9s depuis que les forces de l\u2019Alliance Fleuve Congo (AFC\/M23) ont pris possession de Goma, capitale meurtrie du Nord-Kivu, th\u00e9\u00e2tre d\u2019une histoire r\u00e9cente satur\u00e9e de fracas, de fureurs et d\u2019attentes toujours reconduites. <\/p>\n","protected":false},"author":488,"featured_media":4000061078,"comment_status":"open","ping_status":"open","sticky":false,"template":"","format":"standard","meta":{"footnotes":""},"categories":[7544],"tags":[7605],"byline":[9102],"hashtag":[],"class_list":["post-37658","post","type-post","status-publish","format-standard","has-post-thumbnail","hentry","category-politique","tag-homenews","byline-tite-gatabazi"],"bylines":[{"id":9102,"name":"Tite Gatabazi","slug":"tite-gatabazi","description":"","image":{"id":0,"url":"https:\/\/secure.gravatar.com\/avatar\/?s=96&d=mm&f=y&r=g","alt":"Default avatar","title":"Default avatar","caption":"","mime_type":"image\/jpeg","sizes":[]},"user_id":472}],"contributors":[{"id":9102,"name":"Tite Gatabazi","slug":"tite-gatabazi","description":"","image":{"id":0,"url":"https:\/\/secure.gravatar.com\/avatar\/?s=96&d=mm&f=y&r=g","alt":"Default avatar","title":"Default avatar","caption":"","mime_type":"image\/jpeg","sizes":[]},"user_id":472}],"featured_image":{"id":4000061078,"url":"https:\/\/fr-images.igihe.com\/IMG\/logo\/gom_cp-2.jpg","alt":"","caption":"","mime_type":"image\/jpeg","width":0,"height":0,"sizes":{"thumbnail":{"url":"https:\/\/fr-images.igihe.com\/IMG\/logo\/gom_cp-2.jpg","width":1,"height":1},"medium":{"url":"https:\/\/fr-images.igihe.com\/IMG\/logo\/gom_cp-2.jpg","width":1,"height":1},"medium_large":{"url":"https:\/\/fr-images.igihe.com\/IMG\/logo\/gom_cp-2.jpg","width":1,"height":1},"large":{"url":"https:\/\/fr-images.igihe.com\/IMG\/logo\/gom_cp-2.jpg","width":1,"height":1},"full":{"url":"https:\/\/fr-images.igihe.com\/IMG\/logo\/gom_cp-2.jpg","width":0,"height":0}}},"_links":{"self":[{"href":"https:\/\/new.igihe.com\/french\/wp-json\/wp\/v2\/posts\/37658","targetHints":{"allow":["GET"]}}],"collection":[{"href":"https:\/\/new.igihe.com\/french\/wp-json\/wp\/v2\/posts"}],"about":[{"href":"https:\/\/new.igihe.com\/french\/wp-json\/wp\/v2\/types\/post"}],"author":[{"embeddable":true,"href":"https:\/\/new.igihe.com\/french\/wp-json\/wp\/v2\/users\/488"}],"replies":[{"embeddable":true,"href":"https:\/\/new.igihe.com\/french\/wp-json\/wp\/v2\/comments?post=37658"}],"version-history":[{"count":0,"href":"https:\/\/new.igihe.com\/french\/wp-json\/wp\/v2\/posts\/37658\/revisions"}],"wp:featuredmedia":[{"embeddable":true,"href":"https:\/\/new.igihe.com\/french\/wp-json\/wp\/v2\/media\/4000061078"}],"wp:attachment":[{"href":"https:\/\/new.igihe.com\/french\/wp-json\/wp\/v2\/media?parent=37658"}],"wp:term":[{"taxonomy":"category","embeddable":true,"href":"https:\/\/new.igihe.com\/french\/wp-json\/wp\/v2\/categories?post=37658"},{"taxonomy":"post_tag","embeddable":true,"href":"https:\/\/new.igihe.com\/french\/wp-json\/wp\/v2\/tags?post=37658"},{"taxonomy":"byline","embeddable":true,"href":"https:\/\/new.igihe.com\/french\/wp-json\/wp\/v2\/byline?post=37658"},{"taxonomy":"hashtag","embeddable":true,"href":"https:\/\/new.igihe.com\/french\/wp-json\/wp\/v2\/hashtag?post=37658"}],"curies":[{"name":"wp","href":"https:\/\/api.w.org\/{rel}","templated":true}]}}