{"id":37655,"date":"2025-05-16T10:49:24","date_gmt":"2025-05-16T10:49:24","guid":{"rendered":"https:\/\/new.igihe.com\/french\/Les-guerres-privatisees-de-Tshisekedi-37655\/"},"modified":"2025-05-16T10:46:43","modified_gmt":"2025-05-16T10:46:43","slug":"Les-guerres-privatisees-de-Tshisekedi","status":"publish","type":"post","link":"https:\/\/new.igihe.com\/french\/Les-guerres-privatisees-de-Tshisekedi\/","title":{"rendered":"Les guerres privatis\u00e9es de Tshisekedi"},"content":{"rendered":"<p>Des soldats sans patrie, au service du plus offrant, d\u00e9ploy\u00e9s aujourd\u2019hui au c\u0153ur d\u2019un des conflits les plus tragiques et les plus oubli\u00e9s de notre \u00e9poque : celui du Nord-Kivu, en R\u00e9publique d\u00e9mocratique du Congo.<\/p>\n<p>Que sont-ils venus faire dans cette terre ravag\u00e9e par les convoitises, les fractures ethniques et l\u2019indigence d\u2019un \u00c9tat d\u00e9faillant ? A cette question, l\u2019on ne peut r\u00e9pondre qu\u2019en soulignant la faillite morale et juridique d\u2019un pouvoir congolais qui, incapable de r\u00e9former une arm\u00e9e corrompue et d\u00e9sorganis\u00e9e, a choisi de privatiser sa souverainet\u00e9, au m\u00e9pris des conventions internationales qui proscrivent explicitement le recours au mercenariat.<\/p>\n<p>Car il ne s\u2019agit plus de soutien logistique ou de coop\u00e9ration ponctuelle : ces soci\u00e9t\u00e9s militaires priv\u00e9es, v\u00e9ritable r\u00e9surgence contemporaine des \u00ab chiens de guerre \u00bb du si\u00e8cle dernier, ont d\u00e9sormais pris pied dans la cha\u00eene de commandement elle-m\u00eame. On les a vus escorter l&#8217;ancien seigneur de guerre et ministre de la D\u00e9fense Jean-Pierre Bemba lors de sa visite dans le Nord-Kivu, puis s\u2019immiscer dans les dispositifs s\u00e9curitaires les plus sensibles, jusqu\u2019\u00e0 l\u2019entourage imm\u00e9diat du pr\u00e9sident F\u00e9lix Tshisekedi. <\/p>\n<p>Une arm\u00e9e de l\u2019ombre au service d\u2019un r\u00e9gime qui semble pr\u00e9f\u00e9rer le vacarme des armes \u00e0 la voie t\u00e9nue mais n\u00e9cessaire du dialogue.<\/p>\n<p>Or, ces mercenaires au pedigree tapageur, bard\u00e9s de d\u00e9corations occidentales et pr\u00e9tendument aguerris par les th\u00e9\u00e2tres de guerre du Moyen-Orient ou des Balkans, ont mordu la poussi\u00e8re face \u00e0 une jeunesse congolaise insurg\u00e9e, anim\u00e9e non par l\u2019app\u00e2t du gain mais par la br\u00fblure de la dignit\u00e9 bafou\u00e9e et l\u2019\u00e2pre n\u00e9cessit\u00e9 de survivre. <\/p>\n<p>Sur les cr\u00eates escarp\u00e9es du Nord-Kivu comme dans les vall\u00e9es meurtries de Rutshuru, Masisi, Kalehe, ces jeunes combattants, issus du terreau d\u2019un peuple humili\u00e9 mais non soumis, ont oppos\u00e9 une r\u00e9sistance d\u2019une redoutable efficacit\u00e9, conjuguant discipline tactique, rigueur logistique et une d\u00e9termination farouche. <\/p>\n<p>Leur engagement, loin des motivations mercantiles des soci\u00e9t\u00e9s militaires priv\u00e9es, puise sa force dans une cause \u00e9minemment juste et l\u00e9gitime : celle de la reconnaissance, de la s\u00e9curit\u00e9, et de la citoyennet\u00e9 r\u00e9elle sur leur propre territoire. A les voir tenir t\u00eate, sans artillerie lourde ni soutien a\u00e9rien, \u00e0 des contingents \u00e9trangers sur\u00e9quip\u00e9s, c\u2019est l\u2019image d\u2019une invincibilit\u00e9 morale qui se dessine. <\/p>\n<p>Car l\u00e0 o\u00f9 le pouvoir en place empile les alliances v\u00e9nales et les interventions commandit\u00e9es, cette jeunesse incarne l\u2019irr\u00e9ductible volont\u00e9 d\u2019un peuple \u00e0 ne plus plier. Que Tshisekedi convoque les arm\u00e9es de l\u2019ombre ou les marionnettistes des multinationales de la guerre, il ne triomphera pas d\u2019une communaut\u00e9 qui s\u2019est l\u00e8ve pour reconqu\u00e9rir sa propre voix.<\/p>\n<p>Une autre figure tut\u00e9laire de cette r\u00e9activation effr\u00e9n\u00e9e du mercenariat globalis\u00e9 n\u2019est autre qu\u2019Erik Dean Prince, entrepreneur martial au pass\u00e9 sulfureux, fondateur de la tristement c\u00e9l\u00e8bre soci\u00e9t\u00e9 militaire priv\u00e9e Blackwater, aujourd\u2019hui rebaptis\u00e9e pour des raisons d\u2019image mais nullement purg\u00e9e de ses pratiques douteuses. <\/p>\n<p>En janvier 2025, dans une opacit\u00e9 contractuelle inqui\u00e9tante, cet acteur de la guerre privatis\u00e9e a paraph\u00e9 un accord strat\u00e9gique avec le gouvernement congolais, lui conf\u00e9rant mandat non seulement pour s\u00e9curiser les sites miniers, c\u0153ur battant de la rente extractive congolaise, mais aussi, fait d&#8217;une gravit\u00e9 extr\u00eame, pour superviser les m\u00e9canismes de perception fiscale li\u00e9s \u00e0 ces ressources. <\/p>\n<p>Il ne s\u2019agit plus ici d\u2019une d\u00e9l\u00e9gation ponctuelle de t\u00e2ches s\u00e9curitaires, mais bien d\u2019un transfert souverain de comp\u00e9tences r\u00e9galiennes \u00e0 une entit\u00e9 priv\u00e9e \u00e9trang\u00e8re, dont l\u2019histoire est entach\u00e9e d\u2019exactions en Irak, en Afghanistan et ailleurs. Par cette concession scandaleuse, la RDC s\u2019enfonce un peu plus dans la logique n\u00e9ocoloniale des protectorats d\u2019antan, o\u00f9 les empires \u00e9conomiques supplantent les \u00c9tats faillis, et o\u00f9 la fiscalit\u00e9 fondement de toute souverainet\u00e9 est confi\u00e9e non \u00e0 l&#8217;administration nationale, mais \u00e0 des milices corporatistes aux desseins opaques. Sous couvert d\u2019ordre et d&#8217;efficacit\u00e9, c\u2019est l\u2019essence m\u00eame de l\u2019\u00c9tat congolais qui se trouve d\u00e9l\u00e9gitim\u00e9e, vid\u00e9e de sa substance, livr\u00e9e au bon vouloir d\u2019un seigneur mercenaire en costume-cravate.<\/p>\n<p>\u00c0 Doha pourtant, sous l\u2019\u00e9gide de m\u00e9diateurs, des pourparlers d\u00e9licats s\u2019engagent entre l\u2019Alliance Fleuve Congo (AFC\/M23) et des \u00e9missaires du gouvernement, s\u2019attachant \u00e0 mettre \u00e0 nu les causes profondes d\u2019une instabilit\u00e9 chronique : exclusion politique, d\u00e9ni de citoyennet\u00e9, comp\u00e9tition fonci\u00e8re, et bien s\u00fbr, la ru\u00e9e pr\u00e9datrice sur les minerais du Kivu. <\/p>\n<p>Mais pendant que les n\u00e9gociateurs cherchent une paix durable, le chef de l\u2019\u00c9tat, tel un p\u00e8lerin cynique, d\u00e9ploie ses ambitions bellicistes jusque dans les Am\u00e9riques. \u00c0 Bogot\u00e1, dit-on, il aurait d\u00e9l\u00e9gu\u00e9 la soci\u00e9t\u00e9 militaire am\u00e9ricaine Blackwater pour recruter de nouveaux contingents de mercenaires, faisant fi de toute coh\u00e9rence diplomatique, ignorant les appels au cessez-le-feu, m\u00e9prisant jusqu\u2019aux exhortations de ses alli\u00e9s occidentaux.<\/p>\n<p>Il ne s\u2019agit plus ici d\u2019un simple choix militaire, mais d\u2019un crime \u00e9thique contre la nation. Car derri\u00e8re ces contrats opaques se dissimulent d\u2019obscures r\u00e9trocommissions, alimentant des comptes offshore et engraissant une caste pr\u00e9datrice. <\/p>\n<p>La guerre, pour Tshisekedi, semble \u00eatre moins une trag\u00e9die qu\u2019une rente. Le sang vers\u00e9 des civils, les villages ras\u00e9s, les enfants enr\u00f4l\u00e9s, deviennent les variables silencieuses d\u2019un march\u00e9 funeste dont les dividendes s\u2019accumulent \u00e0 l\u2019abri des regards, dans les coffres des paradis fiscaux.<\/p>\n<p>La R\u00e9publique d\u00e9mocratique du Congo, martyris\u00e9e depuis des d\u00e9cennies, n\u2019avait pas besoin d\u2019un \u00e9ni\u00e8me seigneur de guerre travesti en chef d\u2019\u00c9tat. Elle avait besoin d\u2019un b\u00e2tisseur de paix, d\u2019un garant de l\u2019\u00c9tat de droit, d\u2019un homme capable de rompre avec les logiques pr\u00e9datrices du pass\u00e9. <\/p>\n<p>Au lieu de cela, elle se retrouve ligot\u00e9e dans une guerre import\u00e9e, t\u00e9l\u00e9guid\u00e9e par des int\u00e9r\u00eats priv\u00e9s, o\u00f9 les mercenaires \u00e9trangers se substituent aux forces nationales, humiliant une fois de plus la dignit\u00e9 du peuple congolais.<\/p>\n<p>Il est encore temps de refermer cette parenth\u00e8se lugubre. De mettre un terme \u00e0 cette privatisation de la violence. De rendre \u00e0 la diplomatie, au droit, et \u00e0 la souverainet\u00e9 populaire leurs lettres de noblesse. <\/p>\n<p>Mais pour cela, il faudra rompre avec la duplicit\u00e9 pr\u00e9sidentielle, exiger des comptes, et rappeler que la l\u00e9gitimit\u00e9 d\u2019un pouvoir ne se mesure pas \u00e0 la puissance de feu qu\u2019il ach\u00e8te, mais \u00e0 la justice qu\u2019il garantit.<\/p>\n<figure class=\"spip-document spip-document-61072 aligncenter\"><img decoding=\"async\" src=\"https:\/\/fr.igihe.com\/IMG\/jpg\/mr-2.jpg\" alt=\"\u00c0 Goma, des mercenaires \u00e9trangers, principalement venus d\u2019Europe de l\u2019Est ou issus de soci\u00e9t\u00e9s militaires occidentales, \u00e9taient visibles un peu partout\" \/><\/figure>\n","protected":false},"excerpt":{"rendered":"<p>On les apercevait \u00e0 chaque coin de rue de Goma, dans l\u2019ombre feutr\u00e9e des h\u00f4tels de standing, ou exhibant leur arrogance dans les bars et restaurants pris\u00e9s de l\u2019\u00e9lite locale. Silhouettes p\u00e2les et musculeuses, bard\u00e9es d\u2019\u00e9quipements dernier cri, ces hommes venus d\u2019ailleurs, Bi\u00e9lorusses, Bulgares, Roumains ou encore v\u00e9t\u00e9rans d\u2019obscures soci\u00e9t\u00e9s militaires occidentales, n&#8217;\u00e9taient ni touristes, ni humanitaires. C&#8217;\u00e9taient des mercenaires. <\/p>\n","protected":false},"author":488,"featured_media":4000061071,"comment_status":"open","ping_status":"open","sticky":false,"template":"","format":"standard","meta":{"footnotes":""},"categories":[7544],"tags":[7605],"byline":[9102],"hashtag":[],"class_list":["post-37655","post","type-post","status-publish","format-standard","has-post-thumbnail","hentry","category-politique","tag-homenews","byline-tite-gatabazi"],"bylines":[{"id":9102,"name":"Tite Gatabazi","slug":"tite-gatabazi","description":"","image":{"id":0,"url":"https:\/\/secure.gravatar.com\/avatar\/?s=96&d=mm&f=y&r=g","alt":"Default avatar","title":"Default avatar","caption":"","mime_type":"image\/jpeg","sizes":[]},"user_id":472}],"contributors":[{"id":9102,"name":"Tite Gatabazi","slug":"tite-gatabazi","description":"","image":{"id":0,"url":"https:\/\/secure.gravatar.com\/avatar\/?s=96&d=mm&f=y&r=g","alt":"Default avatar","title":"Default avatar","caption":"","mime_type":"image\/jpeg","sizes":[]},"user_id":472}],"featured_image":{"id":4000061071,"url":"https:\/\/fr-images.igihe.com\/IMG\/logo\/mr_cp-3.jpg","alt":"","caption":"","mime_type":"image\/jpeg","width":0,"height":0,"sizes":{"thumbnail":{"url":"https:\/\/fr-images.igihe.com\/IMG\/logo\/mr_cp-3.jpg","width":1,"height":1},"medium":{"url":"https:\/\/fr-images.igihe.com\/IMG\/logo\/mr_cp-3.jpg","width":1,"height":1},"medium_large":{"url":"https:\/\/fr-images.igihe.com\/IMG\/logo\/mr_cp-3.jpg","width":1,"height":1},"large":{"url":"https:\/\/fr-images.igihe.com\/IMG\/logo\/mr_cp-3.jpg","width":1,"height":1},"full":{"url":"https:\/\/fr-images.igihe.com\/IMG\/logo\/mr_cp-3.jpg","width":0,"height":0}}},"_links":{"self":[{"href":"https:\/\/new.igihe.com\/french\/wp-json\/wp\/v2\/posts\/37655","targetHints":{"allow":["GET"]}}],"collection":[{"href":"https:\/\/new.igihe.com\/french\/wp-json\/wp\/v2\/posts"}],"about":[{"href":"https:\/\/new.igihe.com\/french\/wp-json\/wp\/v2\/types\/post"}],"author":[{"embeddable":true,"href":"https:\/\/new.igihe.com\/french\/wp-json\/wp\/v2\/users\/488"}],"replies":[{"embeddable":true,"href":"https:\/\/new.igihe.com\/french\/wp-json\/wp\/v2\/comments?post=37655"}],"version-history":[{"count":0,"href":"https:\/\/new.igihe.com\/french\/wp-json\/wp\/v2\/posts\/37655\/revisions"}],"wp:featuredmedia":[{"embeddable":true,"href":"https:\/\/new.igihe.com\/french\/wp-json\/wp\/v2\/media\/4000061071"}],"wp:attachment":[{"href":"https:\/\/new.igihe.com\/french\/wp-json\/wp\/v2\/media?parent=37655"}],"wp:term":[{"taxonomy":"category","embeddable":true,"href":"https:\/\/new.igihe.com\/french\/wp-json\/wp\/v2\/categories?post=37655"},{"taxonomy":"post_tag","embeddable":true,"href":"https:\/\/new.igihe.com\/french\/wp-json\/wp\/v2\/tags?post=37655"},{"taxonomy":"byline","embeddable":true,"href":"https:\/\/new.igihe.com\/french\/wp-json\/wp\/v2\/byline?post=37655"},{"taxonomy":"hashtag","embeddable":true,"href":"https:\/\/new.igihe.com\/french\/wp-json\/wp\/v2\/hashtag?post=37655"}],"curies":[{"name":"wp","href":"https:\/\/api.w.org\/{rel}","templated":true}]}}