{"id":37650,"date":"2025-05-15T13:25:00","date_gmt":"2025-05-15T13:25:00","guid":{"rendered":"https:\/\/new.igihe.com\/french\/La-RDC-ravive-les-tensions-malgre-le-processus-de-paix-en-cours-avec-le-Rwanda-37650\/"},"modified":"2025-05-17T16:18:02","modified_gmt":"2025-05-17T16:18:02","slug":"La-RDC-ravive-les-tensions-malgre-le-processus-de-paix-en-cours-avec-le-Rwanda","status":"publish","type":"post","link":"https:\/\/new.igihe.com\/french\/La-RDC-ravive-les-tensions-malgre-le-processus-de-paix-en-cours-avec-le-Rwanda\/","title":{"rendered":"La RDC ravive les tensions malgr\u00e9 le processus de paix en cours avec le Rwanda"},"content":{"rendered":"<p>Une \u00e9tape importante avait pourtant \u00e9t\u00e9 franchie le 25 avril 2025, lorsque la RDC et le Rwanda, avec l\u2019appui des \u00c9tats-Unis, ont sign\u00e9 un accord \u00e9tablissant des principes directeurs pour le r\u00e9tablissement de la paix dans la r\u00e9gion des Grands Lacs. Cette entente, salu\u00e9e avec un optimisme partag\u00e9 tant \u00e0 Kinshasa qu\u2019\u00e0 Kigali, semblait marquer la fin d\u2019une strat\u00e9gie longtemps reproch\u00e9e \u00e0 la RDC : faire du Rwanda le bouc \u00e9missaire syst\u00e9matique des violences dans l\u2019est de son territoire.<\/p>\n<p>Dans la foul\u00e9e, les \u00c9tats-Unis ont annonc\u00e9 la signature, en juin 2025 \u00e0 Washington D.C., d\u2019un accord de paix d\u00e9finitif. Ce texte historique devrait ouvrir la voie \u00e0 un partenariat trilat\u00e9ral renouvel\u00e9 entre les \u00c9tats-Unis, la RDC et le Rwanda, centr\u00e9 sur la paix, la stabilit\u00e9 et le d\u00e9veloppement r\u00e9gional.<\/p>\n<p>En parall\u00e8le, un climat d\u2019apaisement notable s\u2019\u00e9tait instaur\u00e9 au niveau des canaux de communications officielles de la RDC. Des personnalit\u00e9s telles que la ministre Th\u00e9r\u00e8se Kayikwamba et le porte-parole du gouvernement, Patrick Muyaya, avaient mis un terme \u00e0 leurs discours virulents \u00e0 l\u2019encontre du Rwanda, conform\u00e9ment \u00e0 l\u2019engagement bilat\u00e9ral convenu en avril, les obligeant \u00e0 s\u2019abstenir de toute rh\u00e9torique incendiaire.<\/p>\n<p>Cependant, cette accalmie verbale n\u2019aura \u00e9t\u00e9 que de courte dur\u00e9e. Lors d\u2019une interview accord\u00e9e au m\u00e9dia allemand Deutsche Welle, Th\u00e9r\u00e8se Kayikwamba a raviv\u00e9 les tensions en r\u00e9it\u00e9rant ses accusations \u00e0 l\u2019encontre du Rwanda, qu\u2019elle accuse de compromettre la s\u00e9curit\u00e9 dans l\u2019est de la RDC et de s\u2019en prendre aux forces de maintien de la paix de la MONUSCO.<\/p>\n<p>\u00ab Nous avons une tr\u00e8s grande mission de maintien de la paix, mais un de nos pays voisins, et un des plus grands contributeurs aux op\u00e9rations de maintien de paix, \u00e0 savoir le Rwanda, viole notre int\u00e9grit\u00e9 territoriale. ce pays a aussi \u00e9t\u00e9 associ\u00e9 \u00e0 des violences contre des soldats de paix. Donc, pour nous, une des grandes r\u00e9formes, c&#8217;est aussi la redevabilit\u00e9 des pays contributeurs de troupes. \u00bb, a-t-elle affirm\u00e9.<\/p>\n<p>De son c\u00f4t\u00e9, le gouvernement rwandais a cat\u00e9goriquement rejet\u00e9 ces accusations, les qualifiant de man\u0153uvre visant \u00e0 d\u00e9tourner l\u2019attention de la communaut\u00e9 internationale sur les v\u00e9ritables causes de l\u2019instabilit\u00e9 dans l\u2019est de la RDC. Kigali pointe notamment la mauvaise gouvernance et les violences syst\u00e9miques inflig\u00e9es aux Congolais rwandophones.<\/p>\n<p>Tout en affirmant sa d\u00e9termination \u00e0 d\u00e9fendre sa souverainet\u00e9, la RDC est, selon Kigali, un refuge et un soutien actif du groupe terroriste FDLR, dont l\u2019objectif avou\u00e9 est de d\u00e9stabiliser le Rwanda. Par ailleurs, le gouvernement rwandais rappelle les d\u00e9clarations du pr\u00e9sident congolais F\u00e9lix Tshisekedi, qui a, \u00e0 maintes fois exprim\u00e9 publiquement son intention de renverser le r\u00e9gime de Kigali.<\/p>\n<p>Face \u00e0 ces menaces, le Rwanda a renforc\u00e9 son dispositif de d\u00e9fense le long de sa fronti\u00e8re avec la RDC. Le 27 janvier 2025, ces mesures lui ont permis de repousser une attaque attribu\u00e9e \u00e0 une coalition incluant les FARDC, survenue peu avant la prise de contr\u00f4le de la ville de Goma par l\u2019alliance AFC\/M23. Cette offensive a tragiquement caus\u00e9 la mort de 16 civils dans le district de Rubavu, fait 161 bless\u00e9s et endommag\u00e9 environ 200 habitations.<\/p>\n<p>Interrog\u00e9e sur la prise en compte, par la RDC, des pr\u00e9occupations s\u00e9curitaires exprim\u00e9es par le Rwanda, la ministre Kayikwamba a r\u00e9pondu que les victimes \u00e9taient majoritairement congolaises. \u00ab  Certes, le Rwanda a des pr\u00e9occupations s\u00e9curitaires l\u00e9gitimes, mais ne parlons pas dans la th\u00e9orie, parlons de mani\u00e8re tr\u00e8s concr\u00e8te, les dizaines de milliers de morts sont-ils congolais ou sont-ils rwandais ? ils sont congolais, les femmes viol\u00e9es sont-elles congolaises ou rwandaises ? elles sont congolaises. \u00bb, a-t-elle lanc\u00e9. <\/p>\n<p>En d\u00e9pit d\u2019un climat encore marqu\u00e9 par de fortes tensions, les discussions entre les deux pays se poursuivent. L\u2019ambassadeur Olivier Nduhungirehe, ministre des Affaires \u00e9trang\u00e8res et de la Coop\u00e9ration internationale, a confirm\u00e9 que le Rwanda et la RDC avaient conjointement soumis aux \u00c9tats-Unis un projet d\u2019accord de paix, actuellement analys\u00e9 par des experts.<\/p>\n<p>Il a pr\u00e9cis\u00e9 qu\u2019au cours de la troisi\u00e8me semaine de mai 2025, lui-m\u00eame et son homologue congolaise se rendraient de nouveau \u00e0 Washington D.C., afin de finaliser le texte en vue de sa signature officielle imminente.<\/p>\n<p>Interrog\u00e9e sur le degr\u00e9 de confiance accord\u00e9 \u00e0 la m\u00e9diation am\u00e9ricaine, Th\u00e9r\u00e8se Kayikwamba a rappel\u00e9 que l\u2019engagement de la RDC dans ce processus s\u2019inscrivait dans le cadre de l\u2019initiative de Luanda, dont l\u2019objectif central est de favoriser la conclusion d\u2019un accord de paix durable entre les deux nations. Elle a ajout\u00e9 que, pour autant que les parties prenantes fassent preuve de sinc\u00e9rit\u00e9 et d\u2019int\u00e9grit\u00e9, la RDC \u00e9tait pleinement dispos\u00e9e \u00e0 s\u2019investir dans cette dynamique diplomatique cruciale.<\/p>\n<p>Elle a toutefois exprim\u00e9 des doutes quant \u00e0 la volont\u00e9 du Rwanda de respecter les engagements pris \u00e0 Luanda, au Qatar et \u00e0 Washington. Fait notable, elle n\u2019a pas pr\u00e9cis\u00e9 si la RDC \u00e9tait, de son c\u00f4t\u00e9, dispos\u00e9e \u00e0 honorer ses propres engagements, notamment celui du d\u00e9mant\u00e8lement des FDLR \u2014 un point r\u00e9guli\u00e8rement \u00e9voqu\u00e9s par Kigali.<\/p>\n<figure class=\"spip-document spip-document-61062 aligncenter\"><img decoding=\"async\" src=\"https:\/\/fr.igihe.com\/IMG\/jpg\/kw-8.jpg\" alt=\"Th\u00e9r\u00e8se Kayikwamba Wagner, a raviv\u00e9 les tensions en renouvelant ses accusations contre Kigali\" \/><\/figure>\n","protected":false},"excerpt":{"rendered":"<p>Bien que la R\u00e9publique d\u00e9mocratique du Congo et le Rwanda affirment \u00eatre engag\u00e9s sur la voie du dialogue et de la r\u00e9conciliation, les tensions entre les deux pays demeurent vives, en particulier du c\u00f4t\u00e9 de Kinshasa. La ministre congolaise des Affaires \u00e9trang\u00e8res, Th\u00e9r\u00e8se Kayikwamba Wagner, a raviv\u00e9 les tensions en renouvelant ses accusations contre Kigali, remettant en cause les intentions de paix affich\u00e9es par son gouvernement.<\/p>\n","protected":false},"author":488,"featured_media":4000061061,"comment_status":"open","ping_status":"open","sticky":false,"template":"","format":"standard","meta":{"footnotes":""},"categories":[7544],"tags":[7605],"byline":[9865],"hashtag":[],"class_list":["post-37650","post","type-post","status-publish","format-standard","has-post-thumbnail","hentry","category-politique","tag-homenews","byline-alain-bertrand-tunezerwe"],"bylines":[{"id":9865,"name":"Alain Bertrand Tunezerwe","slug":"alain-bertrand-tunezerwe","description":"","image":{"id":0,"url":"https:\/\/secure.gravatar.com\/avatar\/?s=96&d=mm&f=y&r=g","alt":"Default avatar","title":"Default avatar","caption":"","mime_type":"image\/jpeg","sizes":[]},"user_id":452}],"contributors":[{"id":9865,"name":"Alain Bertrand Tunezerwe","slug":"alain-bertrand-tunezerwe","description":"","image":{"id":0,"url":"https:\/\/secure.gravatar.com\/avatar\/?s=96&d=mm&f=y&r=g","alt":"Default avatar","title":"Default avatar","caption":"","mime_type":"image\/jpeg","sizes":[]},"user_id":452}],"featured_image":{"id":4000061061,"url":"https:\/\/fr-images.igihe.com\/IMG\/logo\/kw_cp-8.jpg","alt":"","caption":"","mime_type":"image\/jpeg","width":0,"height":0,"sizes":{"thumbnail":{"url":"https:\/\/fr-images.igihe.com\/IMG\/logo\/kw_cp-8.jpg","width":1,"height":1},"medium":{"url":"https:\/\/fr-images.igihe.com\/IMG\/logo\/kw_cp-8.jpg","width":1,"height":1},"medium_large":{"url":"https:\/\/fr-images.igihe.com\/IMG\/logo\/kw_cp-8.jpg","width":1,"height":1},"large":{"url":"https:\/\/fr-images.igihe.com\/IMG\/logo\/kw_cp-8.jpg","width":1,"height":1},"full":{"url":"https:\/\/fr-images.igihe.com\/IMG\/logo\/kw_cp-8.jpg","width":0,"height":0}}},"_links":{"self":[{"href":"https:\/\/new.igihe.com\/french\/wp-json\/wp\/v2\/posts\/37650","targetHints":{"allow":["GET"]}}],"collection":[{"href":"https:\/\/new.igihe.com\/french\/wp-json\/wp\/v2\/posts"}],"about":[{"href":"https:\/\/new.igihe.com\/french\/wp-json\/wp\/v2\/types\/post"}],"author":[{"embeddable":true,"href":"https:\/\/new.igihe.com\/french\/wp-json\/wp\/v2\/users\/488"}],"replies":[{"embeddable":true,"href":"https:\/\/new.igihe.com\/french\/wp-json\/wp\/v2\/comments?post=37650"}],"version-history":[{"count":0,"href":"https:\/\/new.igihe.com\/french\/wp-json\/wp\/v2\/posts\/37650\/revisions"}],"wp:featuredmedia":[{"embeddable":true,"href":"https:\/\/new.igihe.com\/french\/wp-json\/wp\/v2\/media\/4000061061"}],"wp:attachment":[{"href":"https:\/\/new.igihe.com\/french\/wp-json\/wp\/v2\/media?parent=37650"}],"wp:term":[{"taxonomy":"category","embeddable":true,"href":"https:\/\/new.igihe.com\/french\/wp-json\/wp\/v2\/categories?post=37650"},{"taxonomy":"post_tag","embeddable":true,"href":"https:\/\/new.igihe.com\/french\/wp-json\/wp\/v2\/tags?post=37650"},{"taxonomy":"byline","embeddable":true,"href":"https:\/\/new.igihe.com\/french\/wp-json\/wp\/v2\/byline?post=37650"},{"taxonomy":"hashtag","embeddable":true,"href":"https:\/\/new.igihe.com\/french\/wp-json\/wp\/v2\/hashtag?post=37650"}],"curies":[{"name":"wp","href":"https:\/\/api.w.org\/{rel}","templated":true}]}}