{"id":37645,"date":"2025-05-14T13:57:51","date_gmt":"2025-05-14T13:57:51","guid":{"rendered":"https:\/\/new.igihe.com\/french\/Goma-l-AFC-M23-lance-des-operations-de-recherche-ciblant-armes-et-fauteurs-de-37645\/"},"modified":"2025-05-14T13:53:48","modified_gmt":"2025-05-14T13:53:48","slug":"Goma-l-AFC-M23-lance-des-operations-de-recherche-ciblant-armes-et-fauteurs-de","status":"publish","type":"post","link":"https:\/\/new.igihe.com\/french\/Goma-l-AFC-M23-lance-des-operations-de-recherche-ciblant-armes-et-fauteurs-de\/","title":{"rendered":"Goma : l\u2019AFC\/M23 lance des op\u00e9rations de recherche ciblant armes et fauteurs de troubles"},"content":{"rendered":"<p>Des membres du groupe terroriste FDLR, des soldats d\u00e9serteurs de l\u2019arm\u00e9e congolaise, ainsi que des groupes Wazalendo ont \u00e9t\u00e9 signal\u00e9s parmi les habitants de Goma, o\u00f9 ils seraient h\u00e9berg\u00e9s par certains individus. Des personnes sans affiliation ont \u00e9galement \u00e9t\u00e9 impliqu\u00e9es dans des actes criminels, notamment des vols \u00e0 main arm\u00e9e.<\/p>\n<p>Depuis la prise de contr\u00f4le de Goma par l\u2019AFC\/M23 le 27 janvier 2025, la ville est r\u00e9guli\u00e8rement le th\u00e9\u00e2tre d&#8217;attaques arm\u00e9es dans plusieurs quartiers, qui ont d\u00e9j\u00e0 caus\u00e9 de nombreuses victimes civiles et d&#8217;importantes pertes mat\u00e9rielles. Le groupe rebelle a point\u00e9 du doigt le gouvernement congolais, l\u2019accusant de porter une lourde responsabilit\u00e9 dans l\u2019escalade de ces violences.<\/p>\n<p>L\u2019AFC\/M23 a \u00e9galement indiqu\u00e9 que 800 soldats des Forces arm\u00e9es de la RDC, qui s\u2019\u00e9taient initialement r\u00e9fugi\u00e9s dans des bases de la Mission des Nations Unies pour la stabilisation du Congo (MONUSCO), avaient \u00e9t\u00e9 rel\u00e2ch\u00e9s et seraient d\u00e9sormais impliqu\u00e9s dans des activit\u00e9s compromettant la s\u00e9curit\u00e9 \u00e0 Goma.<\/p>\n<p>Le 10 mai 2025, l\u2019AFC\/M23 a publiquement pr\u00e9sent\u00e9 plusieurs personnes arr\u00eat\u00e9es dans diff\u00e9rents quartiers de la ville, les accusant d\u2019\u00eatre \u00e0 l\u2019origine des troubles. Parmi les interpell\u00e9s figuraient des soldats congolais et des membres des groupes Wazalendo. Plus d\u2019une dizaine de combattants FDLR ont \u00e9galement \u00e9t\u00e9 captur\u00e9s, certains accompagn\u00e9s de leurs familles, dont des femmes et des enfants.<\/p>\n<p>\u00ab Nous avons ici affaire \u00e0 des criminels. Ce sont des membres des FDLR, de Wazalendo, ainsi que des FARDC. Ils s\u2019introduisent chez les habitants, les volent et commettent des meurtres en pleine ville. Ce sont eux les principaux instigateurs de l\u2019ins\u00e9curit\u00e9 que nous observons aujourd\u2019hui \u00bb, a d\u00e9clar\u00e9 le lieutenant-colonel Willy Ngoma, porte-parole militaire de l\u2019AFC\/M23.<\/p>\n<p>Par ailleurs, selon les informations fournies par le groupe rebelle, plus de 200 personnes auraient \u00e9t\u00e9 captur\u00e9es, dont 17 combattants des FDLR, 34 membres Wazalendo, 18 soldats des Forces arm\u00e9es de la RDC (FARDC) et 9 policiers. L\u2019ensemble de ces individus a \u00e9t\u00e9 pr\u00e9sent\u00e9 \u00e0 la presse lors d\u2019une conf\u00e9rence organis\u00e9e au Stade de l\u2019Unit\u00e9 \u00e0 Goma.<\/p>\n<p>Le 13 mai 2025, le lieutenant-colonel Willy Ngoma a annonc\u00e9 que l\u2019AFC\/M23 avait interpell\u00e9 181 ressortissants rwandais accus\u00e9s d\u2019avoir obtenu ill\u00e9galement des cartes d\u2019\u00e9lecteur congolaises, alors qu\u2019ils d\u00e9tenaient d\u00e9j\u00e0 des cartes d\u2019identit\u00e9 rwandaises.<\/p>\n<p>Parmi eux, un homme affirmant vivre en R\u00e9publique d\u00e9mocratique du Congo depuis 2002 a expliqu\u00e9 les circonstances de son installation : \u00ab J\u2019ai vendu mon petit terrain au Rwanda pour en acqu\u00e9rir un ici en RDC, car je n\u2019avais rien l\u00e0-bas. Aujourd\u2019hui, mes enfants vivent ici avec moi. \u00bb<\/p>\n<p>Parmi les personnes interpell\u00e9es figure \u00e9galement Ndayambaje Pacifique, un jeune homme de 29 ans originaire de Kanzenze, dans le district de Rubavu, au Rwanda. Il a confi\u00e9 avoir pass\u00e9 sept ann\u00e9es au sein du groupe arm\u00e9 FDLR, avant de le quitter. Selon son t\u00e9moignage, une tentative de d\u00e9sertion lui a une fois valu de graves s\u00e9vices, notamment des actes de torture inflig\u00e9s par ses anciens compagnons d\u2019armes.<\/p>\n<p>Par ailleurs, les Conventions de Gen\u00e8ve de 1949, ainsi que d\u2019autres instruments du droit international, reconnaissent aux forces arm\u00e9es le droit de proc\u00e9der \u00e0 des perquisitions dans les foyers civils pour des raisons de s\u00e9curit\u00e9. Ces op\u00e9rations ont pour objectif la recherche d\u2019armes, d\u2019\u00e9quipements susceptibles de porter atteinte \u00e0 la s\u00e9curit\u00e9, ou de combattants dissimul\u00e9s dans les habitations.<\/p>\n<p>Toutefois, ces op\u00e9rations doivent imp\u00e9rativement \u00eatre men\u00e9es dans le strict respect de la dignit\u00e9 humaine, en s&#8217;abstenant de toute forme d\u2019humiliation, de maltraitance ou d\u2019abus envers les civils. Le pillage ou la confiscation ill\u00e9gale de biens appartenant \u00e0 la population sont formellement interdits.<\/p>\n<p>Les articles 24 et 43 des Conventions de Gen\u00e8ve stipulent que la vie priv\u00e9e des civils doit \u00eatre scrupuleusement respect\u00e9e lors de ces perquisitions. Il incombe donc aux forces arm\u00e9es de mener ces interventions, sans jamais porter atteinte aux droits fondamentaux des populations civiles.<\/p>\n<figure class=\"spip-document spip-document-61040 aligncenter\"><img decoding=\"async\" src=\"https:\/\/fr.igihe.com\/IMG\/jpg\/m23-28.jpg\" alt=\"L&#039;AFC\/M23 m\u00e8nent des op\u00e9rations de recherche dans divers quartiers de Goma, visant les individus susceptibles de perturber la s\u00e9curit\u00e9\" \/><\/figure>\n<figure class=\"spip-document spip-document-61041 aligncenter\"><img decoding=\"async\" src=\"https:\/\/fr.igihe.com\/IMG\/jpg\/m23_2-10.jpg\" alt=\"Plus de 200 personnes auraient \u00e9t\u00e9 captur\u00e9es, dont 17 combattants des FDLR, 34 membres Wazalendo, 18 soldats FARDC et 9 policiers\" \/><\/figure>\n","protected":false},"excerpt":{"rendered":"<p>Depuis plusieurs jours, les combattants du groupe AFC\/M23, qui lutte contre le gouvernement de la R\u00e9publique D\u00e9mocratique du Congo, m\u00e8nent des op\u00e9rations de recherche dans divers quartiers de Goma, visant \u00e0 la fois les individus susceptibles de perturber la s\u00e9curit\u00e9 et ceux en possession d&#8217;armes.<\/p>\n","protected":false},"author":488,"featured_media":4000061039,"comment_status":"open","ping_status":"open","sticky":false,"template":"","format":"standard","meta":{"footnotes":""},"categories":[7540],"tags":[7605],"byline":[9865],"hashtag":[],"class_list":["post-37645","post","type-post","status-publish","format-standard","has-post-thumbnail","hentry","category-securite","tag-homenews","byline-alain-bertrand-tunezerwe"],"bylines":[{"id":9865,"name":"Alain Bertrand Tunezerwe","slug":"alain-bertrand-tunezerwe","description":"","image":{"id":0,"url":"https:\/\/secure.gravatar.com\/avatar\/?s=96&d=mm&f=y&r=g","alt":"Default avatar","title":"Default avatar","caption":"","mime_type":"image\/jpeg","sizes":[]},"user_id":452}],"contributors":[{"id":9865,"name":"Alain Bertrand Tunezerwe","slug":"alain-bertrand-tunezerwe","description":"","image":{"id":0,"url":"https:\/\/secure.gravatar.com\/avatar\/?s=96&d=mm&f=y&r=g","alt":"Default avatar","title":"Default avatar","caption":"","mime_type":"image\/jpeg","sizes":[]},"user_id":452}],"featured_image":{"id":4000061039,"url":"https:\/\/fr-images.igihe.com\/IMG\/logo\/m23_cp-18.jpg","alt":"","caption":"","mime_type":"image\/jpeg","width":0,"height":0,"sizes":{"thumbnail":{"url":"https:\/\/fr-images.igihe.com\/IMG\/logo\/m23_cp-18.jpg","width":1,"height":1},"medium":{"url":"https:\/\/fr-images.igihe.com\/IMG\/logo\/m23_cp-18.jpg","width":1,"height":1},"medium_large":{"url":"https:\/\/fr-images.igihe.com\/IMG\/logo\/m23_cp-18.jpg","width":1,"height":1},"large":{"url":"https:\/\/fr-images.igihe.com\/IMG\/logo\/m23_cp-18.jpg","width":1,"height":1},"full":{"url":"https:\/\/fr-images.igihe.com\/IMG\/logo\/m23_cp-18.jpg","width":0,"height":0}}},"_links":{"self":[{"href":"https:\/\/new.igihe.com\/french\/wp-json\/wp\/v2\/posts\/37645","targetHints":{"allow":["GET"]}}],"collection":[{"href":"https:\/\/new.igihe.com\/french\/wp-json\/wp\/v2\/posts"}],"about":[{"href":"https:\/\/new.igihe.com\/french\/wp-json\/wp\/v2\/types\/post"}],"author":[{"embeddable":true,"href":"https:\/\/new.igihe.com\/french\/wp-json\/wp\/v2\/users\/488"}],"replies":[{"embeddable":true,"href":"https:\/\/new.igihe.com\/french\/wp-json\/wp\/v2\/comments?post=37645"}],"version-history":[{"count":0,"href":"https:\/\/new.igihe.com\/french\/wp-json\/wp\/v2\/posts\/37645\/revisions"}],"wp:featuredmedia":[{"embeddable":true,"href":"https:\/\/new.igihe.com\/french\/wp-json\/wp\/v2\/media\/4000061039"}],"wp:attachment":[{"href":"https:\/\/new.igihe.com\/french\/wp-json\/wp\/v2\/media?parent=37645"}],"wp:term":[{"taxonomy":"category","embeddable":true,"href":"https:\/\/new.igihe.com\/french\/wp-json\/wp\/v2\/categories?post=37645"},{"taxonomy":"post_tag","embeddable":true,"href":"https:\/\/new.igihe.com\/french\/wp-json\/wp\/v2\/tags?post=37645"},{"taxonomy":"byline","embeddable":true,"href":"https:\/\/new.igihe.com\/french\/wp-json\/wp\/v2\/byline?post=37645"},{"taxonomy":"hashtag","embeddable":true,"href":"https:\/\/new.igihe.com\/french\/wp-json\/wp\/v2\/hashtag?post=37645"}],"curies":[{"name":"wp","href":"https:\/\/api.w.org\/{rel}","templated":true}]}}