{"id":37641,"date":"2025-05-14T13:21:19","date_gmt":"2025-05-14T13:21:19","guid":{"rendered":"https:\/\/new.igihe.com\/french\/Un-contentieux-ideologique-entre-Washington-et-Pretoria-37641\/"},"modified":"2025-05-14T13:17:57","modified_gmt":"2025-05-14T13:17:57","slug":"Un-contentieux-ideologique-entre-Washington-et-Pretoria","status":"publish","type":"post","link":"https:\/\/new.igihe.com\/french\/Un-contentieux-ideologique-entre-Washington-et-Pretoria\/","title":{"rendered":"Un contentieux id\u00e9ologique entre Washington et Pretoria"},"content":{"rendered":"<p>Ces individus, issus de la minorit\u00e9 blanche descendant des colons boers, ont quitt\u00e9 le territoire sud-africain sous escorte discr\u00e8te avant d\u2019embarquer \u00e0 bord d\u2019un vol affr\u00e9t\u00e9 par l\u2019administration Trump. Dispers\u00e9s \u00e0 leur arriv\u00e9e sur le sol am\u00e9ricain dans plusieurs \u00c9tats f\u00e9d\u00e9r\u00e9s, ils symbolisent aujourd\u2019hui le point de cristallisation d\u2019un contentieux croissant entre Pretoria et Washington.<\/p>\n<p>Ce geste, dont la port\u00e9e d\u00e9passe de loin la seule question humanitaire, s\u2019inscrit dans un contexte de tensions vives aliment\u00e9es par une perception biais\u00e9e, voire d\u00e9lib\u00e9r\u00e9ment alarmiste, de la situation int\u00e9rieure sud-africaine. En toile de fond, la loi adopt\u00e9e fin janvier sur la redistribution des terres agricoles, destin\u00e9e \u00e0 corriger les d\u00e9s\u00e9quilibres historiques h\u00e9rit\u00e9s de l\u2019apartheid, a profond\u00e9ment irrit\u00e9 certaines franges de la communaut\u00e9 afrikaner. <\/p>\n<p>Bien que cette r\u00e9forme fonci\u00e8re vise avant tout \u00e0 r\u00e9parer une injustice structurelle vieille de plusieurs d\u00e9cennies, ses d\u00e9tracteurs y voient une menace directe contre leurs droits patrimoniaux, et certains ont h\u00e2tivement assimil\u00e9 les actes de banditisme ou les homicides de fermiers isol\u00e9s \u00e0 une politique raciale syst\u00e9matique.<\/p>\n<p>Dans cette atmosph\u00e8re de crispation, le milliardaire Elon Musk, lui-m\u00eame issu de la minorit\u00e9 afrikaner et notoirement critique \u00e0 l\u2019\u00e9gard des autorit\u00e9s sud-africaines post-apartheid, aurait activement relay\u00e9 aupr\u00e8s de l\u2019administration Trump le r\u00e9cit d\u2019un &#8220;g\u00e9nocide blanc&#8221; en cours dans son pays natal. Ses d\u00e9clarations incendiaires, v\u00e9hicul\u00e9es sur ses plateformes num\u00e9riques, ont envenim\u00e9 un d\u00e9bat d\u00e9j\u00e0 min\u00e9 par la d\u00e9sinformation et les ressentiments postcoloniaux. <\/p>\n<p>L&#8217;influence de Musk, alli\u00e9e \u00e0 la rh\u00e9torique populiste de Trump, a contribu\u00e9 \u00e0 fa\u00e7onner une narration anxiog\u00e8ne, faisant des Afrikaners des victimes d\u2019une pers\u00e9cution ethnique, alors m\u00eame que les rapports de police et les donn\u00e9es officielles du gouvernement sud-africain contredisent fermement cette th\u00e8se.<\/p>\n<p>Le professeur Collen Lediga, universitaire sud-africain bas\u00e9 \u00e0 Bochum en Allemagne, souligne que, si la criminalit\u00e9 est bien une r\u00e9alit\u00e9 end\u00e9mique dans un pays gangren\u00e9 par la pauvret\u00e9 et le ch\u00f4mage, elle n\u2019\u00e9pargne aucune communaut\u00e9. Les fermiers blancs, bien que parfois cibl\u00e9s, ne sont nullement les seules victimes de la violence. Assimiler ces trag\u00e9dies \u00e0 une entreprise d\u2019extermination rel\u00e8ve d\u2019une instrumentalisation id\u00e9ologique destin\u00e9e \u00e0 l\u00e9gitimer des positions g\u00e9opolitiques extr\u00eames.<\/p>\n<p>Face \u00e0 cette ing\u00e9rence jug\u00e9e inacceptable, Pretoria n\u2019a pas tard\u00e9 \u00e0 exprimer son indignation. Le minist\u00e8re sud-africain des Affaires \u00e9trang\u00e8res, par la voix de Ronald Lamola, a rejet\u00e9 en bloc les accusations formul\u00e9es par l\u2019administration am\u00e9ricaine, les qualifiant de fallacieuses et fond\u00e9es sur une vision d\u00e9form\u00e9e des r\u00e9alit\u00e9s sud-africaines. <\/p>\n<p>Les rapports statistiques, les enqu\u00eates polici\u00e8res et les analyses ind\u00e9pendantes convergent tous vers une m\u00eame conclusion : il n\u2019existe aucune politique d\u00e9lib\u00e9r\u00e9e de pers\u00e9cution \u00e0 l\u2019encontre des Afrikaners en Afrique du Sud. Au contraire, le pays s\u2019efforce, dans la douleur mais avec constance, de gu\u00e9rir les plaies profondes l\u00e9gu\u00e9es par des d\u00e9cennies d\u2019apartheid et de s\u00e9gr\u00e9gation.<\/p>\n<p>La d\u00e9cision de Donald Trump de renvoyer l\u2019ambassadeur sud-africain \u00e0 Washington au mois de mars dernier marque un tournant dans les relations bilat\u00e9rales. Cet acte, empreint d\u2019un symbolisme agressif, a donn\u00e9 le ton \u00e0 une escalade diplomatique in\u00e9dite entre deux nations historiquement li\u00e9es par des int\u00e9r\u00eats \u00e9conomiques mais d\u00e9sormais oppos\u00e9es dans leurs visions du monde. Tandis que l\u2019Afrique du Sud cherche \u00e0 affirmer sa souverainet\u00e9 dans la red\u00e9finition de la justice fonci\u00e8re, les \u00c9tats-Unis de Trump semblent enclins \u00e0 ressusciter des r\u00e9cits nostalgiques et anachroniques de protection des minorit\u00e9s blanches, quitte \u00e0 raviver les braises d\u2019un pass\u00e9 colonial mal \u00e9teint.<\/p>\n<p>En v\u00e9rit\u00e9, au-del\u00e0 de la querelle circonstancielle, cette controverse illustre un affrontement id\u00e9ologique plus profond entre une Afrique du Sud en qu\u00eate de r\u00e9paration historique et une Am\u00e9rique trumpienne nostalgique d\u2019un ordre racial fig\u00e9. Le geste de Trump, soutenu en sous-main par les outrances de Musk, n\u2019est pas seulement une man\u0153uvre diplomatique : il est le sympt\u00f4me inqui\u00e9tant d\u2019une r\u00e9surgence r\u00e9actionnaire, o\u00f9 les privil\u00e8ges d\u2019hier cherchent \u00e0 se survivre sous le masque de la victimisation.<\/p>\n<figure class=\"spip-document spip-document-61028 aligncenter\"><img decoding=\"async\" src=\"https:\/\/fr.igihe.com\/IMG\/jpg\/ram_cp.jpg\" alt=\"Cyril Ramaphosa, pr\u00e9sident de l&#039;Afrique du Sud\" \/><\/figure>\n","protected":false},"excerpt":{"rendered":"<p>Dans un geste aussi spectaculaire que controvers\u00e9, le pr\u00e9sident am\u00e9ricain Donald Trump a accord\u00e9 le statut de r\u00e9fugi\u00e9s \u00e0 quarante-neuf Afrikaners sud-africains, invoquant leur pr\u00e9tendue pers\u00e9cution en Afrique du Sud.<\/p>\n","protected":false},"author":488,"featured_media":4000061029,"comment_status":"open","ping_status":"open","sticky":false,"template":"","format":"standard","meta":{"footnotes":""},"categories":[7544],"tags":[7605],"byline":[9102],"hashtag":[],"class_list":["post-37641","post","type-post","status-publish","format-standard","has-post-thumbnail","hentry","category-politique","tag-homenews","byline-tite-gatabazi"],"bylines":[{"id":9102,"name":"Tite Gatabazi","slug":"tite-gatabazi","description":"","image":{"id":0,"url":"https:\/\/secure.gravatar.com\/avatar\/?s=96&d=mm&f=y&r=g","alt":"Default avatar","title":"Default avatar","caption":"","mime_type":"image\/jpeg","sizes":[]},"user_id":472}],"contributors":[{"id":9102,"name":"Tite Gatabazi","slug":"tite-gatabazi","description":"","image":{"id":0,"url":"https:\/\/secure.gravatar.com\/avatar\/?s=96&d=mm&f=y&r=g","alt":"Default avatar","title":"Default avatar","caption":"","mime_type":"image\/jpeg","sizes":[]},"user_id":472}],"featured_image":{"id":4000061029,"url":"https:\/\/fr-images.igihe.com\/IMG\/logo\/ram_cp-8.jpg","alt":"","caption":"","mime_type":"image\/jpeg","width":0,"height":0,"sizes":{"thumbnail":{"url":"https:\/\/fr-images.igihe.com\/IMG\/logo\/ram_cp-8.jpg","width":1,"height":1},"medium":{"url":"https:\/\/fr-images.igihe.com\/IMG\/logo\/ram_cp-8.jpg","width":1,"height":1},"medium_large":{"url":"https:\/\/fr-images.igihe.com\/IMG\/logo\/ram_cp-8.jpg","width":1,"height":1},"large":{"url":"https:\/\/fr-images.igihe.com\/IMG\/logo\/ram_cp-8.jpg","width":1,"height":1},"full":{"url":"https:\/\/fr-images.igihe.com\/IMG\/logo\/ram_cp-8.jpg","width":0,"height":0}}},"_links":{"self":[{"href":"https:\/\/new.igihe.com\/french\/wp-json\/wp\/v2\/posts\/37641","targetHints":{"allow":["GET"]}}],"collection":[{"href":"https:\/\/new.igihe.com\/french\/wp-json\/wp\/v2\/posts"}],"about":[{"href":"https:\/\/new.igihe.com\/french\/wp-json\/wp\/v2\/types\/post"}],"author":[{"embeddable":true,"href":"https:\/\/new.igihe.com\/french\/wp-json\/wp\/v2\/users\/488"}],"replies":[{"embeddable":true,"href":"https:\/\/new.igihe.com\/french\/wp-json\/wp\/v2\/comments?post=37641"}],"version-history":[{"count":0,"href":"https:\/\/new.igihe.com\/french\/wp-json\/wp\/v2\/posts\/37641\/revisions"}],"wp:featuredmedia":[{"embeddable":true,"href":"https:\/\/new.igihe.com\/french\/wp-json\/wp\/v2\/media\/4000061029"}],"wp:attachment":[{"href":"https:\/\/new.igihe.com\/french\/wp-json\/wp\/v2\/media?parent=37641"}],"wp:term":[{"taxonomy":"category","embeddable":true,"href":"https:\/\/new.igihe.com\/french\/wp-json\/wp\/v2\/categories?post=37641"},{"taxonomy":"post_tag","embeddable":true,"href":"https:\/\/new.igihe.com\/french\/wp-json\/wp\/v2\/tags?post=37641"},{"taxonomy":"byline","embeddable":true,"href":"https:\/\/new.igihe.com\/french\/wp-json\/wp\/v2\/byline?post=37641"},{"taxonomy":"hashtag","embeddable":true,"href":"https:\/\/new.igihe.com\/french\/wp-json\/wp\/v2\/hashtag?post=37641"}],"curies":[{"name":"wp","href":"https:\/\/api.w.org\/{rel}","templated":true}]}}