{"id":37639,"date":"2025-05-14T11:07:15","date_gmt":"2025-05-14T11:07:15","guid":{"rendered":"https:\/\/new.igihe.com\/french\/Goma-ou-quand-l-autorite-redonne-un-visage-a-la-paix-37639\/"},"modified":"2025-05-14T11:04:38","modified_gmt":"2025-05-14T11:04:38","slug":"Goma-ou-quand-l-autorite-redonne-un-visage-a-la-paix","status":"publish","type":"post","link":"https:\/\/new.igihe.com\/french\/Goma-ou-quand-l-autorite-redonne-un-visage-a-la-paix\/","title":{"rendered":"Goma ou quand l\u2019autorit\u00e9 redonne un visage \u00e0 la paix"},"content":{"rendered":"<p>Par cette tactique, ils visent non seulement \u00e0 semer le chaos mais surtout \u00e0 en imputer la responsabilit\u00e9 au mouvement r\u00e9volutionnaire de l\u2019AFC\/M23, dans une tentative d\u00e9sesp\u00e9r\u00e9e de d\u00e9cr\u00e9dibilisation. En orchestrant de telles man\u0153uvres, ils esp\u00e8rent alimenter la communication gouvernementale qui s\u2019efforce de faire croire \u00e0 une incapacit\u00e9 structurelle du mouvement \u00e0 stabiliser Goma \u00e0 l&#8217;image d\u2019un pouvoir de Kinshasa accus\u00e9 d\u2019incomp\u00e9tence et d\u2019exactions.<\/p>\n<p>Mais cette mise en sc\u00e8ne se heurte, une fois encore, \u00e0 l\u2019\u00e9vidence. Les op\u00e9rations de bouclage men\u00e9es par l\u2019AFC\/M23 dans les territoires de Goma et de Nyiragongo se poursuivent sans rel\u00e2che. Ces actions ciblent la prolif\u00e9ration des armes illicites et la neutralisation des foyers d\u2019instabilit\u00e9. <\/p>\n<p>A ce jour, plus de 300 individus ont \u00e9t\u00e9 interpell\u00e9s \u00e0 la suite de ces fouilles syst\u00e9matiques : 18 pr\u00e9sum\u00e9s soldats des FARDC, 9 policiers nationaux, 34 pr\u00e9sum\u00e9s miliciens Wazalendo, 17 affili\u00e9s aux FDLR, et 15 autres personnes suspect\u00e9es d\u2019actes criminels.<\/p>\n<p>Lors d\u2019une pr\u00e9sentation publique au stade de l\u2019Unit\u00e9, les responsables de l\u2019AFC\/M23 ont d\u00e9fendu cette initiative comme une r\u00e9ponse n\u00e9cessaire \u00e0 l\u2019ins\u00e9curit\u00e9 croissante qui gangr\u00e8ne la ville : assassinats, kidnappings, pillages, violences anonymes qui minent chaque jour la vie des civils. Le mouvement affirme que son objectif demeure clair : d\u00e9sarmer les acteurs occultes de la violence, notamment des membres pr\u00e9sum\u00e9s des forces r\u00e9guli\u00e8res, des groupes arm\u00e9s irr\u00e9guliers comme les Wazalendo, les FDLR et autres r\u00e9seaux para-\u00e9tatiques.<\/p>\n<p>Il est des situations o\u00f9 le fait accompli devient si brutal, si soigneusement huil\u00e9 par la machinerie militaire et l\u2019ing\u00e9nierie communicationnelle, qu\u2019il en vient \u00e0 se pr\u00e9senter comme la seule alternative possible. <\/p>\n<p>Ce qui s\u2019\u00e9crit aujourd\u2019hui \u00e0 Goma n\u2019est pas le r\u00e9cit d\u2019une conqu\u00eate brutale, mais celui, bien plus profond, d\u2019une renaissance lente et d\u00e9termin\u00e9e, port\u00e9e par ceux que l\u2019on s\u2019obstinait \u00e0 marginaliser du d\u00e9bat national : les forces de l\u2019AFC\/M23. <\/p>\n<p>L\u00e0 o\u00f9 les forces dites \u00ab r\u00e9publicaines \u00bb n\u2019ont su offrir que confusion, exactions et promesses trahies, \u00e9merge d\u00e9sormais un ordre nouveau, non impos\u00e9 par la seule force, mais l\u00e9gitim\u00e9 peu \u00e0 peu par la confiance retrouv\u00e9e d\u2019une population longtemps meurtrie.<\/p>\n<p>Faut-il rappeler que, durant de longues ann\u00e9es , Goma et ses alentours furent livr\u00e9s \u00e0 une coalition arm\u00e9e chaotique, o\u00f9 miliciens incontr\u00f4l\u00e9s, forces r\u00e9guli\u00e8res corrompues et mercenaires d\u2019opportunit\u00e9 s\u2019\u00e9taient arrog\u00e9 le droit d\u2019ensanglanter la r\u00e9gion, dans l\u2019impunit\u00e9 la plus totale ?<\/p>\n<p>L\u00e0 o\u00f9 le pouvoir central a failli, pr\u00e9f\u00e9rant la r\u00e9pression \u00e0 l\u2019\u00e9coute, la pr\u00e9dation \u00e0 la justice, l\u2019AFC\/M23 a su, dans le silence des bombes tues, \u00e9tablir une autorit\u00e9 fond\u00e9e sur la restauration de la paix, la discipline des troupes, et une pr\u00e9sence administrative de plus en plus perceptible.<\/p>\n<p>Il ne s\u2019agit pas ici d\u2019un simulacre d\u2019ordre, mais bien d\u2019un effort constant de stabilisation : bouclages m\u00e9thodiques, d\u00e9mant\u00e8lement des r\u00e9seaux d\u2019ins\u00e9curit\u00e9, d\u00e9sarmement cibl\u00e9 des fauteurs de troubles, m\u00eame au sein des corps jadis aur\u00e9ol\u00e9s de l\u00e9gitimit\u00e9 \u00e9tatique. <\/p>\n<p>Plus de trois cents interpellations en t\u00e9moignent, dont plusieurs dizaines d\u2019\u00e9l\u00e9ments identifi\u00e9s comme appartenant aux FARDC, \u00e0 la PNC, aux Wazalendo ou aux FDLR autant de factions qui, hier encore, \u00e9taient per\u00e7ues par la population non comme protectrices, mais comme pers\u00e9cutrices.<\/p>\n<p>Cette op\u00e9ration d\u2019assainissement s\u00e9curitaire, loin d\u2019\u00eatre une entreprise d\u2019intimidation, s\u2019inscrit dans une volont\u00e9 manifeste de rendre la ville \u00e0 ses habitants. Pour la premi\u00e8re fois depuis longtemps, des voix s\u2019\u00e9l\u00e8vent non pour crier \u00e0 l\u2019injustice, mais pour saluer la fin des tracasseries, la disparition des barrages ill\u00e9gaux, la baisse significative des enl\u00e8vements et des exactions nocturnes. Le march\u00e9 respire, les rues se remplissent \u00e0 nouveau, et les regards retrouvent quelque chose de l\u2019assurance qu\u2019ils avaient perdue.<\/p>\n<p>L\u2019AFC\/M23, en assumant les fonctions r\u00e9galiennes que l\u2019\u00c9tat avait d\u00e9sert\u00e9es, ne pr\u00e9tend point substituer la l\u00e9gitimit\u00e9 par la force, mais bien faire de la s\u00e9curit\u00e9 la condition premi\u00e8re de toute reconstruction civique. Car la paix n\u2019est pas un slogan ; elle se mesure dans les gestes du quotidien, dans la stabilit\u00e9 retrouv\u00e9e des foyers, dans la possibilit\u00e9 offerte \u00e0 chacun de ne plus vivre dans la peur. En ce sens, l\u2019administration progressive mise en place ne constitue pas une occupation, mais une respiration.<\/p>\n<p>Ainsi donc, \u00e0 ceux qui s\u2019interrogent encore sur la l\u00e9gitimit\u00e9 d\u2019un pouvoir qui na\u00eet dans l\u2019effort de r\u00e9tablir la justice, il faut r\u00e9pondre que la l\u00e9gitimit\u00e9 ne vient pas toujours des urnes ; elle vient aussi des actes. Et lorsque l\u2019oubli de l\u2019\u00c9tat engendre le chaos, il est des forces lucides qui, dans un sursaut de responsabilit\u00e9, r\u00e9tablissent ce que la R\u00e9publique avait abandonn\u00e9.<\/p>\n<p>Il ne s\u2019agit pas ici d\u2019une victoire militaire, mais d\u2019une victoire sur la peur, sur l\u2019injustice, sur le sentiment d\u2019abandon. C\u2019est \u00e0 cela que travaille l\u2019AFC\/M23 et c\u2019est cela que les populations, de Goma \u00e0 Sake, commencent \u00e0 reconna\u00eetre, non dans la crainte, mais dans une esp\u00e9rance nouvelle. Une autorit\u00e9, enfin, qui ne tue pas, qui n\u2019humilie pas, mais qui prot\u00e8ge et reconstruit.<\/p>\n<figure class=\"spip-document spip-document-61020 aligncenter\"><img decoding=\"async\" src=\"https:\/\/fr.igihe.com\/IMG\/jpg\/goma-13.jpg\" alt=\"\u00c0 la suite de l\u2019effondrement des forces loyalistes de Goma, plusieurs \u00e9l\u00e9ments r\u00e9siduels du pouvoir central se sont repli\u00e9s dans des quartiers qu\u2019ils ma\u00eetrisent parfaitement\" \/><\/figure>\n","protected":false},"excerpt":{"rendered":"<p>A la suite de l\u2019effondrement strat\u00e9gique des forces loyalistes dans la r\u00e9gion de Goma, plusieurs \u00e9l\u00e9ments r\u00e9siduels du pouvoir central se sont repli\u00e9s dans des quartiers qu\u2019ils connaissent intimement, parfois h\u00e9berg\u00e9s par des complicit\u00e9s souterraines, pour perp\u00e9tuer une terreur larv\u00e9e. <\/p>\n","protected":false},"author":488,"featured_media":4000061019,"comment_status":"open","ping_status":"open","sticky":false,"template":"","format":"standard","meta":{"footnotes":""},"categories":[7544],"tags":[7605],"byline":[9102],"hashtag":[],"class_list":["post-37639","post","type-post","status-publish","format-standard","has-post-thumbnail","hentry","category-politique","tag-homenews","byline-tite-gatabazi"],"bylines":[{"id":9102,"name":"Tite Gatabazi","slug":"tite-gatabazi","description":"","image":{"id":0,"url":"https:\/\/secure.gravatar.com\/avatar\/?s=96&d=mm&f=y&r=g","alt":"Default avatar","title":"Default avatar","caption":"","mime_type":"image\/jpeg","sizes":[]},"user_id":472}],"contributors":[{"id":9102,"name":"Tite Gatabazi","slug":"tite-gatabazi","description":"","image":{"id":0,"url":"https:\/\/secure.gravatar.com\/avatar\/?s=96&d=mm&f=y&r=g","alt":"Default avatar","title":"Default avatar","caption":"","mime_type":"image\/jpeg","sizes":[]},"user_id":472}],"featured_image":{"id":4000061019,"url":"https:\/\/fr-images.igihe.com\/IMG\/logo\/goma_cp-6.jpg","alt":"","caption":"","mime_type":"image\/jpeg","width":0,"height":0,"sizes":{"thumbnail":{"url":"https:\/\/fr-images.igihe.com\/IMG\/logo\/goma_cp-6.jpg","width":1,"height":1},"medium":{"url":"https:\/\/fr-images.igihe.com\/IMG\/logo\/goma_cp-6.jpg","width":1,"height":1},"medium_large":{"url":"https:\/\/fr-images.igihe.com\/IMG\/logo\/goma_cp-6.jpg","width":1,"height":1},"large":{"url":"https:\/\/fr-images.igihe.com\/IMG\/logo\/goma_cp-6.jpg","width":1,"height":1},"full":{"url":"https:\/\/fr-images.igihe.com\/IMG\/logo\/goma_cp-6.jpg","width":0,"height":0}}},"_links":{"self":[{"href":"https:\/\/new.igihe.com\/french\/wp-json\/wp\/v2\/posts\/37639","targetHints":{"allow":["GET"]}}],"collection":[{"href":"https:\/\/new.igihe.com\/french\/wp-json\/wp\/v2\/posts"}],"about":[{"href":"https:\/\/new.igihe.com\/french\/wp-json\/wp\/v2\/types\/post"}],"author":[{"embeddable":true,"href":"https:\/\/new.igihe.com\/french\/wp-json\/wp\/v2\/users\/488"}],"replies":[{"embeddable":true,"href":"https:\/\/new.igihe.com\/french\/wp-json\/wp\/v2\/comments?post=37639"}],"version-history":[{"count":0,"href":"https:\/\/new.igihe.com\/french\/wp-json\/wp\/v2\/posts\/37639\/revisions"}],"wp:featuredmedia":[{"embeddable":true,"href":"https:\/\/new.igihe.com\/french\/wp-json\/wp\/v2\/media\/4000061019"}],"wp:attachment":[{"href":"https:\/\/new.igihe.com\/french\/wp-json\/wp\/v2\/media?parent=37639"}],"wp:term":[{"taxonomy":"category","embeddable":true,"href":"https:\/\/new.igihe.com\/french\/wp-json\/wp\/v2\/categories?post=37639"},{"taxonomy":"post_tag","embeddable":true,"href":"https:\/\/new.igihe.com\/french\/wp-json\/wp\/v2\/tags?post=37639"},{"taxonomy":"byline","embeddable":true,"href":"https:\/\/new.igihe.com\/french\/wp-json\/wp\/v2\/byline?post=37639"},{"taxonomy":"hashtag","embeddable":true,"href":"https:\/\/new.igihe.com\/french\/wp-json\/wp\/v2\/hashtag?post=37639"}],"curies":[{"name":"wp","href":"https:\/\/api.w.org\/{rel}","templated":true}]}}