{"id":37638,"date":"2025-05-14T11:16:12","date_gmt":"2025-05-14T11:16:12","guid":{"rendered":"https:\/\/new.igihe.com\/french\/A-Cotonou-ou-l-Afrique-pense-sa-souverainete-dans-le-tumulte-du-monde-37638\/"},"modified":"2025-05-14T11:03:29","modified_gmt":"2025-05-14T11:03:29","slug":"A-Cotonou-ou-l-Afrique-pense-sa-souverainete-dans-le-tumulte-du-monde","status":"publish","type":"post","link":"https:\/\/new.igihe.com\/french\/A-Cotonou-ou-l-Afrique-pense-sa-souverainete-dans-le-tumulte-du-monde\/","title":{"rendered":"\u00c0 Cotonou ou l\u2019Afrique pense sa souverainet\u00e9 dans le tumulte du monde"},"content":{"rendered":"<p>La c\u00e9r\u00e9monie d\u2019ouverture, pr\u00e9sid\u00e9e par le ministre d\u2019\u00c9tat b\u00e9ninois charg\u00e9 du D\u00e9veloppement et de la Coordination de l\u2019action gouvernementale, Abdoulaye Bio Tchan\u00e9, a donn\u00e9 le ton. Dans une adresse empreinte de gravit\u00e9 et d\u2019ambition, il a exhort\u00e9 les nations africaines \u00e0 s\u2019\u00e9manciper des marges o\u00f9 l\u2019Histoire les a longtemps rel\u00e9gu\u00e9es, pour s\u2019imposer en acteurs majeurs de la gouvernance mondiale. <\/p>\n<p>Il a dress\u00e9 un tableau sans fard des multiples d\u00e9chirures qu\u2019elles soient g\u00e9opolitiques, \u00e9conomiques, climatiques ou s\u00e9curitaires qui mettent \u00e0 l\u2019\u00e9preuve les marges de man\u0153uvre du continent, et plaid\u00e9 pour l\u2019\u00e9dification d\u2019une souverainet\u00e9 africaine \u00e0 la fois lucide, solidaire et tourn\u00e9e vers l\u2019avenir.<\/p>\n<p>Au fil des interventions, la conf\u00e9rence s\u2019est affirm\u00e9e comme un laboratoire d\u2019id\u00e9es o\u00f9 les d\u00e9fis de l\u2019heure ont \u00e9t\u00e9 analys\u00e9s avec une rare densit\u00e9. Jean-Louis Ekra, ancien pr\u00e9sident de l\u2019Afreximbank, a alert\u00e9 sur les convulsions syst\u00e9miques de l\u2019ordre mondial, de la r\u00e9\u00e9mergence du populisme occidental \u00e0 la fragilisation des institutions multilat\u00e9rales, en passant par les p\u00e9rils climatiques. Il a appel\u00e9 \u00e0 une reconqu\u00eate des leviers \u00e9conomiques, saluant l\u2019essor d\u2019un souverainisme panafricain porteur de coh\u00e9rence et d\u2019int\u00e9gration.<\/p>\n<p>De son c\u00f4t\u00e9, Sidi Ould Tah, ex-pr\u00e9sident de la Banque arabe pour le d\u00e9veloppement \u00e9conomique en Afrique, a structur\u00e9 sa r\u00e9flexion autour de quatre chantiers majeurs : la r\u00e9surgence des conflits, l\u2019ampleur du d\u00e9fi d\u00e9mographique, la r\u00e9volution technologique en cours, et la n\u00e9cessit\u00e9 d\u2019une r\u00e9forme de l\u2019architecture financi\u00e8re continentale. <\/p>\n<p>Soulignant l\u2019urgence d\u2019une \u00e9ducation en phase avec les exigences du march\u00e9 de l\u2019emploi, il a plaid\u00e9 pour une mobilisation plus affirm\u00e9e des ressources endog\u00e8nes, notamment \u00e0 travers le secteur priv\u00e9 et les petites et moyennes entreprises. \u00c0 cet \u00e9gard, il a mis en lumi\u00e8re la Zone \u00e9conomique sp\u00e9ciale de Glo-Djigb\u00e9, pr\u00e9sent\u00e9e comme un mod\u00e8le de transformation industrielle et de cr\u00e9ation d\u2019emplois p\u00e9rennes.<\/p>\n<p>Cinq sessions th\u00e9matiques ont prolong\u00e9 les travaux, explorant tour \u00e0 tour les d\u00e9clinaisons politique, \u00e9conomique, culturelle, \u00e9ducative et s\u00e9curitaire de la souverainet\u00e9 africaine. Des th\u00e9matiques ambitieuses y furent abord\u00e9es, \u00e0 l\u2019instar de \u00ab Souverainet\u00e9 et souverainisme : (re)construire une souverainet\u00e9 \u00e9quilibr\u00e9e en politique int\u00e9rieure africaine \u00bb ou encore \u00ab Les conditions de conqu\u00eate de la souverainet\u00e9 \u00e9conomique de l\u2019Afrique \u00bb. <\/p>\n<p>Les recommandations formul\u00e9es feront l\u2019objet d\u2019une compilation destin\u00e9e \u00e0 nourrir les politiques publiques futures sur le continent.<\/p>\n<p>\u00c0 travers cette conf\u00e9rence, l\u2019Afrique s\u2019est une fois encore pos\u00e9e la question de son devenir, non plus en posture d\u2019attente ou de r\u00e9clamation, mais dans un \u00e9lan de projection et de responsabilit\u00e9.<\/p>\n<p>Il est des conjonctures historiques o\u00f9 les peuples, las de l\u2019infantilisation qui leur est impos\u00e9e, reprennent la plume de leur propre narration. La 6\u1d49 Conf\u00e9rence internationale du GIAF, qui s\u2019est tenue \u00e0 Cotonou, s\u2019inscrit dans cette veine de r\u00e9affirmation intellectuelle et politique. Loin des tribunes st\u00e9riles ou des indignations rituelles, elle a donn\u00e9 chair \u00e0 une pens\u00e9e strat\u00e9gique de la souverainet\u00e9 africaine, non comme posture nostalgique, mais comme projet r\u00e9solument contemporain et prospectif.<\/p>\n<p>Il est devenu p\u00e9rilleux de continuer \u00e0 faire de l\u2019Afrique un r\u00e9ceptacle passif des normes globales ou un simple terrain d\u2019ajustement des strat\u00e9gies d\u2019influence. La tectonique g\u00e9opolitique actuelle entre la d\u00e9liquescence du multilat\u00e9ralisme, la r\u00e9surgence des imp\u00e9rialismes, et l\u2019acc\u00e9l\u00e9ration des crises climatiques rappelle avec fracas que l\u2019autonomie ne se n\u00e9gocie plus dans les marges, mais s\u2019arrache dans la pleine conscience de sa n\u00e9cessit\u00e9.<\/p>\n<p>En ce sens, les voix africaines r\u00e9unies \u00e0 Cotonou n\u2019ont pas seulement diagnostiqu\u00e9 les fractures du monde : elles ont esquiss\u00e9 les lignes de force d\u2019une souverainet\u00e9 pens\u00e9e par et pour les Africains. Cette souverainet\u00e9 ne saurait \u00eatre r\u00e9ductible \u00e0 l\u2019incantation ou au repli identitaire. Elle se veut plurielle, diff\u00e9renci\u00e9e, stratifi\u00e9e \u00e9conomique, culturelle, technologique, \u00e9ducative, s\u00e9curitaire et avant tout articul\u00e9e \u00e0 des instruments concrets de puissance.<\/p>\n<p>Ce moment intellectuel singulier marque peut-\u00eatre le seuil d\u2019une inflexion plus vaste : celle o\u00f9 l\u2019Afrique cesse de qu\u00e9mander sa place \u00e0 la table du monde pour entreprendre, enfin, d\u2019en redessiner les contours. Reste \u00e0 savoir si les \u00c9tats transformeront ce souffle en volont\u00e9 politique, en ing\u00e9nierie institutionnelle, en investissements soutenus. <\/p>\n<p>Car la souverainet\u00e9 n\u2019est pas une rh\u00e9torique : c\u2019est une architecture, un \u00e9difice patient, fait de d\u00e9cisions courageuses, d\u2019efforts assum\u00e9s, et d\u2019un regard clair sur le r\u00e9el.<\/p>\n<p>\u00c0 l\u2019heure o\u00f9 le monde chancelle, l\u2019Afrique, si elle en prend la mesure, a devant elle une page vierge. Encore faut-il que la plume ne tremble pas.<\/p>\n<figure class=\"spip-document spip-document-61016 aligncenter\"><img decoding=\"async\" src=\"https:\/\/fr.igihe.com\/IMG\/png\/afr.png\" alt=\"\u00c0 Cotonou, l\u2019Afrique r\u00e9fl\u00e9chit \u00e0 sa souverainet\u00e9 au c\u0153ur du tumulte d\u2019un monde en perp\u00e9tuelle mutation\" \/><\/figure>\n","protected":false},"excerpt":{"rendered":"<p>Du 9 au 11 mai 2025, Cotonou, capitale \u00e9conomique du B\u00e9nin, s\u2019est mu\u00e9e en haut lieu de r\u00e9flexion strat\u00e9gique \u00e0 l\u2019occasion de la 6\u1d49 Conf\u00e9rence internationale du Groupe Initiative Afrique (GIAF). Cet ar\u00e9opage de personnalit\u00e9s politiques, \u00e9conomiques et intellectuelles africaines s\u2019est rassembl\u00e9 autour d\u2019un th\u00e8me d\u2019une acuit\u00e9 br\u00fblante : \u00ab Comment penser les souverainet\u00e9s africaines dans un monde fractur\u00e9 et incertain ? \u00bb<\/p>\n","protected":false},"author":488,"featured_media":4000061015,"comment_status":"open","ping_status":"open","sticky":false,"template":"","format":"standard","meta":{"footnotes":""},"categories":[7544],"tags":[7605],"byline":[9102],"hashtag":[],"class_list":["post-37638","post","type-post","status-publish","format-standard","has-post-thumbnail","hentry","category-politique","tag-homenews","byline-tite-gatabazi"],"bylines":[{"id":9102,"name":"Tite Gatabazi","slug":"tite-gatabazi","description":"","image":{"id":0,"url":"https:\/\/secure.gravatar.com\/avatar\/?s=96&d=mm&f=y&r=g","alt":"Default avatar","title":"Default avatar","caption":"","mime_type":"image\/jpeg","sizes":[]},"user_id":472}],"contributors":[{"id":9102,"name":"Tite Gatabazi","slug":"tite-gatabazi","description":"","image":{"id":0,"url":"https:\/\/secure.gravatar.com\/avatar\/?s=96&d=mm&f=y&r=g","alt":"Default avatar","title":"Default avatar","caption":"","mime_type":"image\/jpeg","sizes":[]},"user_id":472}],"featured_image":{"id":4000061015,"url":"https:\/\/fr-images.igihe.com\/IMG\/logo\/afr_cp.png","alt":"","caption":"","mime_type":"image\/png","width":0,"height":0,"sizes":{"thumbnail":{"url":"https:\/\/fr-images.igihe.com\/IMG\/logo\/afr_cp.png","width":1,"height":1},"medium":{"url":"https:\/\/fr-images.igihe.com\/IMG\/logo\/afr_cp.png","width":1,"height":1},"medium_large":{"url":"https:\/\/fr-images.igihe.com\/IMG\/logo\/afr_cp.png","width":1,"height":1},"large":{"url":"https:\/\/fr-images.igihe.com\/IMG\/logo\/afr_cp.png","width":1,"height":1},"full":{"url":"https:\/\/fr-images.igihe.com\/IMG\/logo\/afr_cp.png","width":0,"height":0}}},"_links":{"self":[{"href":"https:\/\/new.igihe.com\/french\/wp-json\/wp\/v2\/posts\/37638","targetHints":{"allow":["GET"]}}],"collection":[{"href":"https:\/\/new.igihe.com\/french\/wp-json\/wp\/v2\/posts"}],"about":[{"href":"https:\/\/new.igihe.com\/french\/wp-json\/wp\/v2\/types\/post"}],"author":[{"embeddable":true,"href":"https:\/\/new.igihe.com\/french\/wp-json\/wp\/v2\/users\/488"}],"replies":[{"embeddable":true,"href":"https:\/\/new.igihe.com\/french\/wp-json\/wp\/v2\/comments?post=37638"}],"version-history":[{"count":0,"href":"https:\/\/new.igihe.com\/french\/wp-json\/wp\/v2\/posts\/37638\/revisions"}],"wp:featuredmedia":[{"embeddable":true,"href":"https:\/\/new.igihe.com\/french\/wp-json\/wp\/v2\/media\/4000061015"}],"wp:attachment":[{"href":"https:\/\/new.igihe.com\/french\/wp-json\/wp\/v2\/media?parent=37638"}],"wp:term":[{"taxonomy":"category","embeddable":true,"href":"https:\/\/new.igihe.com\/french\/wp-json\/wp\/v2\/categories?post=37638"},{"taxonomy":"post_tag","embeddable":true,"href":"https:\/\/new.igihe.com\/french\/wp-json\/wp\/v2\/tags?post=37638"},{"taxonomy":"byline","embeddable":true,"href":"https:\/\/new.igihe.com\/french\/wp-json\/wp\/v2\/byline?post=37638"},{"taxonomy":"hashtag","embeddable":true,"href":"https:\/\/new.igihe.com\/french\/wp-json\/wp\/v2\/hashtag?post=37638"}],"curies":[{"name":"wp","href":"https:\/\/api.w.org\/{rel}","templated":true}]}}