{"id":37631,"date":"2025-05-13T14:10:07","date_gmt":"2025-05-13T14:10:07","guid":{"rendered":"https:\/\/new.igihe.com\/french\/Le-President-Kagame-renforce-les-partenariats-economiques-du-Rwanda-au-Forum-37631\/"},"modified":"2025-05-15T13:25:26","modified_gmt":"2025-05-15T13:25:26","slug":"Le-President-Kagame-renforce-les-partenariats-economiques-du-Rwanda-au-Forum","status":"publish","type":"post","link":"https:\/\/new.igihe.com\/french\/Le-President-Kagame-renforce-les-partenariats-economiques-du-Rwanda-au-Forum\/","title":{"rendered":"Le Pr\u00e9sident Kagame renforce les partenariats \u00e9conomiques du Rwanda au Forum des PDG d&#8217;Afrique"},"content":{"rendered":"<p>Le Pr\u00e9sident Kagame s\u2019est entretenu avec Amir Ben Yahmed, PDG de Jeune Afrique Media Group et co-organisateur du Forum des PDG d\u2019Afrique 2025. Leur \u00e9change a port\u00e9 sur le renforcement du partenariat entre le groupe et le Rwanda, ainsi que sur les pr\u00e9paratifs de la prochaine \u00e9dition du forum, pr\u00e9vue \u00e0 Kigali.<\/p>\n<p>Lors d&#8217;un entretien parall\u00e8le, le chef de l\u2019\u00c9tat a \u00e9galement rencontr\u00e9 Makhtar Diop, directeur g\u00e9n\u00e9ral de la Soci\u00e9t\u00e9 financi\u00e8re internationale (SFI), afin d&#8217;explorer les moyens de renforcer la coop\u00e9ration, en particulier \u00e0 travers l\u2019\u00e9largissement de l\u2019acc\u00e8s au financement \u2014 levier strat\u00e9gique qui a pour but, stimuler une croissance \u00e9conomique inclusive et soutenir le d\u00e9veloppement du secteur priv\u00e9 au Rwanda.<\/p>\n<p>Le Pr\u00e9sident Kagame a \u00e9galement eu un entretien avec Alain Ebobiss\u00e9, PDG &#8220;d\u2019Africa50&#8221;, au sujet des collaborations en cours avec le Rwanda. Leur \u00e9change a port\u00e9 sur la mobilisation de capitaux priv\u00e9s en faveur de projets d\u2019infrastructure et de d\u00e9veloppement.<\/p>\n<p>Cr\u00e9\u00e9 en 2012, le Forum des PDG d\u2019Afrique s\u2019est impos\u00e9 comme une plateforme de r\u00e9f\u00e9rence pour les \u00e9changes entre acteurs publics et priv\u00e9s, ainsi que pour la promotion des investissements transfrontaliers sur le continent.<\/p>\n<p>S\u2019exprimant lors d\u2019une table ronde aux c\u00f4t\u00e9s des pr\u00e9sidents Cyril Ramaphosa d&#8217;Afrique du Sud et Mohamed Ould Ghazouani de Mauritanie, le Pr\u00e9sident Paul Kagame a insist\u00e9 sur le fait que les r\u00e9centes d\u00e9cisions politiques de Donald Trump, notamment la r\u00e9duction de l\u2019aide am\u00e9ricaine, devraient \u00eatre per\u00e7ues comme un signal d\u2019alerte pour les dirigeants africains. Selon lui, cela appelle \u00e0 intensifier les efforts en faveur de l\u2019ind\u00e9pendance \u00e9conomique du continent.<\/p>\n<p>\u00ab Nous aurions d\u00fb commencer \u00e0 mettre en place toutes les actions n\u00e9cessaires pour rendre l\u2019Afrique autonome et r\u00e9siliente, tout en d\u00e9finissant les modalit\u00e9s de sa coop\u00e9ration avec les autres continents et pays. La d\u00e9cision du pr\u00e9sident Trump, aussi controvers\u00e9e soit-elle, a eu le m\u00e9rite de rappeler \u00e0 nous, Africains, l&#8217;urgence d&#8217;agir pour notre propre autonomie. \u00bb, a indiqu\u00e9 le Pr\u00e9sident Kagame.<\/p>\n<p>Le forum annuel plac\u00e9 sur le th\u00e8me \u00ab L&#8217;Afrique dans un monde transactionnel : Un nouveau pacte entre l&#8217;\u00c9tat et le secteur priv\u00e9 peut-il offrir au continent une main gagnante ? \u00bb, a r\u00e9uni plus de 2 000 dirigeants d&#8217;entreprises, investisseurs et d\u00e9cideurs politiques venus d&#8217;Afrique et du monde entier.<\/p>\n<figure class=\"spip-document spip-document-61000 aligncenter\"><img decoding=\"async\" src=\"https:\/\/fr.igihe.com\/IMG\/jpg\/pk_2-56.jpg\" alt=\"Le Pr\u00e9sident Kagame a eu des entretiens avec Makhtar Diop, directeur g\u00e9n\u00e9ral de la Soci\u00e9t\u00e9 financi\u00e8re internationale (SFI)\" \/><\/figure>\n<figure class=\"spip-document spip-document-61001 aligncenter\"><img decoding=\"async\" src=\"https:\/\/fr.igihe.com\/IMG\/jpg\/pk_1-55.jpg\" alt=\"Le Pr\u00e9sident Kagame a rencontr\u00e9 Amir Ben Yahmed, PDG du groupe Jeune Afrique Media Group et co-organisateur du Forum des PDG de l&#039;Afrique 2025\" \/><\/figure>\n<figure class=\"spip-document spip-document-60999 aligncenter\"><img decoding=\"async\" src=\"https:\/\/fr.igihe.com\/IMG\/jpg\/pk_3-40.jpg\" alt=\"\" \/><\/figure>\n<figure class=\"spip-document spip-document-60997 aligncenter\"><img decoding=\"async\" src=\"https:\/\/fr.igihe.com\/IMG\/jpg\/pk_4-21.jpg\" alt=\"Le Pr\u00e9sident Kagame et le directeur g\u00e9n\u00e9ral de la SFI ont explor\u00e9 des pistes pour approfondir la coop\u00e9ration bilat\u00e9rale\" \/><\/figure>\n<figure class=\"spip-document spip-document-60998 aligncenter\"><img decoding=\"async\" src=\"https:\/\/fr.igihe.com\/IMG\/jpg\/pk_5-12.jpg\" alt=\"Le Pr\u00e9sident Kagame a \u00e9galement rencontr\u00e9 Alain Ebobiss\u00e9, PDG d\u2019Africa50\" \/><\/figure>\n","protected":false},"excerpt":{"rendered":"<p>En marge du Forum annuel des PDG d\u2019Afrique, qui se tient \u00e0 Abidjan en C\u00f4te d\u2019Ivoire, le Pr\u00e9sident Paul Kagame a men\u00e9 ce lundi 12 mai 2025, une s\u00e9rie de rencontres de haut niveau, avec pour objectif, renforcer les partenariats \u00e9conomiques et affirmer davantage la position du Rwanda dans la d\u00e9finition de l\u2019agenda de d\u00e9veloppement du continent.<\/p>\n","protected":false},"author":488,"featured_media":4000060996,"comment_status":"open","ping_status":"open","sticky":false,"template":"","format":"standard","meta":{"footnotes":""},"categories":[7544],"tags":[7605],"byline":[9865],"hashtag":[],"class_list":["post-37631","post","type-post","status-publish","format-standard","has-post-thumbnail","hentry","category-politique","tag-homenews","byline-alain-bertrand-tunezerwe"],"bylines":[{"id":9865,"name":"Alain Bertrand Tunezerwe","slug":"alain-bertrand-tunezerwe","description":"","image":{"id":0,"url":"https:\/\/secure.gravatar.com\/avatar\/?s=96&d=mm&f=y&r=g","alt":"Default avatar","title":"Default avatar","caption":"","mime_type":"image\/jpeg","sizes":[]},"user_id":452}],"contributors":[{"id":9865,"name":"Alain Bertrand Tunezerwe","slug":"alain-bertrand-tunezerwe","description":"","image":{"id":0,"url":"https:\/\/secure.gravatar.com\/avatar\/?s=96&d=mm&f=y&r=g","alt":"Default avatar","title":"Default avatar","caption":"","mime_type":"image\/jpeg","sizes":[]},"user_id":452}],"featured_image":{"id":4000060996,"url":"https:\/\/fr-images.igihe.com\/IMG\/logo\/cp-52.jpg","alt":"","caption":"","mime_type":"image\/jpeg","width":0,"height":0,"sizes":{"thumbnail":{"url":"https:\/\/fr-images.igihe.com\/IMG\/logo\/cp-52.jpg","width":1,"height":1},"medium":{"url":"https:\/\/fr-images.igihe.com\/IMG\/logo\/cp-52.jpg","width":1,"height":1},"medium_large":{"url":"https:\/\/fr-images.igihe.com\/IMG\/logo\/cp-52.jpg","width":1,"height":1},"large":{"url":"https:\/\/fr-images.igihe.com\/IMG\/logo\/cp-52.jpg","width":1,"height":1},"full":{"url":"https:\/\/fr-images.igihe.com\/IMG\/logo\/cp-52.jpg","width":0,"height":0}}},"_links":{"self":[{"href":"https:\/\/new.igihe.com\/french\/wp-json\/wp\/v2\/posts\/37631","targetHints":{"allow":["GET"]}}],"collection":[{"href":"https:\/\/new.igihe.com\/french\/wp-json\/wp\/v2\/posts"}],"about":[{"href":"https:\/\/new.igihe.com\/french\/wp-json\/wp\/v2\/types\/post"}],"author":[{"embeddable":true,"href":"https:\/\/new.igihe.com\/french\/wp-json\/wp\/v2\/users\/488"}],"replies":[{"embeddable":true,"href":"https:\/\/new.igihe.com\/french\/wp-json\/wp\/v2\/comments?post=37631"}],"version-history":[{"count":0,"href":"https:\/\/new.igihe.com\/french\/wp-json\/wp\/v2\/posts\/37631\/revisions"}],"wp:featuredmedia":[{"embeddable":true,"href":"https:\/\/new.igihe.com\/french\/wp-json\/wp\/v2\/media\/4000060996"}],"wp:attachment":[{"href":"https:\/\/new.igihe.com\/french\/wp-json\/wp\/v2\/media?parent=37631"}],"wp:term":[{"taxonomy":"category","embeddable":true,"href":"https:\/\/new.igihe.com\/french\/wp-json\/wp\/v2\/categories?post=37631"},{"taxonomy":"post_tag","embeddable":true,"href":"https:\/\/new.igihe.com\/french\/wp-json\/wp\/v2\/tags?post=37631"},{"taxonomy":"byline","embeddable":true,"href":"https:\/\/new.igihe.com\/french\/wp-json\/wp\/v2\/byline?post=37631"},{"taxonomy":"hashtag","embeddable":true,"href":"https:\/\/new.igihe.com\/french\/wp-json\/wp\/v2\/hashtag?post=37631"}],"curies":[{"name":"wp","href":"https:\/\/api.w.org\/{rel}","templated":true}]}}