{"id":37629,"date":"2025-05-13T11:47:18","date_gmt":"2025-05-13T11:47:18","guid":{"rendered":"https:\/\/new.igihe.com\/french\/Quand-l-exemplarite-du-President-Kagame-devient-boussole-37629\/"},"modified":"2025-05-13T11:43:48","modified_gmt":"2025-05-13T11:43:48","slug":"Quand-l-exemplarite-du-President-Kagame-devient-boussole","status":"publish","type":"post","link":"https:\/\/new.igihe.com\/french\/Quand-l-exemplarite-du-President-Kagame-devient-boussole\/","title":{"rendered":"Quand l\u2019exemplarit\u00e9 du Pr\u00e9sident Kagame devient boussole"},"content":{"rendered":"<p> Il ne saurait d\u00e9sormais \u00eatre question de continuer \u00e0 plaquer sur des r\u00e9alit\u00e9s africaines des sch\u00e9mas exog\u00e8nes, souvent inadapt\u00e9s, voire contre-productifs. <\/p>\n<p>Ce qui s\u2019impose, avec une acuit\u00e9 grandissante, c\u2019est l\u2019\u00e9laboration de solutions enracin\u00e9es dans les contextes endog\u00e8nes, forg\u00e9es par les Africains eux-m\u00eames, au terme d\u2019un processus d\u2019introspection lucide et d\u2019engagement collectif. Cette dynamique de refondation ne saurait s\u2019accomplir sans une red\u00e9finition profonde du leadership, envisag\u00e9 non plus comme l\u2019expression d\u2019un pouvoir vertical et patrimonial, mais comme l\u2019art de susciter l\u2019adh\u00e9sion autour d\u2019un projet de soci\u00e9t\u00e9 fond\u00e9 sur la justice, l\u2019efficience et la vision strat\u00e9gique. <\/p>\n<p>Il s\u2019agit moins d\u2019imiter que d\u2019innover, moins de subir que d\u2019assumer, en un mot, de se constituer en sujets pleinement acteurs de leur destin historique, rompant ainsi avec l\u2019h\u00e9t\u00e9ronomie qui a trop longtemps entrav\u00e9 l\u2019\u00e9mancipation africaine.<\/p>\n<p>le 2 avril 2024, \u00e0 l\u2019instant solennel de sa prestation de serment, alors que les regards du continent \u00e9taient tourn\u00e9s vers Dakar, le pr\u00e9sident s\u00e9n\u00e9galais Bassirou Diomaye Faye inscrivait d\u2019embl\u00e9e son magist\u00e8re dans une perspective r\u00e9solument panafricaine. <\/p>\n<p>En des termes d\u2019une clart\u00e9 sans \u00e9quivoque, il rendait hommage \u00e0 l\u2019un des symboles les plus \u00e9loquents du redressement et de la refondation \u00e9tatique en Afrique contemporaine : \u00ab Le leadership, le charisme et la vision du Pr\u00e9sident Kagame sont une boussole pour tous les dirigeants africains, et moi le premier. \u00bb <\/p>\n<p>Par cette profession de foi, il ne s\u2019agissait nullement d\u2019une r\u00e9v\u00e9rence convenue, mais bien d\u2019une d\u00e9claration d\u2019intention strat\u00e9gique : celle d\u2019un chef d\u2019\u00c9tat conscient que la gouvernance du XXIe si\u00e8cle ne saurait se construire sur les ruines du client\u00e9lisme et les impasses de la d\u00e9pendance, mais exige, au contraire, une verticalit\u00e9 \u00e9thique, une lucidit\u00e9 politique et une vision structurante.<\/p>\n<p>Dans le cadre prestigieux du 12e Forum des CEO africains \u00e0 Abidjan en C\u00f4te d\u2019Ivoire, le pr\u00e9sident Diomaye enfon\u00e7e le clou avec la gravit\u00e9 d\u2019un homme d\u2019\u00c9tat pour qui la parole engage : \u00ab Nous pouvons apprendre du Rwanda, en particulier dans le domaine des infrastructures. \u00bb <\/p>\n<p>Cette assertion, appuy\u00e9e par une reconnaissance explicite du r\u00f4le normatif que le Rwanda joue aujourd\u2019hui sur la sc\u00e8ne continentale, t\u00e9moigne d\u2019un changement de paradigme : un renversement de l\u2019imaginaire africain, o\u00f9 la centralit\u00e9 du mod\u00e8le de d\u00e9veloppement ne se cherche plus exclusivement dans les capitales occidentales, mais s\u2019\u00e9labore \u00e0 partir d\u2019exp\u00e9riences africaines, pens\u00e9es et r\u00e9alis\u00e9es par des Africains, pour des soci\u00e9t\u00e9s africaines.<\/p>\n<p>Le Rwanda, sous l\u2019impulsion du Pr\u00e9sident Kagame, s\u2019est en effet hiss\u00e9, en l\u2019espace de trois d\u00e9cennies, au rang de r\u00e9f\u00e9rence continentale en mati\u00e8re de gouvernance rigoureuse, de lutte contre la corruption, de transformation digitale et de modernisation des infrastructures. <\/p>\n<p>Loin de tout messianisme politique, cette r\u00e9ussite s\u2019enracine dans une volont\u00e9 ferme de rupture avec les pesanteurs du pass\u00e9, une discipline institutionnelle sans faille et une volont\u00e9 politique affirm\u00e9e de placer l\u2019int\u00e9r\u00eat g\u00e9n\u00e9ral au-dessus des logiques de rente. Si cette trajectoire suscite aujourd\u2019hui l\u2019admiration, c\u2019est parce qu\u2019elle d\u00e9montre, par les faits, que l\u2019Afrique n\u2019est pas condamn\u00e9e \u00e0 l\u2019instabilit\u00e9, \u00e0 la d\u00e9pendance ou \u00e0 la m\u00e9diocrit\u00e9 politique.<\/p>\n<p>En reconnaissant cette exemplarit\u00e9 sans ambages, le pr\u00e9sident Diomaye fait \u0153uvre d\u2019humilit\u00e9 politique et de clairvoyance strat\u00e9gique. Il affirme ainsi, \u00e0 contre-courant de certaines postures frileuses ou orgueilleusement autarciques, que l\u2019apprentissage par les pairs n\u2019est pas une faiblesse mais une force, que l\u2019\u00e9l\u00e9vation du continent passera aussi par une circulation des mod\u00e8les endog\u00e8nes de r\u00e9ussite, par une coop\u00e9ration intra-africaine lib\u00e9r\u00e9e des jalousies st\u00e9riles et des comp\u00e9titions de fa\u00e7ade.<\/p>\n<p>Cette posture s\u2019inscrit dans une nouvelle grammaire du leadership africain : un leadership de responsabilit\u00e9 partag\u00e9e, de redevabilit\u00e9 d\u00e9mocratique et d\u2019exigence technique. Il invite \u00e0 concevoir l\u2019exercice du pouvoir non comme une rente, mais comme une fonction au service de la transformation structurelle des soci\u00e9t\u00e9s. Il appelle, enfin, \u00e0 substituer \u00e0 la rh\u00e9torique surann\u00e9e du panafricanisme incantatoire une praxis panafricaine ancr\u00e9e dans l\u2019efficacit\u00e9, la transparence et la vision \u00e0 long terme.<\/p>\n<p>Que des voix de cette trempe s\u2019\u00e9l\u00e8vent aujourd\u2019hui en Afrique, et qu\u2019elles placent le d\u00e9veloppement comme horizon non n\u00e9gociable de l\u2019action publique, voil\u00e0 sans doute un signe des temps. <\/p>\n<p>Et si, de Dakar \u00e0 Kigali, un nouvel axe de coh\u00e9rence politique et de dignit\u00e9 continentale est en train de se dessiner, il revient \u00e0 tous les peuples africains d\u2019en faire le socle d\u2019une renaissance v\u00e9ritable, nourrie de lucidit\u00e9, d\u2019exemplarit\u00e9, et de courage.<\/p>\n<figure class=\"spip-document spip-document-60988 aligncenter\"><img decoding=\"async\" src=\"https:\/\/fr.igihe.com\/IMG\/jpg\/bdf.jpg\" alt=\"Le Pr\u00e9sident Diomaye affirme avec la gravit\u00e9 d\u2019un homme d\u2019\u00c9tat que le Rwanda est une source d\u2019inspiration, notamment en mati\u00e8re d\u2019infrastructures\" \/><\/figure>\n","protected":false},"excerpt":{"rendered":"<p>Vers une nouvelle grammaire du leadership africain se dessine l\u2019exigence imp\u00e9rieuse d\u2019une r\u00e9appropriation souveraine des leviers de transformation, \u00e0 la fois intellectuelle, politique et \u00e9conomique, du continent.<\/p>\n","protected":false},"author":488,"featured_media":4000060987,"comment_status":"open","ping_status":"open","sticky":false,"template":"","format":"standard","meta":{"footnotes":""},"categories":[7544],"tags":[7605],"byline":[9102],"hashtag":[],"class_list":["post-37629","post","type-post","status-publish","format-standard","has-post-thumbnail","hentry","category-politique","tag-homenews","byline-tite-gatabazi"],"bylines":[{"id":9102,"name":"Tite Gatabazi","slug":"tite-gatabazi","description":"","image":{"id":0,"url":"https:\/\/secure.gravatar.com\/avatar\/?s=96&d=mm&f=y&r=g","alt":"Default avatar","title":"Default avatar","caption":"","mime_type":"image\/jpeg","sizes":[]},"user_id":472}],"contributors":[{"id":9102,"name":"Tite Gatabazi","slug":"tite-gatabazi","description":"","image":{"id":0,"url":"https:\/\/secure.gravatar.com\/avatar\/?s=96&d=mm&f=y&r=g","alt":"Default avatar","title":"Default avatar","caption":"","mime_type":"image\/jpeg","sizes":[]},"user_id":472}],"featured_image":{"id":4000060987,"url":"https:\/\/fr-images.igihe.com\/IMG\/logo\/bdf_cp.jpg","alt":"","caption":"","mime_type":"image\/jpeg","width":0,"height":0,"sizes":{"thumbnail":{"url":"https:\/\/fr-images.igihe.com\/IMG\/logo\/bdf_cp.jpg","width":1,"height":1},"medium":{"url":"https:\/\/fr-images.igihe.com\/IMG\/logo\/bdf_cp.jpg","width":1,"height":1},"medium_large":{"url":"https:\/\/fr-images.igihe.com\/IMG\/logo\/bdf_cp.jpg","width":1,"height":1},"large":{"url":"https:\/\/fr-images.igihe.com\/IMG\/logo\/bdf_cp.jpg","width":1,"height":1},"full":{"url":"https:\/\/fr-images.igihe.com\/IMG\/logo\/bdf_cp.jpg","width":0,"height":0}}},"_links":{"self":[{"href":"https:\/\/new.igihe.com\/french\/wp-json\/wp\/v2\/posts\/37629","targetHints":{"allow":["GET"]}}],"collection":[{"href":"https:\/\/new.igihe.com\/french\/wp-json\/wp\/v2\/posts"}],"about":[{"href":"https:\/\/new.igihe.com\/french\/wp-json\/wp\/v2\/types\/post"}],"author":[{"embeddable":true,"href":"https:\/\/new.igihe.com\/french\/wp-json\/wp\/v2\/users\/488"}],"replies":[{"embeddable":true,"href":"https:\/\/new.igihe.com\/french\/wp-json\/wp\/v2\/comments?post=37629"}],"version-history":[{"count":0,"href":"https:\/\/new.igihe.com\/french\/wp-json\/wp\/v2\/posts\/37629\/revisions"}],"wp:featuredmedia":[{"embeddable":true,"href":"https:\/\/new.igihe.com\/french\/wp-json\/wp\/v2\/media\/4000060987"}],"wp:attachment":[{"href":"https:\/\/new.igihe.com\/french\/wp-json\/wp\/v2\/media?parent=37629"}],"wp:term":[{"taxonomy":"category","embeddable":true,"href":"https:\/\/new.igihe.com\/french\/wp-json\/wp\/v2\/categories?post=37629"},{"taxonomy":"post_tag","embeddable":true,"href":"https:\/\/new.igihe.com\/french\/wp-json\/wp\/v2\/tags?post=37629"},{"taxonomy":"byline","embeddable":true,"href":"https:\/\/new.igihe.com\/french\/wp-json\/wp\/v2\/byline?post=37629"},{"taxonomy":"hashtag","embeddable":true,"href":"https:\/\/new.igihe.com\/french\/wp-json\/wp\/v2\/hashtag?post=37629"}],"curies":[{"name":"wp","href":"https:\/\/api.w.org\/{rel}","templated":true}]}}