{"id":37621,"date":"2025-05-12T14:43:05","date_gmt":"2025-05-12T14:43:05","guid":{"rendered":"https:\/\/new.igihe.com\/french\/Le-gouvernement-sud-africain-annonce-l-ouverture-d-une-enquete-sur-la-mort-de-37621\/"},"modified":"2025-05-12T14:40:41","modified_gmt":"2025-05-12T14:40:41","slug":"Le-gouvernement-sud-africain-annonce-l-ouverture-d-une-enquete-sur-la-mort-de","status":"publish","type":"post","link":"https:\/\/new.igihe.com\/french\/Le-gouvernement-sud-africain-annonce-l-ouverture-d-une-enquete-sur-la-mort-de\/","title":{"rendered":"Le gouvernement sud-africain annonce l&#8217;ouverture d&#8217;une enqu\u00eate sur la mort de ses soldats en RDC"},"content":{"rendered":"<p>Bantu Holomisa, vice-ministre de la D\u00e9fense, a annonc\u00e9 vendredi dernier devant la Commission parlementaire de la D\u00e9fense, le lancement d&#8217;une enqu\u00eate officielle. Celle-ci visera \u00e0 \u00e9lucider les circonstances exactes ayant conduit \u00e0 la mort de 14 soldats sud-africains \u00e0 Goma, et les raisons de la d\u00e9tention d&#8217;autres comme prisonniers de guerre pendant au moins trois mois. Aux c\u00f4t\u00e9s de hauts responsables des Forces de d\u00e9fense nationale sud-africaines (SANDF), Holomisa a estim\u00e9 qu\u2019il \u00e9tait pr\u00e9matur\u00e9 de juger du succ\u00e8s ou de l\u2019\u00e9chec de la mission.<\/p>\n<p>\u00ab Il est trop t\u00f4t pour qualifier cette op\u00e9ration de succ\u00e8s ou d\u2019\u00e9chec, car elle a \u00e9t\u00e9 men\u00e9e de mani\u00e8re collective. Nous attendons \u00e9galement l\u2019\u00e9valuation du Secr\u00e9tariat de la SADC sur les r\u00e9sultats de cette mission \u00bb, a d\u00e9clar\u00e9 Holomisa.<\/p>\n<p>Cependant, la commission a exprim\u00e9 son m\u00e9contentement face au peu d\u2019informations transmises. Des critiques ont soulign\u00e9 qu\u2019en l\u2019absence de la ministre de la D\u00e9fense, Angie Motshekga, les hauts grad\u00e9s de la SANDF se sont limit\u00e9s \u00e0 fournir des informations superficielles, laissant les parlementaires avec plus de questions que de r\u00e9ponses.<\/p>\n<p>Le copr\u00e9sident de la commission parlementaire, Malusi Gigaba, a pour sa part estim\u00e9 que le moment n\u2019\u00e9tait pas encore venu pour que le Parlement d\u00e9cide de l\u2019ouverture \u00e9ventuelle d\u2019une enqu\u00eate interne sur ce d\u00e9ploiement.<\/p>\n<p>Les combats pour le contr\u00f4le de Goma et de Sake, survenus au d\u00e9but de l\u2019ann\u00e9e, ont co\u00fbt\u00e9 la vie \u00e0 au moins 18 soldats de la SAMIDRC lors d\u2019affrontements avec les rebelles du M23. Parmi les victimes figuraient deux Tanzaniens et deux Malawites, tandis que des dizaines d&#8217;autres soldats ont \u00e9t\u00e9 bless\u00e9s.<\/p>\n<p>Lanc\u00e9e en d\u00e9cembre 2023, la mission offensive de la SAMIDRC visait \u00e0 d\u00e9loger les rebelles du M23. Elle avait toutefois suscit\u00e9 des inqui\u00e9tudes en amont, plusieurs observateurs ayant alert\u00e9 sur le manque d\u2019\u00e9quipement et de pr\u00e9paration suffisante des troupes face \u00e0 la complexit\u00e9 du conflit.<\/p>\n<p>L\u2019Afrique du Sud aurait consacr\u00e9 plus d&#8217;1,6 milliard de rands (environ 88 millions de dollars) \u00e0 cette op\u00e9ration.<\/p>\n<p>En mars, sous la pression croissante des parlementaires et de la soci\u00e9t\u00e9 civile, la mission de la SAMIDRC a \u00e9t\u00e9 interrompue, ouvrant la voie \u00e0 une approche diplomatique pour r\u00e9soudre le conflit entre les rebelles du M23 et le gouvernement du pr\u00e9sident F\u00e9lix Tshisekedi.<\/p>\n<p>Certains critiques estiment que ce d\u00e9ploiement a inutilement mis en danger les soldats sud-africains, et soup\u00e7onnent que des int\u00e9r\u00eats priv\u00e9s aient pu motiv\u00e9 la mission, au d\u00e9triment de la s\u00e9curit\u00e9 nationale.<\/p>\n<p>Le retrait des troupes sud-africaines a d\u00e9but\u00e9 ces derni\u00e8res semaines, avec l\u2019\u00e9vacuation progressive des soldats et du mat\u00e9riel militaire, transitant par le territoire rwandais.<\/p>\n<p>Parall\u00e8lement, l\u2019activiste zimbabw\u00e9en Rutendo Matinyarare a exhort\u00e9 la commission d\u2019enqu\u00eate \u00e0 \u00e9largir son champ d\u2019investigation aux causes profondes du conflit. Il a notamment demand\u00e9 que les conclusions de son r\u00e9cent documentaire \u2014 qui explore les racines historiques de l\u2019instabilit\u00e9 dans la r\u00e9gion et met en lumi\u00e8re la pers\u00e9cution des communaut\u00e9s kinyarwandophones ayant pris les armes pour d\u00e9fendre leurs droits \u2014 soient prises en compte.<\/p>\n<figure class=\"spip-document spip-document-60957 aligncenter\"><img decoding=\"async\" src=\"https:\/\/fr.igihe.com\/IMG\/jpg\/bh.jpg\" alt=\"Le vice-ministre de la D\u00e9fense sud-africaine a annonc\u00e9 le lancement d\u2019une enqu\u00eate officielle sur la mort de leurs soldats en RDC\" \/><\/figure>\n","protected":false},"excerpt":{"rendered":"<p>Le gouvernement sud-africain s&#8217;appr\u00eate \u00e0 ouvrir une enqu\u00eate officielle sur la mort de ses soldats d\u00e9ploy\u00e9s en R\u00e9publique d\u00e9mocratique du Congo dans le cadre de la Mission de la Communaut\u00e9 de d\u00e9veloppement de l\u2019Afrique australe (SAMIDRC).<\/p>\n","protected":false},"author":488,"featured_media":4000060956,"comment_status":"open","ping_status":"open","sticky":false,"template":"","format":"standard","meta":{"footnotes":""},"categories":[7540],"tags":[7605],"byline":[9865],"hashtag":[],"class_list":["post-37621","post","type-post","status-publish","format-standard","has-post-thumbnail","hentry","category-securite","tag-homenews","byline-alain-bertrand-tunezerwe"],"bylines":[{"id":9865,"name":"Alain Bertrand Tunezerwe","slug":"alain-bertrand-tunezerwe","description":"","image":{"id":0,"url":"https:\/\/secure.gravatar.com\/avatar\/?s=96&d=mm&f=y&r=g","alt":"Default avatar","title":"Default avatar","caption":"","mime_type":"image\/jpeg","sizes":[]},"user_id":452}],"contributors":[{"id":9865,"name":"Alain Bertrand Tunezerwe","slug":"alain-bertrand-tunezerwe","description":"","image":{"id":0,"url":"https:\/\/secure.gravatar.com\/avatar\/?s=96&d=mm&f=y&r=g","alt":"Default avatar","title":"Default avatar","caption":"","mime_type":"image\/jpeg","sizes":[]},"user_id":452}],"featured_image":{"id":4000060956,"url":"https:\/\/fr-images.igihe.com\/IMG\/logo\/bh_cp.jpg","alt":"","caption":"","mime_type":"image\/jpeg","width":0,"height":0,"sizes":{"thumbnail":{"url":"https:\/\/fr-images.igihe.com\/IMG\/logo\/bh_cp.jpg","width":1,"height":1},"medium":{"url":"https:\/\/fr-images.igihe.com\/IMG\/logo\/bh_cp.jpg","width":1,"height":1},"medium_large":{"url":"https:\/\/fr-images.igihe.com\/IMG\/logo\/bh_cp.jpg","width":1,"height":1},"large":{"url":"https:\/\/fr-images.igihe.com\/IMG\/logo\/bh_cp.jpg","width":1,"height":1},"full":{"url":"https:\/\/fr-images.igihe.com\/IMG\/logo\/bh_cp.jpg","width":0,"height":0}}},"_links":{"self":[{"href":"https:\/\/new.igihe.com\/french\/wp-json\/wp\/v2\/posts\/37621","targetHints":{"allow":["GET"]}}],"collection":[{"href":"https:\/\/new.igihe.com\/french\/wp-json\/wp\/v2\/posts"}],"about":[{"href":"https:\/\/new.igihe.com\/french\/wp-json\/wp\/v2\/types\/post"}],"author":[{"embeddable":true,"href":"https:\/\/new.igihe.com\/french\/wp-json\/wp\/v2\/users\/488"}],"replies":[{"embeddable":true,"href":"https:\/\/new.igihe.com\/french\/wp-json\/wp\/v2\/comments?post=37621"}],"version-history":[{"count":0,"href":"https:\/\/new.igihe.com\/french\/wp-json\/wp\/v2\/posts\/37621\/revisions"}],"wp:featuredmedia":[{"embeddable":true,"href":"https:\/\/new.igihe.com\/french\/wp-json\/wp\/v2\/media\/4000060956"}],"wp:attachment":[{"href":"https:\/\/new.igihe.com\/french\/wp-json\/wp\/v2\/media?parent=37621"}],"wp:term":[{"taxonomy":"category","embeddable":true,"href":"https:\/\/new.igihe.com\/french\/wp-json\/wp\/v2\/categories?post=37621"},{"taxonomy":"post_tag","embeddable":true,"href":"https:\/\/new.igihe.com\/french\/wp-json\/wp\/v2\/tags?post=37621"},{"taxonomy":"byline","embeddable":true,"href":"https:\/\/new.igihe.com\/french\/wp-json\/wp\/v2\/byline?post=37621"},{"taxonomy":"hashtag","embeddable":true,"href":"https:\/\/new.igihe.com\/french\/wp-json\/wp\/v2\/hashtag?post=37621"}],"curies":[{"name":"wp","href":"https:\/\/api.w.org\/{rel}","templated":true}]}}