{"id":37620,"date":"2025-05-12T15:08:26","date_gmt":"2025-05-12T15:08:26","guid":{"rendered":"https:\/\/new.igihe.com\/french\/Une-Afrique-strategique-dans-un-monde-transactionnel-37620\/"},"modified":"2025-05-12T15:07:10","modified_gmt":"2025-05-12T15:07:10","slug":"Une-Afrique-strategique-dans-un-monde-transactionnel","status":"publish","type":"post","link":"https:\/\/new.igihe.com\/french\/Une-Afrique-strategique-dans-un-monde-transactionnel\/","title":{"rendered":"Une Afrique strat\u00e9gique dans un monde transactionnel"},"content":{"rendered":"<p>L\u2019\u00e9v\u00e9nement, devenu au fil des ann\u00e9es un v\u00e9ritable sommet de r\u00e9f\u00e9rence pour les \u00e9lites \u00e9conomiques africaines et internationales, s\u2019ouvre cette ann\u00e9e dans un contexte g\u00e9opolitique marqu\u00e9 par des recompositions profondes, o\u00f9 le paradigme de la coop\u00e9ration c\u00e8de peu \u00e0 peu la place \u00e0 une logique r\u00e9solument transactionnelle.<\/p>\n<p>Lors de la c\u00e9r\u00e9monie d\u2019ouverture, le Pr\u00e9sident Kagame partage la tribune avec ses homologues Alassane Ouattara (C\u00f4te d\u2019Ivoire), Bassirou Diomaye Faye (S\u00e9n\u00e9gal), Mohamed Ould Ghazouani (Mauritanie), et Cyril Ramaphosa (Afrique du Sud). <\/p>\n<p>Ce conclave de haut vol consacre l\u2019affirmation d\u2019un leadership africain polymorphe, affranchi des tutelles id\u00e9ologiques d\u2019antan et d\u00e9sormais r\u00e9solument arrim\u00e9 aux dynamiques du monde globalis\u00e9. Il atteste de la mont\u00e9e en puissance d\u2019une \u00e9lite dirigeante lucide, qui appr\u00e9hende avec acuit\u00e9 les recompositions g\u00e9o\u00e9conomiques en cours et entend r\u00e9inscrire l\u2019Afrique non plus en p\u00e9riph\u00e9rie des circuits d\u00e9cisionnels, mais au c\u0153ur des cha\u00eenes de valeur mondiales. <\/p>\n<p>En convergeant \u00e0 Abidjan, ces chefs d\u2019\u00c9tat donnent corps \u00e0 une volont\u00e9 partag\u00e9e de rompre avec les logiques extractives h\u00e9rit\u00e9es de la colonie et de l\u2019ajustement structurel, pour ouvrir l\u2019horizon \u00e0 une souverainet\u00e9 productive fond\u00e9e sur l\u2019intelligence strat\u00e9gique, l\u2019interm\u00e9diation \u00e9conomique et l\u2019int\u00e9gration r\u00e9gionale. <\/p>\n<p>Cette posture rel\u00e8ve moins de l\u2019incantation diplomatique que d\u2019une exigence politique imp\u00e9rieuse\u202f: celle de penser l\u2019Afrique comme un centre de gravit\u00e9 \u00e0 part enti\u00e8re dans l\u2019architecture mondiale, et non plus comme un r\u00e9ceptacle passif des influences ext\u00e9rieures.<\/p>\n<p>Le Pr\u00e9sident Kagame prendra ensuite part \u00e0 un panel pr\u00e9sidentiel strat\u00e9gique, centr\u00e9 sur la red\u00e9finition des politiques publiques, des pratiques \u00e9conomiques et des profils de leadership, \u00e0 l\u2019aune d\u2019un nouvel ordre mondial en pleine gestation. Dans un monde o\u00f9 les rapports de force deviennent plus contractuels et moins id\u00e9ologiques, o\u00f9 les marges de man\u0153uvre des \u00c9tats africains se r\u00e9duisent face \u00e0 des exigences pragmatiques, les chefs d\u2019\u00c9tat pr\u00e9sents livreront leurs r\u00e9flexions sur l\u2019\u00e9mergence d\u2019une nouvelle g\u00e9n\u00e9ration de dirigeants pr\u00eats \u00e0 assumer les ruptures n\u00e9cessaires.<\/p>\n<p>Le th\u00e8me central du forum, \u00ab\u202fL\u2019Afrique dans un monde transactionnel : Un nouveau pacte \u00c9tat-secteur priv\u00e9 peut-il offrir \u00e0 l\u2019Afrique une main gagnante ?\u202f\u00bb, r\u00e9sume avec justesse l\u2019urgence d\u2019une refondation du mod\u00e8le de d\u00e9veloppement africain. Il ne s\u2019agit plus seulement de r\u00e9formes cosm\u00e9tiques, mais bien d\u2019un changement de matrice, o\u00f9 le secteur priv\u00e9 n\u2019est plus per\u00e7u comme un simple levier de croissance, mais comme un acteur strat\u00e9gique de la souverainet\u00e9 \u00e9conomique.<\/p>\n<p>Figure embl\u00e9matique de cette vision transformatrice, le Pr\u00e9sident Kagame incarne une forme de leadership continental audacieux, ax\u00e9 sur l\u2019efficacit\u00e9 institutionnelle, la rigueur \u00e9conomique et l\u2019attractivit\u00e9 des investissements. Sa pr\u00e9sence \u00e0 Abidjan augure d\u2019une prise de parole forte sur la n\u00e9cessit\u00e9 de r\u00e9concilier ambition politique et exigence de performance. <\/p>\n<p>Le Rwanda, mod\u00e8le de gouvernance agile et r\u00e9siliente, accueillera d\u2019ailleurs la prochaine \u00e9dition de ce forum d\u2019exception, confirmant ainsi sa position de hub strat\u00e9gique pour la r\u00e9flexion \u00e9conomique panafricaine.<\/p>\n<p>Dans une \u00e8re de r\u00e9alignement global, o\u00f9 les certitudes d\u2019hier vacillent, l\u2019Afrique ne peut plus se contenter d\u2019\u00eatre spectatrice des reconfigurations du monde. Elle se doit d\u2019\u00eatre actrice, partenaire, et, plus encore, architecte de son propre avenir. Et c\u2019est \u00e0 travers des tribunes comme celle de l\u2019Africa CEO Forum que se dessine le visage d\u2019un continent qui entend enfin parler d\u2019\u00e9gal \u00e0 \u00e9gal.<\/p>\n<figure class=\"spip-document spip-document-60955 aligncenter\"><img decoding=\"async\" src=\"https:\/\/fr.igihe.com\/IMG\/jpg\/cf-2.jpg\" alt=\"L&#039;\u00e9dition annuelle du prestigieux &quot;Africa CEO Forum&quot; se d\u00e9roule \u00e0 Abidjan, en R\u00e9publique de C\u00f4te d&#039;Ivoire\" \/><\/figure>\n","protected":false},"excerpt":{"rendered":"<p>Le Pr\u00e9sident Kagame est arriv\u00e9 ce matin \u00e0 Abidjan, en R\u00e9publique de C\u00f4te d\u2019Ivoire, o\u00f9 il prend part \u00e0 l\u2019\u00e9dition annuelle du prestigieux Africa CEO Forum, aux c\u00f4t\u00e9s de plus de deux mille d\u00e9cideurs \u00e9conomiques, investisseurs de renom, et acteurs politiques venus des quatre coins du continent et d\u2019ailleurs. <\/p>\n","protected":false},"author":488,"featured_media":4000060954,"comment_status":"open","ping_status":"open","sticky":false,"template":"","format":"standard","meta":{"footnotes":""},"categories":[7544],"tags":[7605],"byline":[9102],"hashtag":[],"class_list":["post-37620","post","type-post","status-publish","format-standard","has-post-thumbnail","hentry","category-politique","tag-homenews","byline-tite-gatabazi"],"bylines":[{"id":9102,"name":"Tite Gatabazi","slug":"tite-gatabazi","description":"","image":{"id":0,"url":"https:\/\/secure.gravatar.com\/avatar\/?s=96&d=mm&f=y&r=g","alt":"Default avatar","title":"Default avatar","caption":"","mime_type":"image\/jpeg","sizes":[]},"user_id":472}],"contributors":[{"id":9102,"name":"Tite Gatabazi","slug":"tite-gatabazi","description":"","image":{"id":0,"url":"https:\/\/secure.gravatar.com\/avatar\/?s=96&d=mm&f=y&r=g","alt":"Default avatar","title":"Default avatar","caption":"","mime_type":"image\/jpeg","sizes":[]},"user_id":472}],"featured_image":{"id":4000060954,"url":"https:\/\/fr-images.igihe.com\/IMG\/logo\/cf_cp.jpg","alt":"","caption":"","mime_type":"image\/jpeg","width":0,"height":0,"sizes":{"thumbnail":{"url":"https:\/\/fr-images.igihe.com\/IMG\/logo\/cf_cp.jpg","width":1,"height":1},"medium":{"url":"https:\/\/fr-images.igihe.com\/IMG\/logo\/cf_cp.jpg","width":1,"height":1},"medium_large":{"url":"https:\/\/fr-images.igihe.com\/IMG\/logo\/cf_cp.jpg","width":1,"height":1},"large":{"url":"https:\/\/fr-images.igihe.com\/IMG\/logo\/cf_cp.jpg","width":1,"height":1},"full":{"url":"https:\/\/fr-images.igihe.com\/IMG\/logo\/cf_cp.jpg","width":0,"height":0}}},"_links":{"self":[{"href":"https:\/\/new.igihe.com\/french\/wp-json\/wp\/v2\/posts\/37620","targetHints":{"allow":["GET"]}}],"collection":[{"href":"https:\/\/new.igihe.com\/french\/wp-json\/wp\/v2\/posts"}],"about":[{"href":"https:\/\/new.igihe.com\/french\/wp-json\/wp\/v2\/types\/post"}],"author":[{"embeddable":true,"href":"https:\/\/new.igihe.com\/french\/wp-json\/wp\/v2\/users\/488"}],"replies":[{"embeddable":true,"href":"https:\/\/new.igihe.com\/french\/wp-json\/wp\/v2\/comments?post=37620"}],"version-history":[{"count":0,"href":"https:\/\/new.igihe.com\/french\/wp-json\/wp\/v2\/posts\/37620\/revisions"}],"wp:featuredmedia":[{"embeddable":true,"href":"https:\/\/new.igihe.com\/french\/wp-json\/wp\/v2\/media\/4000060954"}],"wp:attachment":[{"href":"https:\/\/new.igihe.com\/french\/wp-json\/wp\/v2\/media?parent=37620"}],"wp:term":[{"taxonomy":"category","embeddable":true,"href":"https:\/\/new.igihe.com\/french\/wp-json\/wp\/v2\/categories?post=37620"},{"taxonomy":"post_tag","embeddable":true,"href":"https:\/\/new.igihe.com\/french\/wp-json\/wp\/v2\/tags?post=37620"},{"taxonomy":"byline","embeddable":true,"href":"https:\/\/new.igihe.com\/french\/wp-json\/wp\/v2\/byline?post=37620"},{"taxonomy":"hashtag","embeddable":true,"href":"https:\/\/new.igihe.com\/french\/wp-json\/wp\/v2\/hashtag?post=37620"}],"curies":[{"name":"wp","href":"https:\/\/api.w.org\/{rel}","templated":true}]}}