{"id":37618,"date":"2025-05-12T12:03:55","date_gmt":"2025-05-12T12:03:55","guid":{"rendered":"https:\/\/new.igihe.com\/french\/Le-President-Kagame-participe-a-l-Africa-CEO-Forum-a-Abidjan-37618\/"},"modified":"2025-05-13T14:13:07","modified_gmt":"2025-05-13T14:13:07","slug":"Le-President-Kagame-participe-a-l-Africa-CEO-Forum-a-Abidjan","status":"publish","type":"post","link":"https:\/\/new.igihe.com\/french\/Le-President-Kagame-participe-a-l-Africa-CEO-Forum-a-Abidjan\/","title":{"rendered":"Le Pr\u00e9sident Kagame participe \u00e0 &#8221; l&#8217;Africa CEO Forum &#8221; \u00e0 Abidjan"},"content":{"rendered":"<p>Plus de 2 000 participants sont attendus \u00e0 ce forum, dont la c\u00e9r\u00e9monie d&#8217;ouverture s\u2019est tenue dans la matin\u00e9e de ce lundi 12 mai 2025. Aux c\u00f4t\u00e9s du Pr\u00e9sident Kagame, les chefs d\u2019\u00c9tat Alassane Ouattara de la C\u00f4te d&#8217;Ivoire, Bassirou Diomaye Faye du S\u00e9n\u00e9gal, Mohamed Ould Ghazouani de la Mauritanie et Cyril Ramaphosa de l&#8217;Afrique du Sud prennent \u00e9galement part \u00e0 l&#8217;\u00e9v\u00e9nement.<\/p>\n<p>Une table ronde, \u00e0 laquelle participera le Pr\u00e9sident Kagame, portera sur les grandes orientations politiques, les dynamiques \u00e9conomiques et les qualit\u00e9s humaines requises pour affronter les d\u00e9fis mondiaux. Les dirigeants africains y \u00e9changeront sur les qualit\u00e9s indispensables que doivent incarner les leaders de demain, dans un contexte o\u00f9 la priorit\u00e9 donn\u00e9e par chaque \u00c9tat \u00e0 ses int\u00e9r\u00eats nationaux complique davantage la prise de d\u00e9cisions communes et pleinement souveraines des gouvernements du continent.<\/p>\n<p>Le d\u00e9veloppement de l&#8217;Afrique et le r\u00f4le cl\u00e9 du secteur priv\u00e9 seront au centre des discussions lors de cette rencontre de deux jours. L&#8217;Africa CEO Forum s&#8217;est d\u00e9j\u00e0 tenu au Rwanda en 2019 et en 2024, \u00e9dition au cours de laquelle le Pr\u00e9sident Kagame a mis en lumi\u00e8re le potentiel de l&#8217;Afrique, appelant \u00e0 des r\u00e9formes concr\u00e8tes dans les domaines de la gouvernance, de la politique et de la soci\u00e9t\u00e9 civile, afin d&#8217;atteindre le d\u00e9veloppement escompt\u00e9.<\/p>\n<p>Reconnaissant l&#8217;importance du secteur priv\u00e9 dans le d\u00e9veloppement, le Pr\u00e9sident Kagame a soulign\u00e9 que les  r\u00e9centes crises auxquelles a \u00e9t\u00e9 confront\u00e9e l&#8217;Afrique ont mis en lumi\u00e8re la n\u00e9cessit\u00e9 d&#8217;une collaboration renforc\u00e9e. \u00ab Nos d\u00e9fis communs n\u00e9cessitent une action collective. Il est crucial que l&#8217;Afrique d\u00e9veloppe sa capacit\u00e9 \u00e0 faire face \u00e0 toute forme de crise \u00bb, a-t-il affirm\u00e9, insistant sur l&#8217;importance pour les Africains de saisir les innombrables opportunit\u00e9s offertes par le continent.<\/p>\n<p>\u00ab Aujourd&#8217;hui, pr\u00e8s de 20 % de la population mondiale est africaine, et ce pourcentage atteindra 25 % d&#8217;ici 2050. L&#8217;Afrique deviendra un acteur \u00e9conomique cl\u00e9 de ce si\u00e8cle. Cependant, pour concr\u00e9tiser cette ambition, nous devons renforcer notre conscience collective \u00bb, avait lanc\u00e9 le Pr\u00e9sident, tout en soulignant qu&#8217;il \u00e9tait inacceptable que les ressources naturelles de l&#8217;Afrique continuent d&#8217;\u00eatre exploit\u00e9es, transform\u00e9es ailleurs, puis revendues sur le continent. <\/p>\n<p>Il est pr\u00e9vu que la prochaine \u00e9dition de ce forum se tienne au Rwanda.<\/p>\n<figure class=\"spip-document spip-document-60951 aligncenter\"><img decoding=\"async\" src=\"https:\/\/fr.igihe.com\/IMG\/jpg\/pk-35.jpg\" alt=\"Le Pr\u00e9sident Paul Kagame s\u2019est rendu \u00e0 Abidjan, en C\u00f4te d\u2019Ivoire, afin de prendre part \u00e0 l\u2019Africa CEO Forum\" \/><\/figure>\n","protected":false},"excerpt":{"rendered":"<p>Le Pr\u00e9sident Paul Kagame s&#8217;est rendu \u00e0 Abidjan, en C\u00f4te d&#8217;Ivoire, afin de prendre part \u00e0 l&#8217;Africa CEO Forum, un \u00e9v\u00e9nement r\u00e9unissant des figures influentes du monde des affaires et de la politique venues d\u2019Afrique et d\u2019ailleurs.<\/p>\n","protected":false},"author":488,"featured_media":4000060950,"comment_status":"open","ping_status":"open","sticky":false,"template":"","format":"standard","meta":{"footnotes":""},"categories":[7529],"tags":[7605],"byline":[9865],"hashtag":[],"class_list":["post-37618","post","type-post","status-publish","format-standard","has-post-thumbnail","hentry","category-actualite-3","tag-homenews","byline-alain-bertrand-tunezerwe"],"bylines":[{"id":9865,"name":"Alain Bertrand Tunezerwe","slug":"alain-bertrand-tunezerwe","description":"","image":{"id":0,"url":"https:\/\/secure.gravatar.com\/avatar\/?s=96&d=mm&f=y&r=g","alt":"Default avatar","title":"Default avatar","caption":"","mime_type":"image\/jpeg","sizes":[]},"user_id":452}],"contributors":[{"id":9865,"name":"Alain Bertrand Tunezerwe","slug":"alain-bertrand-tunezerwe","description":"","image":{"id":0,"url":"https:\/\/secure.gravatar.com\/avatar\/?s=96&d=mm&f=y&r=g","alt":"Default avatar","title":"Default avatar","caption":"","mime_type":"image\/jpeg","sizes":[]},"user_id":452}],"featured_image":{"id":4000060950,"url":"https:\/\/fr-images.igihe.com\/IMG\/logo\/pk_cp-14.jpg","alt":"","caption":"","mime_type":"image\/jpeg","width":0,"height":0,"sizes":{"thumbnail":{"url":"https:\/\/fr-images.igihe.com\/IMG\/logo\/pk_cp-14.jpg","width":1,"height":1},"medium":{"url":"https:\/\/fr-images.igihe.com\/IMG\/logo\/pk_cp-14.jpg","width":1,"height":1},"medium_large":{"url":"https:\/\/fr-images.igihe.com\/IMG\/logo\/pk_cp-14.jpg","width":1,"height":1},"large":{"url":"https:\/\/fr-images.igihe.com\/IMG\/logo\/pk_cp-14.jpg","width":1,"height":1},"full":{"url":"https:\/\/fr-images.igihe.com\/IMG\/logo\/pk_cp-14.jpg","width":0,"height":0}}},"_links":{"self":[{"href":"https:\/\/new.igihe.com\/french\/wp-json\/wp\/v2\/posts\/37618","targetHints":{"allow":["GET"]}}],"collection":[{"href":"https:\/\/new.igihe.com\/french\/wp-json\/wp\/v2\/posts"}],"about":[{"href":"https:\/\/new.igihe.com\/french\/wp-json\/wp\/v2\/types\/post"}],"author":[{"embeddable":true,"href":"https:\/\/new.igihe.com\/french\/wp-json\/wp\/v2\/users\/488"}],"replies":[{"embeddable":true,"href":"https:\/\/new.igihe.com\/french\/wp-json\/wp\/v2\/comments?post=37618"}],"version-history":[{"count":0,"href":"https:\/\/new.igihe.com\/french\/wp-json\/wp\/v2\/posts\/37618\/revisions"}],"wp:featuredmedia":[{"embeddable":true,"href":"https:\/\/new.igihe.com\/french\/wp-json\/wp\/v2\/media\/4000060950"}],"wp:attachment":[{"href":"https:\/\/new.igihe.com\/french\/wp-json\/wp\/v2\/media?parent=37618"}],"wp:term":[{"taxonomy":"category","embeddable":true,"href":"https:\/\/new.igihe.com\/french\/wp-json\/wp\/v2\/categories?post=37618"},{"taxonomy":"post_tag","embeddable":true,"href":"https:\/\/new.igihe.com\/french\/wp-json\/wp\/v2\/tags?post=37618"},{"taxonomy":"byline","embeddable":true,"href":"https:\/\/new.igihe.com\/french\/wp-json\/wp\/v2\/byline?post=37618"},{"taxonomy":"hashtag","embeddable":true,"href":"https:\/\/new.igihe.com\/french\/wp-json\/wp\/v2\/hashtag?post=37618"}],"curies":[{"name":"wp","href":"https:\/\/api.w.org\/{rel}","templated":true}]}}