{"id":37612,"date":"2025-05-11T10:16:12","date_gmt":"2025-05-11T10:16:12","guid":{"rendered":"https:\/\/new.igihe.com\/french\/Le-ministre-Nduhungirehe-annonce-une-cooperation-en-matiere-de-securite-37612\/"},"modified":"2025-05-13T08:30:33","modified_gmt":"2025-05-13T08:30:33","slug":"Le-ministre-Nduhungirehe-annonce-une-cooperation-en-matiere-de-securite","status":"publish","type":"post","link":"https:\/\/new.igihe.com\/french\/Le-ministre-Nduhungirehe-annonce-une-cooperation-en-matiere-de-securite\/","title":{"rendered":"Le ministre Nduhungirehe annonce une coop\u00e9ration en mati\u00e8re de s\u00e9curit\u00e9 frontali\u00e8re avec la RDC"},"content":{"rendered":"<p>Le 25 avril 2025, une \u00e9tape significative vers la pacification de la r\u00e9gion des Grands Lacs a \u00e9t\u00e9 franchie \u00e0 Washington D.C. Le Rwanda et la R\u00e9publique d\u00e9mocratique du Congo, avec le soutien actif des \u00c9tats-Unis, ont sign\u00e9 un accord \u00e9tablissant des principes directeurs fondamentaux en vue de l\u2019\u00e9laboration d\u2019un futur trait\u00e9 de paix.<\/p>\n<p>Le ministre Olivier Nduhungirehe, a soulign\u00e9 l\u2019importance cruciale de cet accord, pr\u00e9cisant que les objectifs principaux portent sur les questions de s\u00e9curit\u00e9, en particulier la neutralisation des activit\u00e9s du groupe terroriste FDLR, dont les agissements repr\u00e9sentent une menace persistante pour la stabilit\u00e9 du Rwanda.<\/p>\n<p>Selon les propos du ministre : \u00ab Le point central de cette d\u00e9claration de principes est ind\u00e9niablement la s\u00e9curit\u00e9. C\u2019est le c\u0153ur du diff\u00e9rend qui oppose le Rwanda \u00e0 la RDC, un d\u00e9fi qu\u2019il est imp\u00e9ratif de relever. Pour y parvenir, la mise en place d\u2019un m\u00e9canisme de coop\u00e9ration bilat\u00e9rale d\u00e9di\u00e9 \u00e0 la s\u00e9curisation de notre fronti\u00e8re commune constitue une n\u00e9cessit\u00e9 absolue, une condition sine qua non. \u00bb<\/p>\n<p>Par le pass\u00e9, le Rwanda et la R\u00e9publique d\u00e9mocratique du Congo ont men\u00e9 \u00e0 plusieurs reprises des op\u00e9rations militaires conjointes visant \u00e0 d\u00e9manteler les groupes arm\u00e9s actifs dans la r\u00e9gion. L\u2019op\u00e9ration &#8220;Umoja Wetu&#8221;, lanc\u00e9e en 2009 dans le but d\u2019\u00e9radiquer le groupe FDLR, demeure un exemple embl\u00e9matique de cette coop\u00e9ration.<\/p>\n<p>Le ministre Olivier Nduhungirehe a mis en avant l\u2019impact positif de ces initiatives communes : \u00ab C\u2019est pr\u00e9cis\u00e9ment \u00e0 travers ce type de collaboration que des progr\u00e8s significatifs ont \u00e9t\u00e9 r\u00e9alis\u00e9s dans notre lutte acharn\u00e9e contre le groupe FDLR. \u00bb a-t-il d\u00e9clar\u00e9.<\/p>\n<p>Le ministre a mis en avant le grand potentiel d&#8217;une coop\u00e9ration entre le Rwanda et la RDC, la consid\u00e9rant comme le point de d\u00e9part d&#8217;une collaboration renforc\u00e9e dans le but d&#8217;intensifier la lutte contre les FDLR.<\/p>\n<p>\u00ab Ceci illustre une dynamique positive qu&#8217;il convient de consolider, d&#8217;autant plus qu&#8217;au sein de la CAE (Communaut\u00e9 d\u2019Afrique de l\u2019Est) et de la SADC (Communaut\u00e9 de d\u00e9veloppement de l\u2019Afrique australe), l&#8217;id\u00e9e de cr\u00e9er une force militaire conjointe a \u00e9galement \u00e9t\u00e9 envisag\u00e9e. Un tel d\u00e9ploiement dans la r\u00e9gion pourrait s&#8217;av\u00e9rer d\u00e9terminant pour le r\u00e9tablissement d&#8217;une s\u00e9curit\u00e9 durable. \u00bb a-t-il precis\u00e9.<\/p>\n<p>Le ministre Nduhungirehe a annonc\u00e9 qu&#8217;il se rendra \u00e0 Washington D.C. au cours de la troisi\u00e8me semaine du mois de mai 2025, o\u00f9 il rencontrera Th\u00e9r\u00e8se Kayikwamba Wagner, ministre des Affaires \u00e9trang\u00e8res de la RDC, dans le cadre des pr\u00e9paratifs pour la conclusion imminente d&#8217;un accord de paix bilat\u00e9ral.<\/p>\n<p>L&#8217;aboutissement de ces efforts est pr\u00e9vu pour juin 2025, avec la signature officielle de l&#8217;accord de paix aux \u00c9tats-Unis. Cet \u00e9v\u00e9nement majeur se d\u00e9roulera en pr\u00e9sence de plusieurs chefs d&#8217;\u00c9tat, dont le pr\u00e9sident Donald Trump, signature qui aura lieu dans le Bureau ovale.<\/p>\n<figure class=\"spip-document spip-document-60937 aligncenter\"><img decoding=\"async\" src=\"https:\/\/fr.igihe.com\/IMG\/jpg\/ond-6.jpg\" alt=\"\u00c0 l&#039;issue des discussions tenues \u00e0 Washington D.C., le Rwanda et la RDC se sont engag\u00e9s \u00e0 coop\u00e9rer pour garantir la s\u00e9curit\u00e9 de leur fronti\u00e8re commune\" \/><\/figure>\n","protected":false},"excerpt":{"rendered":"<p>Le ministre des Affaires \u00e9trang\u00e8res et de la Coop\u00e9ration, l\u2019ambassadeur Olivier Nduhungirehe, a indiqu\u00e9 qu&#8217;\u00e0 l&#8217;issue des discussions tenues \u00e0 Washington D.C., aux \u00c9tats-Unis, le Rwanda et la R\u00e9publique D\u00e9mocratique du Congo se sont engag\u00e9s \u00e0 renforcer leur coop\u00e9ration s\u00e9curitaire en vue de garantir la s\u00e9curit\u00e9 au niveau de leur fronti\u00e8re commune. <\/p>\n","protected":false},"author":488,"featured_media":4000060938,"comment_status":"open","ping_status":"open","sticky":false,"template":"","format":"standard","meta":{"footnotes":""},"categories":[7544],"tags":[7605],"byline":[9874],"hashtag":[],"class_list":["post-37612","post","type-post","status-publish","format-standard","has-post-thumbnail","hentry","category-politique","tag-homenews","byline-alain-bertand-tunezerwe"],"bylines":[{"id":9874,"name":"Alain Bertand Tunezerwe","slug":"alain-bertand-tunezerwe","description":"","image":{"id":0,"url":"https:\/\/secure.gravatar.com\/avatar\/?s=96&d=mm&f=y&r=g","alt":"Default avatar","title":"Default avatar","caption":"","mime_type":"image\/jpeg","sizes":[]},"user_id":null}],"contributors":[{"id":9874,"name":"Alain Bertand Tunezerwe","slug":"alain-bertand-tunezerwe","description":"","image":{"id":0,"url":"https:\/\/secure.gravatar.com\/avatar\/?s=96&d=mm&f=y&r=g","alt":"Default avatar","title":"Default avatar","caption":"","mime_type":"image\/jpeg","sizes":[]},"user_id":null}],"featured_image":{"id":4000060938,"url":"https:\/\/fr-images.igihe.com\/IMG\/logo\/ond_cp-8.jpg","alt":"","caption":"","mime_type":"image\/jpeg","width":0,"height":0,"sizes":{"thumbnail":{"url":"https:\/\/fr-images.igihe.com\/IMG\/logo\/ond_cp-8.jpg","width":1,"height":1},"medium":{"url":"https:\/\/fr-images.igihe.com\/IMG\/logo\/ond_cp-8.jpg","width":1,"height":1},"medium_large":{"url":"https:\/\/fr-images.igihe.com\/IMG\/logo\/ond_cp-8.jpg","width":1,"height":1},"large":{"url":"https:\/\/fr-images.igihe.com\/IMG\/logo\/ond_cp-8.jpg","width":1,"height":1},"full":{"url":"https:\/\/fr-images.igihe.com\/IMG\/logo\/ond_cp-8.jpg","width":0,"height":0}}},"_links":{"self":[{"href":"https:\/\/new.igihe.com\/french\/wp-json\/wp\/v2\/posts\/37612","targetHints":{"allow":["GET"]}}],"collection":[{"href":"https:\/\/new.igihe.com\/french\/wp-json\/wp\/v2\/posts"}],"about":[{"href":"https:\/\/new.igihe.com\/french\/wp-json\/wp\/v2\/types\/post"}],"author":[{"embeddable":true,"href":"https:\/\/new.igihe.com\/french\/wp-json\/wp\/v2\/users\/488"}],"replies":[{"embeddable":true,"href":"https:\/\/new.igihe.com\/french\/wp-json\/wp\/v2\/comments?post=37612"}],"version-history":[{"count":0,"href":"https:\/\/new.igihe.com\/french\/wp-json\/wp\/v2\/posts\/37612\/revisions"}],"wp:featuredmedia":[{"embeddable":true,"href":"https:\/\/new.igihe.com\/french\/wp-json\/wp\/v2\/media\/4000060938"}],"wp:attachment":[{"href":"https:\/\/new.igihe.com\/french\/wp-json\/wp\/v2\/media?parent=37612"}],"wp:term":[{"taxonomy":"category","embeddable":true,"href":"https:\/\/new.igihe.com\/french\/wp-json\/wp\/v2\/categories?post=37612"},{"taxonomy":"post_tag","embeddable":true,"href":"https:\/\/new.igihe.com\/french\/wp-json\/wp\/v2\/tags?post=37612"},{"taxonomy":"byline","embeddable":true,"href":"https:\/\/new.igihe.com\/french\/wp-json\/wp\/v2\/byline?post=37612"},{"taxonomy":"hashtag","embeddable":true,"href":"https:\/\/new.igihe.com\/french\/wp-json\/wp\/v2\/hashtag?post=37612"}],"curies":[{"name":"wp","href":"https:\/\/api.w.org\/{rel}","templated":true}]}}