{"id":37610,"date":"2025-05-10T14:21:53","date_gmt":"2025-05-10T14:21:53","guid":{"rendered":"https:\/\/new.igihe.com\/french\/Deux-papes-deux-visions-a-travers-l-etoffe-d-un-pontificat-37610\/"},"modified":"2025-05-10T11:05:14","modified_gmt":"2025-05-10T11:05:14","slug":"Deux-papes-deux-visions-a-travers-l-etoffe-d-un-pontificat","status":"publish","type":"post","link":"https:\/\/new.igihe.com\/french\/Deux-papes-deux-visions-a-travers-l-etoffe-d-un-pontificat\/","title":{"rendered":"Deux papes, deux visions \u00e0 travers l&#8217;\u00e9toffe d\u2019un pontificat"},"content":{"rendered":"<p>Ce d\u00e9pouillement inaugural ne fut pas anodin\u202f: il \u00e9tait l\u2019\u00e9nonciation muette d\u2019un programme spirituel, d\u2019un pontificat plac\u00e9 sous le signe de l\u2019abaissement, de la proximit\u00e9 \u00e9vang\u00e9lique, d\u2019une r\u00e9forme int\u00e9rieure douloureuse mais urgente. Ce blanc nu, presque asc\u00e9tique, r\u00e9sonnait comme un refus d&#8217;apparat, une mise \u00e0 nu symbolique de la papaut\u00e9 elle-m\u00eame, d\u00e9pouill\u00e9e des fastes pour retrouver l&#8217;habitus du Pasteur.<\/p>\n<p>Douze ans plus tard, sur ce m\u00eame balcon p\u00e9trinien, autre silhouette, autre teinte, autre souffle. Le pape L\u00e9on XIV, fra\u00eechement \u00e9lu, se montre \u00e0 la foule v\u00eatu du rouge et or traditionnels, arborant la mozetta de velours cramoisi ourl\u00e9e d\u2019hermine et la stola brod\u00e9e d\u2019or, cet habit que ses pr\u00e9d\u00e9cesseurs postconciliaires avaient peu \u00e0 peu rel\u00e9gu\u00e9 aux r\u00e9serves d\u2019un Vatican en mutation. <\/p>\n<p>Loin d\u2019un simple retour au d\u00e9corum, ce choix hautement visuel et hautement signifiant s\u2019inscrit dans une volont\u00e9 assum\u00e9e de r\u00e9appropriation du langage symbolique multis\u00e9culaire de l\u2019\u00c9glise. Car dans l\u2019\u00c9glise catholique, rien, ni les gestes, ni les v\u00eatements, ni les silences, n\u2019est jamais arbitraire.<\/p>\n<p>Le rouge du v\u00eatement pontifical, d\u2019une richesse th\u00e9ologique inou\u00efe, renvoie d\u2019abord au sang des martyrs, \u00e0 cette \u00c9glise confessante qui n\u2019est pas une structure administrative, mais une communaut\u00e9 de t\u00e9moins jusqu\u2019au don de soi. Il renvoie aussi au feu de la Pentec\u00f4te, au souffle de l\u2019Esprit Saint qui, \u00e0 travers les si\u00e8cles, embrase les coeurs et purifie les institutions. <\/p>\n<p>Et l\u2019or, dans son \u00e9clat solaire, est la marque de la gloire divine non pas pour magnifier la personne du pontife, mais pour rappeler que le minist\u00e8re p\u00e9trinien est au service d\u2019une transcendance qui d\u00e9passe infiniment l\u2019individu qui l\u2019incarne.<\/p>\n<p>Ainsi, l\u00e0 o\u00f9 Fran\u00e7ois inaugurait un pontificat de rupture silencieuse, presque franciscaine, L\u00e9on XIV semble vouloir affirmer une continuit\u00e9 avec la tradition liturgique et visuelle de l\u2019\u00c9glise d\u2019avant les ann\u00e9es 1960, r\u00e9habilitant par-l\u00e0 m\u00eame une conception haute du sacr\u00e9 et de l\u2019autorit\u00e9. <\/p>\n<p>Ce choix de v\u00eature, en apparence anodin pour les regards profanes, constitue en r\u00e9alit\u00e9 une proclamation. Il signifie que, pour ce nouveau pape, la solennit\u00e9 n\u2019est pas l\u2019ennemie de l\u2019authenticit\u00e9, et que la beaut\u00e9 du rite peut porter l\u2019\u00e2me vers Dieu autant qu\u2019un langage simple.<\/p>\n<p>Faut-il y voir une opposition frontale entre deux papes, une dichotomie irr\u00e9ductible entre humilit\u00e9 et majest\u00e9, entre r\u00e9forme et tradition\u202f? Il serait r\u00e9ducteur  et m\u00eame erron\u00e9 d\u2019en faire une opposition binaire. Car si Fran\u00e7ois, par son d\u00e9pouillement, a voulu ramener l\u2019\u00c9glise aux p\u00e9riph\u00e9ries, il n\u2019a jamais ni\u00e9 la profondeur th\u00e9ologique du patrimoine liturgique. <\/p>\n<p>Et si L\u00e9on XIV fait retour \u00e0 une liturgie plus solennelle, rien n\u2019indique qu\u2019il renoncera \u00e0 l\u2019appel au service, \u00e0 la mis\u00e9ricorde, \u00e0 l\u2019\u00e9coute, fruits m\u00fbrs du concile Vatican II.<\/p>\n<p>Il est probable que L\u00e9on XIV, en rev\u00eatant l&#8217;habit ancien, souhaite r\u00e9concilier les h\u00e9ritages, r\u00e9unifier des courants eccl\u00e9siaux longtemps oppos\u00e9s, et rappeler au monde que la beaut\u00e9 et la grandeur ne sont pas contraires \u00e0 l&#8217;humilit\u00e9, si elles sont offertes \u00e0 Dieu et non \u00e9rig\u00e9es en idoles. <\/p>\n<p>Dans un monde satur\u00e9 de relativisme, o\u00f9 la parole pontificale tend \u00e0 se diluer dans la cacophonie m\u00e9diatique, ce retour au symbole est peut-\u00eatre une tentative de redonner \u00e0 l&#8217;\u00c9glise sa voix propre non par le volume, mais par la hauteur.<\/p>\n<p>Deux papes, donc. Deux messages, sans doute. Le m\u00eame balcon, certes, mais peut-\u00eatre un m\u00eame d\u00e9sir profond\u202f: celui de conduire l\u2019\u00c9glise vers son Seigneur, l\u2019un par les sentiers de l\u2019aust\u00e9rit\u00e9 missionnaire, l\u2019autre par les fastes sacr\u00e9s de la m\u00e9moire vivante. <\/p>\n<p>Et dans cette tension f\u00e9conde entre d\u00e9pouillement et splendeur, se joue peut-\u00eatre l\u2019avenir d\u2019un catholicisme appel\u00e9 \u00e0 ne pas choisir entre pass\u00e9 et futur, mais \u00e0 les faire dialoguer dans la fid\u00e9lit\u00e9.<\/p>\n<figure class=\"spip-document spip-document-60934 aligncenter\"><img decoding=\"async\" src=\"https:\/\/fr.igihe.com\/IMG\/jpg\/pf_cp.jpg\" alt=\"L\u00e9on XIV affirme une continuit\u00e9 avec la tradition d\u2019avant les ann\u00e9es 1960, l\u00e0 o\u00f9 Fran\u00e7ois pr\u00f4nait une rupture silencieuse\" \/><\/figure>\n","protected":false},"excerpt":{"rendered":"<p>Il est des gestes qui, bien plus que les paroles, inaugurent une \u00e8re. Il est des \u00e9toffes, des teintes, des silences et des postures qui parlent au-del\u00e0 des micros et des cam\u00e9ras, interpellant les consciences autant qu\u2019ils orientent les regards. Le soir du 13 mars 2013, lorsque le cardinal argentin Jorge Mario Bergoglio apparut pour la premi\u00e8re fois au balcon central de la basilique vaticane, v\u00eatu de la simple soutane blanche, d\u00e9nu\u00e9e de mozetta, sans fanfare ni triomphalisme, ce fut tout un monde qui se trouva soudainement r\u00e9orient\u00e9. <\/p>\n","protected":false},"author":488,"featured_media":4000060933,"comment_status":"open","ping_status":"open","sticky":false,"template":"","format":"standard","meta":{"footnotes":""},"categories":[7541],"tags":[7605],"byline":[9102],"hashtag":[],"class_list":["post-37610","post","type-post","status-publish","format-standard","has-post-thumbnail","hentry","category-religion","tag-homenews","byline-tite-gatabazi"],"bylines":[{"id":9102,"name":"Tite Gatabazi","slug":"tite-gatabazi","description":"","image":{"id":0,"url":"https:\/\/secure.gravatar.com\/avatar\/?s=96&d=mm&f=y&r=g","alt":"Default avatar","title":"Default avatar","caption":"","mime_type":"image\/jpeg","sizes":[]},"user_id":472}],"contributors":[{"id":9102,"name":"Tite Gatabazi","slug":"tite-gatabazi","description":"","image":{"id":0,"url":"https:\/\/secure.gravatar.com\/avatar\/?s=96&d=mm&f=y&r=g","alt":"Default avatar","title":"Default avatar","caption":"","mime_type":"image\/jpeg","sizes":[]},"user_id":472}],"featured_image":{"id":4000060933,"url":"https:\/\/fr-images.igihe.com\/IMG\/logo\/pf_cp_p.jpg","alt":"","caption":"","mime_type":"image\/jpeg","width":0,"height":0,"sizes":{"thumbnail":{"url":"https:\/\/fr-images.igihe.com\/IMG\/logo\/pf_cp_p.jpg","width":1,"height":1},"medium":{"url":"https:\/\/fr-images.igihe.com\/IMG\/logo\/pf_cp_p.jpg","width":1,"height":1},"medium_large":{"url":"https:\/\/fr-images.igihe.com\/IMG\/logo\/pf_cp_p.jpg","width":1,"height":1},"large":{"url":"https:\/\/fr-images.igihe.com\/IMG\/logo\/pf_cp_p.jpg","width":1,"height":1},"full":{"url":"https:\/\/fr-images.igihe.com\/IMG\/logo\/pf_cp_p.jpg","width":0,"height":0}}},"_links":{"self":[{"href":"https:\/\/new.igihe.com\/french\/wp-json\/wp\/v2\/posts\/37610","targetHints":{"allow":["GET"]}}],"collection":[{"href":"https:\/\/new.igihe.com\/french\/wp-json\/wp\/v2\/posts"}],"about":[{"href":"https:\/\/new.igihe.com\/french\/wp-json\/wp\/v2\/types\/post"}],"author":[{"embeddable":true,"href":"https:\/\/new.igihe.com\/french\/wp-json\/wp\/v2\/users\/488"}],"replies":[{"embeddable":true,"href":"https:\/\/new.igihe.com\/french\/wp-json\/wp\/v2\/comments?post=37610"}],"version-history":[{"count":0,"href":"https:\/\/new.igihe.com\/french\/wp-json\/wp\/v2\/posts\/37610\/revisions"}],"wp:featuredmedia":[{"embeddable":true,"href":"https:\/\/new.igihe.com\/french\/wp-json\/wp\/v2\/media\/4000060933"}],"wp:attachment":[{"href":"https:\/\/new.igihe.com\/french\/wp-json\/wp\/v2\/media?parent=37610"}],"wp:term":[{"taxonomy":"category","embeddable":true,"href":"https:\/\/new.igihe.com\/french\/wp-json\/wp\/v2\/categories?post=37610"},{"taxonomy":"post_tag","embeddable":true,"href":"https:\/\/new.igihe.com\/french\/wp-json\/wp\/v2\/tags?post=37610"},{"taxonomy":"byline","embeddable":true,"href":"https:\/\/new.igihe.com\/french\/wp-json\/wp\/v2\/byline?post=37610"},{"taxonomy":"hashtag","embeddable":true,"href":"https:\/\/new.igihe.com\/french\/wp-json\/wp\/v2\/hashtag?post=37610"}],"curies":[{"name":"wp","href":"https:\/\/api.w.org\/{rel}","templated":true}]}}