{"id":37609,"date":"2025-05-10T11:04:59","date_gmt":"2025-05-10T11:04:59","guid":{"rendered":"https:\/\/new.igihe.com\/french\/Leon-XIV-contre-la-deliquescence-morale-et-l-oubli-de-Dieu-37609\/"},"modified":"2025-05-10T11:04:34","modified_gmt":"2025-05-10T11:04:34","slug":"Leon-XIV-contre-la-deliquescence-morale-et-l-oubli-de-Dieu","status":"publish","type":"post","link":"https:\/\/new.igihe.com\/french\/Leon-XIV-contre-la-deliquescence-morale-et-l-oubli-de-Dieu\/","title":{"rendered":"L\u00e9on XIV contre la d\u00e9liquescence morale et l\u2019oubli de Dieu"},"content":{"rendered":"<p>En refusant les enjolivements diplomatiques, les euph\u00e9mismes anesth\u00e9siants et la rh\u00e9torique consensuelle qui ont trop longtemps \u00e9mouss\u00e9 la parole pontificale, L\u00e9on XIV choisit l\u2019aust\u00e8re grandeur du verbe d\u00e9nu\u00e9 d\u2019ornements inutiles, une parole d\u00e9pouill\u00e9e, tranchante comme une \u00e9p\u00e9e, exigeante comme l\u2019\u00c9vangile. <\/p>\n<p>Ce n\u2019est point une v\u00e9rit\u00e9 accommod\u00e9e aux caprices de l\u2019air du temps, ni celle, molle et \u00e9dulcor\u00e9e, qui se plie \u00e0 la dictature de la sensibilit\u00e9 contemporaine ; c\u2019est celle, imm\u00e9moriale, qui d\u00e9range, qui accuse, qui sauve. <\/p>\n<p>En cela, son magist\u00e8re s\u2019inscrit dans la lign\u00e9e des grands t\u00e9moins de la foi qui, \u00e0 l\u2019instar des P\u00e8res du d\u00e9sert ou des confesseurs de la pers\u00e9cution, n\u2019h\u00e9sitaient pas \u00e0 jeter une lumi\u00e8re crue sur les t\u00e9n\u00e8bres int\u00e9rieures du monde. <\/p>\n<p>La \u00ab V\u00e9rit\u00e9 nue \u00bb, c\u2019est l\u2019antith\u00e8se de l\u2019\u00e8re du travestissement : elle ne s\u00e9duit pas, elle convertit ; elle ne cajole pas, elle r\u00e9v\u00e8le ; elle ne flatte pas, elle \u00e9l\u00e8ve. Le pontificat de L\u00e9on XIV pourrait bien, \u00e0 ce titre, marquer un tournant salutaire : celui o\u00f9 le Souverain Pontife cesse d\u2019\u00eatre un simple garant institutionnel pour redevenir, dans la force du verbe, l\u2019intranquille veilleur des \u00e2mes.<\/p>\n<p>Il est des paroles qui, lorsqu\u2019elles surgissent, tranchent dans le silence comme le glaive de feu \u00e0 l\u2019entr\u00e9e de l\u2019\u00c9den. En c\u00e9l\u00e9brant sa premi\u00e8re messe en tant que successeur de Pierre, le nouveau pape L\u00e9on XIV n\u2019a point choisi le balbutiement prudent ou la componction feutr\u00e9e des d\u00e9buts diplomatiques. Non. <\/p>\n<p>Sa parole fut vive, ac\u00e9r\u00e9e, sans ambages. Devant un monde gagn\u00e9 par le vertige de l\u2019illusion, il a nomm\u00e9 les idoles modernes sans fard : la technologie \u00e9rig\u00e9e en divinit\u00e9 omnisciente, l\u2019argent devenu fin en soi, le succ\u00e8s adul\u00e9 comme la seule b\u00e9atitude cr\u00e9dible, le pouvoir caress\u00e9 avec une lubricit\u00e9 spirituelle. <\/p>\n<p>En une phrase, le Souverain Pontife a pos\u00e9 les fondements d\u2019un pontificat d\u2019airain : celui de la franchise contre l\u2019imposture, de la v\u00e9rit\u00e9 contre les simulacres, de la foi authentique contre les s\u00e9ductions du si\u00e8cle.<\/p>\n<p>Dans un Occident repu et somnolent, o\u00f9 l\u2019homme postmoderne, tout \u00e0 ses algorithmes et \u00e0 ses plaisirs consommables, a fait de Dieu une simple option existentielle parmi d\u2019autres, la voix de L\u00e9on XIV r\u00e9sonne comme un rappel \u00e0 l\u2019ordre eschatologique. Il ne s&#8217;agit pas, pour ce Pape, de faire l\u2019apologie d\u2019une nostalgie r\u00e9actionnaire ou d\u2019id\u00e9aliser quelque pass\u00e9 mythifi\u00e9. <\/p>\n<p>Non : son discours inaugural t\u00e9moigne d\u2019une lucidit\u00e9 radicale sur l\u2019\u00e9tat de d\u00e9cr\u00e9pitude morale qui ronge l\u2019humanit\u00e9, non pas tant dans ses trag\u00e9dies visibles que dans l\u2019inversion souterraine de ses hi\u00e9rarchies spirituelles.<\/p>\n<p>Le diagnostic est s\u00e9v\u00e8re car il est vrai : la foi recule non parce qu\u2019elle est attaqu\u00e9e frontalement, mais parce qu\u2019elle est oubli\u00e9e, rel\u00e9gu\u00e9e, dissoute dans les conforts et les distractions.<\/p>\n<p>L\u00e9on XIV ne s\u2019adresse pas tant aux ennemis de l\u2019\u00c9glise qu\u2019\u00e0 ses enfants devenus ti\u00e8des, \u00e0 ces baptis\u00e9s amn\u00e9siques qui vivent comme si Dieu n\u2019existait pas, selon la fameuse formule de Pie XII. L\u2019enjeu, pour ce pontificat qui s\u2019annonce comme celui de la r\u00e9forme int\u00e9rieure plus encore que structurelle, sera de redresser les consciences, non par des slogans ou des formules creuses, mais par la vigueur d\u2019une parole proph\u00e9tique, par le rappel de l\u2019essentiel : la transcendance, la saintet\u00e9, le salut.<\/p>\n<p>Ce retour du langage fort, de la d\u00e9nonciation sans m\u00e9nagement de la perversion des m\u0153urs, marque une rupture avec les prudences diplomatiques de certains pr\u00e9d\u00e9cesseurs. Il y a chez L\u00e9on XIV quelque chose du Jean-Baptiste d\u00e9non\u00e7ant H\u00e9rode, ou de Paul sur l&#8217;Ar\u00e9opage : un refus de composer avec les puissances d\u2019illusion, un d\u00e9sir d\u2019arracher l\u2019homme contemporain \u00e0 sa torpeur m\u00e9taphysique. <\/p>\n<p>Ce n\u2019est pas un pape de l\u2019accommodement, mais un pasteur exigeant qui rappelle, \u00e0 l\u2019image de Beno\u00eet XVI, que la v\u00e9rit\u00e9 ne s\u2019impose pas par la violence mais qu\u2019elle s\u2019impose d\u2019elle-m\u00eame par sa clart\u00e9 inalt\u00e9rable.<\/p>\n<p>Son pontificat s\u2019annonce donc comme celui de la v\u00e9rit\u00e9 rendue audible dans un monde satur\u00e9 de bruit ; celui d\u2019un combat contre ce qu\u2019il faut bien nommer une apostasie rampante, o\u00f9 l\u2019on sacrifie la transcendance sur l\u2019autel du relativisme. Dans une \u00e9poque o\u00f9 la morale semble n\u00e9gociable et la dignit\u00e9 humaine, monnayable, il fallait un pape courageux, un veilleur lucide, un p\u00e8re spirituel qui ose appeler l\u2019homme \u00e0 sortir de l\u2019errance. L\u00e9on XIV semble vouloir incarner cette vocation sans fard.<\/p>\n<p>Il y a dans cette premi\u00e8re hom\u00e9lie un souffle de contre-courant, une hauteur que notre si\u00e8cle n\u2019ose plus fr\u00e9quenter. Elle ne flatte pas, elle r\u00e9veille. Elle n\u2019accompagne pas la d\u00e9mission, elle l\u2019expose. Elle ne conc\u00e8de rien \u00e0 l\u2019esprit du monde. Et c\u2019est l\u00e0, peut-\u00eatre, la plus haute des charit\u00e9s.<\/p>\n<p>Qu\u2019il s\u2019agisse d\u2019un tournant d\u00e9cisif ou d\u2019un sursaut \u00e9ph\u00e9m\u00e8re d\u00e9pendra non seulement de lui, mais aussi de l\u2019\u00c9glise toute enti\u00e8re, appel\u00e9e \u00e0 red\u00e9couvrir sa propre radicalit\u00e9. Car si le monde moderne est malade de la perte de Dieu, alors un pape m\u00e9decin n\u2019a d\u2019autre choix que de parler net, et de soigner au scalpel.<\/p>\n<figure class=\"spip-document spip-document-60932 aligncenter\"><img decoding=\"async\" src=\"https:\/\/fr.igihe.com\/IMG\/jpg\/pl-2.jpg\" alt=\"L\u00e9on XIV rejette les artifices diplomatiques pour une parole tranchante et fid\u00e8le \u00e0 l\u2019\u00c9vangile\" \/><\/figure>\n","protected":false},"excerpt":{"rendered":"<p>Ce nouveau pontificat, que d\u00e9j\u00e0 certains esprits \u00e9clair\u00e9s baptisent comme celui de la V\u00e9rit\u00e9 nue, s\u2019annonce tel un exorcisme spirituel dans une \u00e9poque hant\u00e9e par le mensonge diffus, les faux-semblants moraux et les dogmes profanes de la modernit\u00e9. <\/p>\n","protected":false},"author":488,"featured_media":4000060931,"comment_status":"open","ping_status":"open","sticky":false,"template":"","format":"standard","meta":{"footnotes":""},"categories":[7541],"tags":[7605],"byline":[9102],"hashtag":[],"class_list":["post-37609","post","type-post","status-publish","format-standard","has-post-thumbnail","hentry","category-religion","tag-homenews","byline-tite-gatabazi"],"bylines":[{"id":9102,"name":"Tite Gatabazi","slug":"tite-gatabazi","description":"","image":{"id":0,"url":"https:\/\/secure.gravatar.com\/avatar\/?s=96&d=mm&f=y&r=g","alt":"Default avatar","title":"Default avatar","caption":"","mime_type":"image\/jpeg","sizes":[]},"user_id":472}],"contributors":[{"id":9102,"name":"Tite Gatabazi","slug":"tite-gatabazi","description":"","image":{"id":0,"url":"https:\/\/secure.gravatar.com\/avatar\/?s=96&d=mm&f=y&r=g","alt":"Default avatar","title":"Default avatar","caption":"","mime_type":"image\/jpeg","sizes":[]},"user_id":472}],"featured_image":{"id":4000060931,"url":"https:\/\/fr-images.igihe.com\/IMG\/logo\/pl_cp.jpg","alt":"","caption":"","mime_type":"image\/jpeg","width":0,"height":0,"sizes":{"thumbnail":{"url":"https:\/\/fr-images.igihe.com\/IMG\/logo\/pl_cp.jpg","width":1,"height":1},"medium":{"url":"https:\/\/fr-images.igihe.com\/IMG\/logo\/pl_cp.jpg","width":1,"height":1},"medium_large":{"url":"https:\/\/fr-images.igihe.com\/IMG\/logo\/pl_cp.jpg","width":1,"height":1},"large":{"url":"https:\/\/fr-images.igihe.com\/IMG\/logo\/pl_cp.jpg","width":1,"height":1},"full":{"url":"https:\/\/fr-images.igihe.com\/IMG\/logo\/pl_cp.jpg","width":0,"height":0}}},"_links":{"self":[{"href":"https:\/\/new.igihe.com\/french\/wp-json\/wp\/v2\/posts\/37609","targetHints":{"allow":["GET"]}}],"collection":[{"href":"https:\/\/new.igihe.com\/french\/wp-json\/wp\/v2\/posts"}],"about":[{"href":"https:\/\/new.igihe.com\/french\/wp-json\/wp\/v2\/types\/post"}],"author":[{"embeddable":true,"href":"https:\/\/new.igihe.com\/french\/wp-json\/wp\/v2\/users\/488"}],"replies":[{"embeddable":true,"href":"https:\/\/new.igihe.com\/french\/wp-json\/wp\/v2\/comments?post=37609"}],"version-history":[{"count":0,"href":"https:\/\/new.igihe.com\/french\/wp-json\/wp\/v2\/posts\/37609\/revisions"}],"wp:featuredmedia":[{"embeddable":true,"href":"https:\/\/new.igihe.com\/french\/wp-json\/wp\/v2\/media\/4000060931"}],"wp:attachment":[{"href":"https:\/\/new.igihe.com\/french\/wp-json\/wp\/v2\/media?parent=37609"}],"wp:term":[{"taxonomy":"category","embeddable":true,"href":"https:\/\/new.igihe.com\/french\/wp-json\/wp\/v2\/categories?post=37609"},{"taxonomy":"post_tag","embeddable":true,"href":"https:\/\/new.igihe.com\/french\/wp-json\/wp\/v2\/tags?post=37609"},{"taxonomy":"byline","embeddable":true,"href":"https:\/\/new.igihe.com\/french\/wp-json\/wp\/v2\/byline?post=37609"},{"taxonomy":"hashtag","embeddable":true,"href":"https:\/\/new.igihe.com\/french\/wp-json\/wp\/v2\/hashtag?post=37609"}],"curies":[{"name":"wp","href":"https:\/\/api.w.org\/{rel}","templated":true}]}}