{"id":37608,"date":"2025-05-09T18:34:03","date_gmt":"2025-05-09T18:34:03","guid":{"rendered":"https:\/\/new.igihe.com\/french\/Le-FLN-vise-par-l-armee-burundaise-apres-son-refus-de-combattre-contre-le-M23-37608\/"},"modified":"2025-05-09T18:33:56","modified_gmt":"2025-05-09T18:33:56","slug":"Le-FLN-vise-par-l-armee-burundaise-apres-son-refus-de-combattre-contre-le-M23","status":"publish","type":"post","link":"https:\/\/new.igihe.com\/french\/Le-FLN-vise-par-l-armee-burundaise-apres-son-refus-de-combattre-contre-le-M23\/","title":{"rendered":"Le FLN vis\u00e9 par l\u2019arm\u00e9e burundaise apr\u00e8s son refus de combattre contre le M23"},"content":{"rendered":"<p>Selon plusieurs sources locales, les autorit\u00e9s militaires burundaises ont indiqu\u00e9 que l\u2019objectif de ces op\u00e9rations \u00e9tait de neutraliser les \u00e9l\u00e9ments du FLN retranch\u00e9s dans la commune de Mabayi. Cette intervention aurait \u00e9t\u00e9 motiv\u00e9e par le refus du groupe rebelle de coop\u00e9rer avec les troupes burundaises d\u00e9ploy\u00e9es en R\u00e9publique d\u00e9mocratique du Congo dans leur lutte contre la r\u00e9bellion du M23. Per\u00e7u comme une trahison par Bujumbura, cet acte aurait acc\u00e9l\u00e9r\u00e9 le d\u00e9clenchement de l\u2019intervention.<\/p>\n<p>\u00ab Ils disposaient d&#8217;un armement cons\u00e9quent, mais leur organisation laissait \u00e0 d\u00e9sirer. Nous avons exploit\u00e9 l&#8217;effet de surprise pour prendre l&#8217;avantage \u00bb, a affirm\u00e9 un capitaine burundais bas\u00e9 \u00e0 Kumuzungu, l&#8217;un des postes avanc\u00e9s de cette op\u00e9ration.  <\/p>\n<p>Les affrontements les plus violents ont eu lieu les 8 et 9 mars, ainsi que durant le week-end du 3 au 4 mai. L&#8217;arm\u00e9e burundaise a annonc\u00e9 la capture d&#8217;une trentaine de rebelles, actuellement d\u00e9tenus \u00e0 Bujumbura pour interrogatoire. Plusieurs soldats ont \u00e9galement affirm\u00e9 avoir d\u00e9couvert des rebelles bless\u00e9s, abandonn\u00e9s dans la for\u00eat.<\/p>\n<p>Outre les pertes humaines, les forces burundaises ont mis la main sur un arsenal compos\u00e9 de fusils d&#8217;assaut, de pistolets automatiques et de munitions. Les rebelles appr\u00e9hend\u00e9s ont confirm\u00e9 avoir quitt\u00e9 l&#8217;est de la RDC, apr\u00e8s avoir refus\u00e9 de s&#8217;int\u00e9grer aux FARDC et \u00e0 leurs alli\u00e9s, parmi lesquels figurent les FDLR, les milices Wazalendo et les troupes burundaises elles-m\u00eames.<\/p>\n<p>Le pr\u00e9sident \u00c9variste Ndayishimiye a reconnu la pr\u00e9sence continue de soldats burundais au Sud-Kivu, sans toutefois en divulguer le nombre exact. Cette coop\u00e9ration militaire r\u00e9gionale, qui se d\u00e9roule dans un contexte de tensions avec Kigali, contribue \u00e0 rendre la situation s\u00e9curitaire particuli\u00e8rement complexe.<\/p>\n<p>Les populations de Mabayi, longtemps confront\u00e9es aux exactions attribu\u00e9es au FLN \u2014 vols, extorsions, agressions sexuelles \u2014, ont accueilli  avec soulagement cette op\u00e9ration, tout en exprimant un vif espoir de voir la paix s\u2019installer durablement.<\/p>\n<p>\u00ab Nous aspirons \u00e0 tourner la page de la peur. Nous ne voulons plus de ces affrontements qui ont lieu dans cette for\u00eat voisine. \u00bb, a confi\u00e9 une habitante de Gafumbegeti.<\/p>\n<p>Jeanne Izomporera, administratrice communale, a confirm\u00e9 l\u2019\u00e9tendue de l\u2019op\u00e9ration militaire et a pr\u00e9cis\u00e9 que les corps des rebelles avaient rapidement \u00e9t\u00e9 inhum\u00e9s afin de pr\u00e9venir tout risque sanitaire.<\/p>\n<p>Parall\u00e8lement, ces derni\u00e8res ann\u00e9es ont \u00e9t\u00e9 marqu\u00e9es par l\u2019arrestation de plusieurs personnalit\u00e9s du parti au pouvoir, le CNDD-FDD, de membres influents des Imbonerakure et de responsables locaux \u2014 \u00e0 l\u2019instar de l\u2019ancien administrateur de Mabayi, Nicod\u00e8me Ndahabonyimana \u2014 accus\u00e9s d\u2019entretenir des liens \u00e9troits avec le FLN et les FDLR.<\/p>\n<p>Au-del\u00e0 des rivalit\u00e9s politiques, la for\u00eat de la Kibira repr\u00e9sente \u00e9galement un enjeu \u00e9conomique de taille. Riche en ressources naturelles, elle est au centre d\u2019un trafic d\u2019or ill\u00e9gal qui alimente les tensions et attise les convoitises de groupes rebelle dans la r\u00e9gion.<\/p>\n<figure class=\"spip-document spip-document-60930 aligncenter\"><img decoding=\"async\" src=\"https:\/\/fr.igihe.com\/IMG\/jpg\/fdnb-4.jpg\" alt=\"L\u2019arm\u00e9e burundaise affirme avoir port\u00e9 un coup dur au FLN, apr\u00e8s son refus de rejoindre ses rangs dans la lutte contre le M23\" \/><\/figure>\n","protected":false},"excerpt":{"rendered":"<p>Au terme d\u2019une vaste op\u00e9ration militaire men\u00e9e dans la for\u00eat de la Kibira, province de Cibitoke, l\u2019arm\u00e9e burundaise affirme avoir inflig\u00e9 un coup s\u00e9v\u00e8re au Front de Lib\u00e9ration Nationale (FLN), un groupe rebelle op\u00e9rant dans l\u2019ouest du Burundi. Les affrontements, qui se sont d\u00e9roul\u00e9s entre mars et d\u00e9but mai, auraient co\u00fbt\u00e9 la vie \u00e0 plus de 100 combattants.<\/p>\n","protected":false},"author":488,"featured_media":4000060929,"comment_status":"open","ping_status":"open","sticky":false,"template":"","format":"standard","meta":{"footnotes":""},"categories":[7540],"tags":[7605],"byline":[9865],"hashtag":[],"class_list":["post-37608","post","type-post","status-publish","format-standard","has-post-thumbnail","hentry","category-securite","tag-homenews","byline-alain-bertrand-tunezerwe"],"bylines":[{"id":9865,"name":"Alain Bertrand Tunezerwe","slug":"alain-bertrand-tunezerwe","description":"","image":{"id":0,"url":"https:\/\/secure.gravatar.com\/avatar\/?s=96&d=mm&f=y&r=g","alt":"Default avatar","title":"Default avatar","caption":"","mime_type":"image\/jpeg","sizes":[]},"user_id":452}],"contributors":[{"id":9865,"name":"Alain Bertrand Tunezerwe","slug":"alain-bertrand-tunezerwe","description":"","image":{"id":0,"url":"https:\/\/secure.gravatar.com\/avatar\/?s=96&d=mm&f=y&r=g","alt":"Default avatar","title":"Default avatar","caption":"","mime_type":"image\/jpeg","sizes":[]},"user_id":452}],"featured_image":{"id":4000060929,"url":"https:\/\/fr-images.igihe.com\/IMG\/logo\/fdnb_cp-3.jpg","alt":"","caption":"","mime_type":"image\/jpeg","width":0,"height":0,"sizes":{"thumbnail":{"url":"https:\/\/fr-images.igihe.com\/IMG\/logo\/fdnb_cp-3.jpg","width":1,"height":1},"medium":{"url":"https:\/\/fr-images.igihe.com\/IMG\/logo\/fdnb_cp-3.jpg","width":1,"height":1},"medium_large":{"url":"https:\/\/fr-images.igihe.com\/IMG\/logo\/fdnb_cp-3.jpg","width":1,"height":1},"large":{"url":"https:\/\/fr-images.igihe.com\/IMG\/logo\/fdnb_cp-3.jpg","width":1,"height":1},"full":{"url":"https:\/\/fr-images.igihe.com\/IMG\/logo\/fdnb_cp-3.jpg","width":0,"height":0}}},"_links":{"self":[{"href":"https:\/\/new.igihe.com\/french\/wp-json\/wp\/v2\/posts\/37608","targetHints":{"allow":["GET"]}}],"collection":[{"href":"https:\/\/new.igihe.com\/french\/wp-json\/wp\/v2\/posts"}],"about":[{"href":"https:\/\/new.igihe.com\/french\/wp-json\/wp\/v2\/types\/post"}],"author":[{"embeddable":true,"href":"https:\/\/new.igihe.com\/french\/wp-json\/wp\/v2\/users\/488"}],"replies":[{"embeddable":true,"href":"https:\/\/new.igihe.com\/french\/wp-json\/wp\/v2\/comments?post=37608"}],"version-history":[{"count":0,"href":"https:\/\/new.igihe.com\/french\/wp-json\/wp\/v2\/posts\/37608\/revisions"}],"wp:featuredmedia":[{"embeddable":true,"href":"https:\/\/new.igihe.com\/french\/wp-json\/wp\/v2\/media\/4000060929"}],"wp:attachment":[{"href":"https:\/\/new.igihe.com\/french\/wp-json\/wp\/v2\/media?parent=37608"}],"wp:term":[{"taxonomy":"category","embeddable":true,"href":"https:\/\/new.igihe.com\/french\/wp-json\/wp\/v2\/categories?post=37608"},{"taxonomy":"post_tag","embeddable":true,"href":"https:\/\/new.igihe.com\/french\/wp-json\/wp\/v2\/tags?post=37608"},{"taxonomy":"byline","embeddable":true,"href":"https:\/\/new.igihe.com\/french\/wp-json\/wp\/v2\/byline?post=37608"},{"taxonomy":"hashtag","embeddable":true,"href":"https:\/\/new.igihe.com\/french\/wp-json\/wp\/v2\/hashtag?post=37608"}],"curies":[{"name":"wp","href":"https:\/\/api.w.org\/{rel}","templated":true}]}}