{"id":37605,"date":"2025-05-09T12:54:11","date_gmt":"2025-05-09T12:54:11","guid":{"rendered":"https:\/\/new.igihe.com\/french\/L-ambassadeur-est-la-sentinelle-de-l-amitie-entre-les-peuples-37605\/"},"modified":"2025-05-09T12:52:58","modified_gmt":"2025-05-09T12:52:58","slug":"L-ambassadeur-est-la-sentinelle-de-l-amitie-entre-les-peuples","status":"publish","type":"post","link":"https:\/\/new.igihe.com\/french\/L-ambassadeur-est-la-sentinelle-de-l-amitie-entre-les-peuples\/","title":{"rendered":"L\u2019ambassadeur est la sentinelle de l\u2019amiti\u00e9 entre les peuples"},"content":{"rendered":"<p>Ainsi en fut-il de la pr\u00e9sentation des lettres de cr\u00e9ance par Son Excellence Festus Bizimana, nouvel ambassadeur du Rwanda, au pr\u00e9sident de la R\u00e9publique du S\u00e9n\u00e9gal, Son Excellence Bassirou Diomaye Diakhar Faye. <\/p>\n<p>Cet acte, en apparence formel, rev\u00eat en v\u00e9rit\u00e9 la majest\u00e9 d\u2019un serment discret, d\u2019une promesse incarn\u00e9e entre deux \u00c9tats, unis par les fils de l\u2019histoire, du respect mutuel et d\u2019une coop\u00e9ration f\u00e9conde.<\/p>\n<p>La fonction d\u2019ambassadeur, trop souvent r\u00e9duite aux apparats ou aux figures convenues du langage diplomatique, m\u00e9rite d\u2019\u00eatre r\u00e9habilit\u00e9e dans sa dimension \u00e9minemment noble. Car l\u2019ambassadeur n\u2019est pas un simple fonctionnaire, encore moins un ornement du corps diplomatique ; il est, en son essence, le d\u00e9positaire vivant de la souverainet\u00e9 de son pays, le messager pacifique de sa volont\u00e9, de sa culture et de ses int\u00e9r\u00eats l\u00e9gitimes. En territoire \u00e9tranger, il agit avec la prudence du sage, la loyaut\u00e9 du serviteur et la finesse du strat\u00e8ge. Il \u00e9coute, observe, comprend et tisse, patiemment, les fils d\u2019une entente durable.<\/p>\n<p>Dans le cas particulier du Rwanda et du S\u00e9n\u00e9gal, la mission de Son Excellence Festus Bizimana s\u2019inscrit dans une matrice relationnelle profond\u00e9ment fraternelle. Ces deux nations, que g\u00e9ographiquement s\u00e9parent des milliers de kilom\u00e8tres, se rejoignent dans une m\u00eame vision panafricaine fond\u00e9e sur la souverainet\u00e9 assum\u00e9e, la r\u00e9forme des institutions, l\u2019investissement dans la jeunesse, et le refus des tutelles anciennes. <\/p>\n<p>Sous l\u2019impulsion de dirigeants lucides et ancr\u00e9s dans les exigences contemporaines, ces pays \u0153uvrent \u00e0 une recomposition des rapports africains, lib\u00e9r\u00e9e des carcans n\u00e9ocoloniaux et tendue vers l\u2019interd\u00e9pendance solidaire.<\/p>\n<p>L\u2019ambassadeur Bizimana, par la remise de ses lettres de cr\u00e9ance dans le cadre fastueux et fraternel de cette c\u00e9r\u00e9monie s\u00e9n\u00e9galaise, devient d\u00e8s lors l\u2019interpr\u00e8te visible de cette alliance d\u2019excellence. Sa charge ne se limitera point \u00e0 la repr\u00e9sentation politique ; elle embrassera les domaines de la coop\u00e9ration \u00e9conomique, de la coordination s\u00e9curitaire, de la diplomatie sanitaire, de l\u2019\u00e9change universitaire, et m\u00eame, osons le dire, de la communion culturelle entre deux peuples qui croient, au fond, que l\u2019Afrique peut se penser et se construire par elle-m\u00eame, en se regardant dans ses propres miroirs.<\/p>\n<p>\u00catre ambassadeur dans un pays ami, c\u2019est donc plus que repr\u00e9senter : c\u2019est incarner la continuit\u00e9 de l\u2019amiti\u00e9, entretenir la flamme du dialogue et anticiper les malentendus avec l\u2019agilit\u00e9 du diplomate averti. <\/p>\n<p>C\u2019est aussi faire rayonner l\u2019image d\u2019une nation dans l\u2019imaginaire de l\u2019autre, en montrant ce qu\u2019elle a de plus noble, de plus humain, de plus universel. Dans une \u00e8re o\u00f9 les alliances v\u00e9ritables sont rares et souvent dict\u00e9es par des int\u00e9r\u00eats fugitifs, le lien entre le Rwanda et le S\u00e9n\u00e9gal, port\u00e9 par des envoy\u00e9s de cette trempe, appara\u00eet comme un mod\u00e8le de coop\u00e9ration lucide, \u00e9quilibr\u00e9e et visionnaire.<\/p>\n<p>La diplomatie n\u2019est point un th\u00e9\u00e2tre de convenances, mais le socle silencieux sur lequel reposent les ponts entre les civilisations. Et l\u2019ambassadeur, lorsqu\u2019il accomplit sa mission avec dignit\u00e9, loyaut\u00e9 et intelligence, devient le gardien d\u2019un pacte de paix, le b\u00e2tisseur d\u2019un avenir partag\u00e9, le h\u00e9raut discret d\u2019un continent qui se redresse.<\/p>\n<figure class=\"spip-document spip-document-60920 aligncenter\"><img decoding=\"async\" src=\"https:\/\/fr.igihe.com\/IMG\/jpg\/whatsapp_image_2025-05-09_at_09.55_30.jpg\" alt=\"Il est des gestes diplomatiques qui, par-del\u00e0 leur apparente solennit\u00e9 protocolaire, rec\u00e8lent une densit\u00e9 symbolique profonde\" \/><\/figure>\n<figure class=\"spip-document spip-document-60916 aligncenter\"><img decoding=\"async\" src=\"https:\/\/fr.igihe.com\/IMG\/jpg\/whatsapp_image_2025-05-09_at_09.55_36.jpg\" alt=\" Festus Bizimana a remis ses lettres de cr\u00e9ance au pr\u00e9sident de la R\u00e9publique du S\u00e9n\u00e9gal en tant que nouvel ambassadeur du Rwanda\" \/><\/figure>\n<figure class=\"spip-document spip-document-60918 aligncenter\"><img decoding=\"async\" src=\"https:\/\/fr.igihe.com\/IMG\/jpg\/whatsapp_image_2025-05-09_at_09.55_31.jpg\" alt=\"La mission Festus Bizimana s\u2019inscrit dans une matrice relationnelle profond\u00e9ment fraternelle\" \/><\/figure>\n<figure class=\"spip-document spip-document-60919 aligncenter\"><img decoding=\"async\" src=\"https:\/\/fr.igihe.com\/IMG\/jpg\/whatsapp_image_2025-05-09_at_09.55_32.jpg\" alt=\"\" \/><\/figure>\n<figure class=\"spip-document spip-document-60917 aligncenter\"><img decoding=\"async\" src=\"https:\/\/fr.igihe.com\/IMG\/jpg\/whatsapp_image_2025-05-09_at_09.55_35.jpg\" alt=\"L\u2019ambassadeur Bizimana devient d\u00e8s lors l\u2019interpr\u00e8te visible d&#039;une alliance d\u2019excellence \u00e9tablie entre le Rwanda et le S\u00e9n\u00e9gal\" \/><\/figure>\n","protected":false},"excerpt":{"rendered":"<p>Il est des gestes diplomatiques qui, par-del\u00e0 leur apparente solennit\u00e9 protocolaire, rec\u00e8lent une densit\u00e9 symbolique profonde, comme un rite silencieux liant les nations par les fibres invisibles de l&#8217;estime r\u00e9ciproque et du dessein commun. <\/p>\n","protected":false},"author":488,"featured_media":4000060915,"comment_status":"open","ping_status":"open","sticky":false,"template":"","format":"standard","meta":{"footnotes":""},"categories":[7544],"tags":[7605],"byline":[9102],"hashtag":[],"class_list":["post-37605","post","type-post","status-publish","format-standard","has-post-thumbnail","hentry","category-politique","tag-homenews","byline-tite-gatabazi"],"bylines":[{"id":9102,"name":"Tite Gatabazi","slug":"tite-gatabazi","description":"","image":{"id":0,"url":"https:\/\/secure.gravatar.com\/avatar\/?s=96&d=mm&f=y&r=g","alt":"Default avatar","title":"Default avatar","caption":"","mime_type":"image\/jpeg","sizes":[]},"user_id":472}],"contributors":[{"id":9102,"name":"Tite Gatabazi","slug":"tite-gatabazi","description":"","image":{"id":0,"url":"https:\/\/secure.gravatar.com\/avatar\/?s=96&d=mm&f=y&r=g","alt":"Default avatar","title":"Default avatar","caption":"","mime_type":"image\/jpeg","sizes":[]},"user_id":472}],"featured_image":{"id":4000060915,"url":"https:\/\/fr-images.igihe.com\/IMG\/logo\/cp_cp-5.jpg","alt":"","caption":"","mime_type":"image\/jpeg","width":0,"height":0,"sizes":{"thumbnail":{"url":"https:\/\/fr-images.igihe.com\/IMG\/logo\/cp_cp-5.jpg","width":1,"height":1},"medium":{"url":"https:\/\/fr-images.igihe.com\/IMG\/logo\/cp_cp-5.jpg","width":1,"height":1},"medium_large":{"url":"https:\/\/fr-images.igihe.com\/IMG\/logo\/cp_cp-5.jpg","width":1,"height":1},"large":{"url":"https:\/\/fr-images.igihe.com\/IMG\/logo\/cp_cp-5.jpg","width":1,"height":1},"full":{"url":"https:\/\/fr-images.igihe.com\/IMG\/logo\/cp_cp-5.jpg","width":0,"height":0}}},"_links":{"self":[{"href":"https:\/\/new.igihe.com\/french\/wp-json\/wp\/v2\/posts\/37605","targetHints":{"allow":["GET"]}}],"collection":[{"href":"https:\/\/new.igihe.com\/french\/wp-json\/wp\/v2\/posts"}],"about":[{"href":"https:\/\/new.igihe.com\/french\/wp-json\/wp\/v2\/types\/post"}],"author":[{"embeddable":true,"href":"https:\/\/new.igihe.com\/french\/wp-json\/wp\/v2\/users\/488"}],"replies":[{"embeddable":true,"href":"https:\/\/new.igihe.com\/french\/wp-json\/wp\/v2\/comments?post=37605"}],"version-history":[{"count":0,"href":"https:\/\/new.igihe.com\/french\/wp-json\/wp\/v2\/posts\/37605\/revisions"}],"wp:featuredmedia":[{"embeddable":true,"href":"https:\/\/new.igihe.com\/french\/wp-json\/wp\/v2\/media\/4000060915"}],"wp:attachment":[{"href":"https:\/\/new.igihe.com\/french\/wp-json\/wp\/v2\/media?parent=37605"}],"wp:term":[{"taxonomy":"category","embeddable":true,"href":"https:\/\/new.igihe.com\/french\/wp-json\/wp\/v2\/categories?post=37605"},{"taxonomy":"post_tag","embeddable":true,"href":"https:\/\/new.igihe.com\/french\/wp-json\/wp\/v2\/tags?post=37605"},{"taxonomy":"byline","embeddable":true,"href":"https:\/\/new.igihe.com\/french\/wp-json\/wp\/v2\/byline?post=37605"},{"taxonomy":"hashtag","embeddable":true,"href":"https:\/\/new.igihe.com\/french\/wp-json\/wp\/v2\/hashtag?post=37605"}],"curies":[{"name":"wp","href":"https:\/\/api.w.org\/{rel}","templated":true}]}}