{"id":37604,"date":"2025-05-09T12:31:20","date_gmt":"2025-05-09T12:31:20","guid":{"rendered":"https:\/\/new.igihe.com\/french\/Habemus-Papam-Un-nouveau-souverain-pontife-37604\/"},"modified":"2025-05-09T12:31:11","modified_gmt":"2025-05-09T12:31:11","slug":"Habemus-Papam-Un-nouveau-souverain-pontife","status":"publish","type":"post","link":"https:\/\/new.igihe.com\/french\/Habemus-Papam-Un-nouveau-souverain-pontife\/","title":{"rendered":"Habemus Papam ! Un nouveau souverain pontife"},"content":{"rendered":"<p>Le coll\u00e8ge des cardinaux, r\u00e9uni en conclave dans la solennit\u00e9 de la chapelle Sixtine, a \u00e9lu, en cette soir\u00e9e du 8 mai, Son \u00c9minence le cardinal Robert Francis Prevost, qui a choisi de r\u00e9gner sous le nom de L\u00e9on XIV, s&#8217;inscrivant dans une lign\u00e9e papale dont il est d\u00e9sormais le 267\u1d49 successeur. <\/p>\n<p>A 69 ans, cet homme d\u2019\u00c9glise discret mais inlassablement engag\u00e9 entre dans l\u2019histoire comme le premier souverain pontife issu de l\u2019am\u00e9rique du Nord, marquant une inflexion majeure dans le rapport g\u00e9ographique au pouvoir spirituel universel de l\u2019\u00c9glise catholique.<\/p>\n<p>Le monde entier retint son souffle \u00e0 18h10 lorsque la blancheur lib\u00e9ratrice de la fum\u00e9e s\u2019\u00e9leva au-dessus du Vatican, d\u00e9clenchant une clameur de ferveur sur la place Saint-Pierre, bruissant de milliers de pri\u00e8res en attente. Un peu plus d\u2019une heure plus tard, dans l\u2019embrasure du c\u00e9l\u00e8bre balcon basilical, la figure recueillie de L\u00e9on XIV se r\u00e9v\u00e9la \u00e0 la multitude, scellant la transition entre le pontificat de Fran\u00e7ois, disparu le 21 avril, et cette nouvelle page promise \u00e0 l&#8217;esp\u00e9rance et au discernement.<\/p>\n<p>N\u00e9 \u00e0 Chicago en 1955 de parents d\u2019origine fran\u00e7aise, L\u00e9on XIV est une figure \u00e0 la fois enracin\u00e9e dans l\u2019exp\u00e9rience pastorale et forg\u00e9e par les rigueurs de la formation intellectuelle. Entr\u00e9 dans l\u2019Ordre de Saint Augustin en 1977 apr\u00e8s des \u00e9tudes en math\u00e9matiques et philosophie \u00e0 Villanova, il fut ordonn\u00e9 pr\u00eatre \u00e0 Rome en 1982, puis docteur en droit canonique. Envoy\u00e9 tr\u00e8s t\u00f4t au P\u00e9rou, il y mena une mission ardente, fondant des paroisses, formant des clercs, enseignant et agissant en m\u00e9diateur dans des contextes politiques complexes. <\/p>\n<p>\u00c9v\u00eaque de Chiclayo de 2015 \u00e0 2023, il fut ensuite appel\u00e9 \u00e0 Rome par le pape Fran\u00e7ois pour pr\u00e9sider au Dicast\u00e8re pour les \u00c9v\u00eaques, veillant aux nominations \u00e9piscopales dans l\u2019h\u00e9misph\u00e8re Nord.<\/p>\n<p>Sa vision eccl\u00e9siale, nourrie d\u2019une sensibilit\u00e9 augustinienne \u00e0 la gr\u00e2ce et \u00e0 la communion, conjugue fervente synodalit\u00e9 et rigueur doctrinale. L\u00e9on XIV se veut le h\u00e9raut d\u2019une \u00c9glise \u00e0 la fois plus coll\u00e9giale et plus proche des p\u00e9riph\u00e9ries humaines, sans c\u00e9der aux tentations relativistes d\u2019un gouvernement d\u00e9mocratique de l\u2019institution. Il \u0153uvre pour une participation accrue des la\u00efcs, en particulier des femmes, aux processus de discernement eccl\u00e9sial, tout en r\u00e9affirmant les limites th\u00e9ologiques de l\u2019ordination. Sa position, \u00e9quilibr\u00e9e et parfois jug\u00e9e ambigu\u00eb, trahit une volont\u00e9 de concilier fid\u00e9lit\u00e9 \u00e0 la tradition et accueil du monde contemporain.<\/p>\n<p>Toutefois, l\u2019\u00e9l\u00e9vation de cet homme n\u2019est pas sans rappeler les ombres qui parfois effleurent m\u00eame les consciences les plus droites. Une controverse, datant de l\u2019an 2000, lorsqu\u2019il \u00e9tait provincial, ressurgit : il aurait alors permis l\u2019accueil d\u2019un religieux condamn\u00e9 pour abus, \u00e0 proximit\u00e9 d\u2019un \u00e9tablissement scolaire. Une d\u00e9cision aujourd\u2019hui critiqu\u00e9e, bien qu\u2019il ait, par la suite, appliqu\u00e9 avec rigueur les normes disciplinaires \u00e9dict\u00e9es par Rome en mati\u00e8re de lutte contre les abus.<\/p>\n<p>L\u00e9on XIV, \u00e0 l\u2019instar de son pr\u00e9d\u00e9cesseur, s\u2019inscrit dans une logique de r\u00e9forme prudente, de r\u00e9conciliation et d\u2019ouverture. Son \u00e9lection marque \u00e0 la fois une rupture g\u00e9ographique, l\u2019Am\u00e9rique acc\u00e8de au tr\u00f4ne de Pierre, et une continuit\u00e9 spirituelle : celle d\u2019une \u00c9glise en marche, soucieuse de sa mission dans un monde fragment\u00e9, mais fid\u00e8le \u00e0 l\u2019\u00c9vangile de la mis\u00e9ricorde.<\/p>\n<p>A l\u2019aube de ce nouveau pontificat, la barque de Pierre s\u2019appr\u00eate \u00e0 naviguer sous la houlette d\u2019un pasteur humble et r\u00e9solu, enracin\u00e9 dans les p\u00e9riph\u00e9ries et tourn\u00e9 vers l\u2019universel. <\/p>\n<p>Que L\u00e9on XIV soit pour le monde un signe de paix, de dialogue et de renouveau eccl\u00e9sial. Car Habemus Papam : et avec lui, peut-\u00eatre, un souffle nouveau sur les ailes de l\u2019Esprit.<\/p>\n<figure class=\"spip-document spip-document-60914 aligncenter\"><img decoding=\"async\" src=\"https:\/\/fr.igihe.com\/IMG\/jpg\/np.jpg\" alt=\"Ce 8 mai 2025, le cardinal Robert Francis Prevost a \u00e9t\u00e9 \u00e9lu pape sous le nom de L\u00e9on XIV\" \/><\/figure>\n","protected":false},"excerpt":{"rendered":"<p>La rumeur avait devanc\u00e9 la fum\u00e9e ; d\u00e9sormais, la certitude s\u2019est lev\u00e9e comme un encens au c\u0153ur de la Chr\u00e9tient\u00e9 : Habemus Papam ! <\/p>\n","protected":false},"author":488,"featured_media":4000060913,"comment_status":"open","ping_status":"open","sticky":false,"template":"","format":"standard","meta":{"footnotes":""},"categories":[7541],"tags":[7605],"byline":[9102],"hashtag":[],"class_list":["post-37604","post","type-post","status-publish","format-standard","has-post-thumbnail","hentry","category-religion","tag-homenews","byline-tite-gatabazi"],"bylines":[{"id":9102,"name":"Tite Gatabazi","slug":"tite-gatabazi","description":"","image":{"id":0,"url":"https:\/\/secure.gravatar.com\/avatar\/?s=96&d=mm&f=y&r=g","alt":"Default avatar","title":"Default avatar","caption":"","mime_type":"image\/jpeg","sizes":[]},"user_id":472}],"contributors":[{"id":9102,"name":"Tite Gatabazi","slug":"tite-gatabazi","description":"","image":{"id":0,"url":"https:\/\/secure.gravatar.com\/avatar\/?s=96&d=mm&f=y&r=g","alt":"Default avatar","title":"Default avatar","caption":"","mime_type":"image\/jpeg","sizes":[]},"user_id":472}],"featured_image":{"id":4000060913,"url":"https:\/\/fr-images.igihe.com\/IMG\/logo\/np_cp.jpg","alt":"","caption":"","mime_type":"image\/jpeg","width":0,"height":0,"sizes":{"thumbnail":{"url":"https:\/\/fr-images.igihe.com\/IMG\/logo\/np_cp.jpg","width":1,"height":1},"medium":{"url":"https:\/\/fr-images.igihe.com\/IMG\/logo\/np_cp.jpg","width":1,"height":1},"medium_large":{"url":"https:\/\/fr-images.igihe.com\/IMG\/logo\/np_cp.jpg","width":1,"height":1},"large":{"url":"https:\/\/fr-images.igihe.com\/IMG\/logo\/np_cp.jpg","width":1,"height":1},"full":{"url":"https:\/\/fr-images.igihe.com\/IMG\/logo\/np_cp.jpg","width":0,"height":0}}},"_links":{"self":[{"href":"https:\/\/new.igihe.com\/french\/wp-json\/wp\/v2\/posts\/37604","targetHints":{"allow":["GET"]}}],"collection":[{"href":"https:\/\/new.igihe.com\/french\/wp-json\/wp\/v2\/posts"}],"about":[{"href":"https:\/\/new.igihe.com\/french\/wp-json\/wp\/v2\/types\/post"}],"author":[{"embeddable":true,"href":"https:\/\/new.igihe.com\/french\/wp-json\/wp\/v2\/users\/488"}],"replies":[{"embeddable":true,"href":"https:\/\/new.igihe.com\/french\/wp-json\/wp\/v2\/comments?post=37604"}],"version-history":[{"count":0,"href":"https:\/\/new.igihe.com\/french\/wp-json\/wp\/v2\/posts\/37604\/revisions"}],"wp:featuredmedia":[{"embeddable":true,"href":"https:\/\/new.igihe.com\/french\/wp-json\/wp\/v2\/media\/4000060913"}],"wp:attachment":[{"href":"https:\/\/new.igihe.com\/french\/wp-json\/wp\/v2\/media?parent=37604"}],"wp:term":[{"taxonomy":"category","embeddable":true,"href":"https:\/\/new.igihe.com\/french\/wp-json\/wp\/v2\/categories?post=37604"},{"taxonomy":"post_tag","embeddable":true,"href":"https:\/\/new.igihe.com\/french\/wp-json\/wp\/v2\/tags?post=37604"},{"taxonomy":"byline","embeddable":true,"href":"https:\/\/new.igihe.com\/french\/wp-json\/wp\/v2\/byline?post=37604"},{"taxonomy":"hashtag","embeddable":true,"href":"https:\/\/new.igihe.com\/french\/wp-json\/wp\/v2\/hashtag?post=37604"}],"curies":[{"name":"wp","href":"https:\/\/api.w.org\/{rel}","templated":true}]}}