{"id":37603,"date":"2025-05-08T22:40:22","date_gmt":"2025-05-08T22:40:22","guid":{"rendered":"https:\/\/new.igihe.com\/french\/Un-nouveau-pape-a-la-tete-de-l-Eglise-catholique-37603\/"},"modified":"2025-05-12T14:40:24","modified_gmt":"2025-05-12T14:40:24","slug":"Un-nouveau-pape-a-la-tete-de-l-Eglise-catholique","status":"publish","type":"post","link":"https:\/\/new.igihe.com\/french\/Un-nouveau-pape-a-la-tete-de-l-Eglise-catholique\/","title":{"rendered":"Un nouveau pape \u00e0 la t\u00eate de l\u2019\u00c9glise catholique"},"content":{"rendered":"<p>C&#8217;est dans la soir\u00e9e de ce jeudi 8 mai 2025, que la fum\u00e9e blanche s\u2019est \u00e9lev\u00e9e, signant la fin du conclave et indiquant l\u2019\u00e9lection du nouveau souverain pontife. Au terme du quatri\u00e8me tour de scrutin, tenu lors du deuxi\u00e8me jour de d\u00e9lib\u00e9rations, les 133 cardinaux \u00e9lecteurs ont choisi le cardinal Robert Francis Prevost, 69 ans, originaire des \u00c9tats-Unis.<\/p>\n<p>Le nouveau pape a choisi le nom de L\u00e9on XIV, devenant ainsi le 267e successeur de l\u2019ap\u00f4tre saint Pierre et le premier souverain pontife originaire d\u2019Am\u00e9rique du Nord. Il succ\u00e8de au pape Fran\u00e7ois, d\u00e9c\u00e9d\u00e9 le 21 avril 2025, apr\u00e8s douze ann\u00e9es de pontificat.<\/p>\n<p>Depuis le balcon de la basilique Saint-Pierre, Mgr Dominique Mamberti a annonc\u00e9 la nouvelle au monde entier : \u00ab Habemus Papam \u00bb, a-t-il procclam\u00e9, ce qui signifie \u00ab Nous avons un pape \u00bb en latin.<\/p>\n<p>N\u00e9 \u00e0 Chicago en 1955, le cardinal Robert Francis Prevost occupait, jusqu\u2019\u00e0 son \u00e9lection, les fonctions de pr\u00e9fet du Dicast\u00e8re pour les \u00e9v\u00eaques, l\u2019un des postes les plus influents de la Curie romaine. Il a consacr\u00e9 pr\u00e8s de vingt ans de sa vie au service missionnaire au P\u00e9rou, o\u00f9 il a exerc\u00e9 en tant qu\u2019\u00e9v\u00eaque de Chiclayo. C&#8217;est en janvier 2023 qu&#8217;il avait \u00e9t\u00e9 nomm\u00e9 cardinal par le pape Fran\u00e7ois.<\/p>\n<figure class=\"spip-document spip-document-60912 aligncenter\"><img decoding=\"async\" src=\"https:\/\/fr.igihe.com\/IMG\/png\/pp.png\" alt=\"Le cardinal Robert Francis Prevost a \u00e9t\u00e9 \u00e9lu nouveau souverain pontife de l\u2019\u00c9glise catholique \" \/><\/figure>\n<figure class=\"spip-document spip-document-60911 aligncenter\"><img decoding=\"async\" src=\"https:\/\/fr.igihe.com\/IMG\/webp\/p1.webp\" alt=\"C&#039;est dans la soir\u00e9e de ce jeudi 8 mai 2025, que la fum\u00e9e blanche s\u2019est \u00e9lev\u00e9e au-dessus de la Chapelle Sixtine\" \/><\/figure>\n<figure class=\"spip-document spip-document-60909 aligncenter\"><img decoding=\"async\" src=\"https:\/\/fr.igihe.com\/IMG\/webp\/p2-2.webp\" alt=\"Une foule immense \u00e9tait rassembl\u00e9e devant la basilique Saint-Pierre\" \/><\/figure>\n<figure class=\"spip-document spip-document-60910 aligncenter\"><img decoding=\"async\" src=\"https:\/\/fr.igihe.com\/IMG\/jpg\/p3-4.jpg\" alt=\"Le cardinal Robert Francis Prevost devient le 267e successeur de l\u2019ap\u00f4tre saint Pierre et le premier souverain pontife originaire d\u2019Am\u00e9rique du Nord\" \/><\/figure>\n","protected":false},"excerpt":{"rendered":"<p>R\u00e9uni dans la Chapelle Sixtine au Vatican, le Coll\u00e8ge des 133 cardinaux a \u00e9lu le nouveau souverain pontife de l\u2019\u00c9glise catholique : le cardinal Robert Francis Prevost.<\/p>\n","protected":false},"author":488,"featured_media":4000060908,"comment_status":"open","ping_status":"open","sticky":false,"template":"","format":"standard","meta":{"footnotes":""},"categories":[7541],"tags":[7605],"byline":[9865],"hashtag":[],"class_list":["post-37603","post","type-post","status-publish","format-standard","has-post-thumbnail","hentry","category-religion","tag-homenews","byline-alain-bertrand-tunezerwe"],"bylines":[{"id":9865,"name":"Alain Bertrand Tunezerwe","slug":"alain-bertrand-tunezerwe","description":"","image":{"id":0,"url":"https:\/\/secure.gravatar.com\/avatar\/?s=96&d=mm&f=y&r=g","alt":"Default avatar","title":"Default avatar","caption":"","mime_type":"image\/jpeg","sizes":[]},"user_id":452}],"contributors":[{"id":9865,"name":"Alain Bertrand Tunezerwe","slug":"alain-bertrand-tunezerwe","description":"","image":{"id":0,"url":"https:\/\/secure.gravatar.com\/avatar\/?s=96&d=mm&f=y&r=g","alt":"Default avatar","title":"Default avatar","caption":"","mime_type":"image\/jpeg","sizes":[]},"user_id":452}],"featured_image":{"id":4000060908,"url":"https:\/\/fr-images.igihe.com\/IMG\/logo\/p_cp.png","alt":"","caption":"","mime_type":"image\/png","width":0,"height":0,"sizes":{"thumbnail":{"url":"https:\/\/fr-images.igihe.com\/IMG\/logo\/p_cp.png","width":1,"height":1},"medium":{"url":"https:\/\/fr-images.igihe.com\/IMG\/logo\/p_cp.png","width":1,"height":1},"medium_large":{"url":"https:\/\/fr-images.igihe.com\/IMG\/logo\/p_cp.png","width":1,"height":1},"large":{"url":"https:\/\/fr-images.igihe.com\/IMG\/logo\/p_cp.png","width":1,"height":1},"full":{"url":"https:\/\/fr-images.igihe.com\/IMG\/logo\/p_cp.png","width":0,"height":0}}},"_links":{"self":[{"href":"https:\/\/new.igihe.com\/french\/wp-json\/wp\/v2\/posts\/37603","targetHints":{"allow":["GET"]}}],"collection":[{"href":"https:\/\/new.igihe.com\/french\/wp-json\/wp\/v2\/posts"}],"about":[{"href":"https:\/\/new.igihe.com\/french\/wp-json\/wp\/v2\/types\/post"}],"author":[{"embeddable":true,"href":"https:\/\/new.igihe.com\/french\/wp-json\/wp\/v2\/users\/488"}],"replies":[{"embeddable":true,"href":"https:\/\/new.igihe.com\/french\/wp-json\/wp\/v2\/comments?post=37603"}],"version-history":[{"count":0,"href":"https:\/\/new.igihe.com\/french\/wp-json\/wp\/v2\/posts\/37603\/revisions"}],"wp:featuredmedia":[{"embeddable":true,"href":"https:\/\/new.igihe.com\/french\/wp-json\/wp\/v2\/media\/4000060908"}],"wp:attachment":[{"href":"https:\/\/new.igihe.com\/french\/wp-json\/wp\/v2\/media?parent=37603"}],"wp:term":[{"taxonomy":"category","embeddable":true,"href":"https:\/\/new.igihe.com\/french\/wp-json\/wp\/v2\/categories?post=37603"},{"taxonomy":"post_tag","embeddable":true,"href":"https:\/\/new.igihe.com\/french\/wp-json\/wp\/v2\/tags?post=37603"},{"taxonomy":"byline","embeddable":true,"href":"https:\/\/new.igihe.com\/french\/wp-json\/wp\/v2\/byline?post=37603"},{"taxonomy":"hashtag","embeddable":true,"href":"https:\/\/new.igihe.com\/french\/wp-json\/wp\/v2\/hashtag?post=37603"}],"curies":[{"name":"wp","href":"https:\/\/api.w.org\/{rel}","templated":true}]}}