{"id":37591,"date":"2025-05-08T10:58:42","date_gmt":"2025-05-08T10:58:42","guid":{"rendered":"https:\/\/new.igihe.com\/french\/Les-comptables-appeles-a-contribuer-au-developpement-de-l-Afrique-37591\/"},"modified":"2025-05-08T10:41:41","modified_gmt":"2025-05-08T10:41:41","slug":"Les-comptables-appeles-a-contribuer-au-developpement-de-l-Afrique","status":"publish","type":"post","link":"https:\/\/new.igihe.com\/french\/Les-comptables-appeles-a-contribuer-au-developpement-de-l-Afrique\/","title":{"rendered":"Les comptables, appel\u00e9s \u00e0 contribuer au d\u00e9veloppement de l&#8217;Afrique"},"content":{"rendered":"<p>Le ministre a mis en avant ces points lors de la c\u00e9r\u00e9monie d&#8217;ouverture du &#8216;Congr\u00e8s africain des comptables (ACOA)&#8217;, conf\u00e9rence panafricaine d\u00e9di\u00e9e \u00e0 la comptabilit\u00e9 professionnelle qui se d\u00e9roule du 6 au 9 mai 2025 \u00e0 Kigali, et qui a rassembl\u00e9 plus de 2 000 participants venus de l&#8217;ensemble du continent africain et du monde.<\/p>\n<p>La conf\u00e9rence, qui s&#8217;articule autour du th\u00e8me &#8220;Cr\u00e9er de la valeur pour l&#8217;Afrique&#8221;, s&#8217;aligne parfaitement avec la vision du continent telle qu&#8217;\u00e9nonc\u00e9e dans l&#8217;Agenda 2063, ainsi qu&#8217;avec l&#8217;ambition du Rwanda d&#8217;atteindre un d\u00e9veloppement durable d&#8217;ici 2050.<\/p>\n<p>Le ministre Murangwa a soulign\u00e9 que l&#8217;Afrique traverse une phase cruciale, marqu\u00e9e par des d\u00e9fis \u00e9conomiques, des r\u00e9percussions dues aux changements climatiques et d&#8217;autres probl\u00e9matiques. Il a \u00e9galement \u00e9voqu\u00e9 les nombreuses opportunit\u00e9s qui s&#8217;offrent au continent, notamment au niveau de la croissance d\u00e9mographique des jeunes et \u00e0 la collaboration \u00e9troite entre les nations africaines.<\/p>\n<p>Il a insist\u00e9 sur le r\u00f4le essentiel des comptables professionnels dans le d\u00e9veloppement de l&#8217;Afrique, tout en soulignant la n\u00e9cessit\u00e9 d&#8217;agir avec transparence et promouvoir des pratiques durables dans les secteurs public et priv\u00e9.<\/p>\n<p>&#8220;L&#8217;Afrique a besoin de professionnels exp\u00e9riment\u00e9s, aptes \u00e0 mener des r\u00e9formes, \u00e0 d\u00e9fendre les int\u00e9r\u00eats communs et prodiguer des conseils \u00e9clair\u00e9s qui engendrent une valeur concr\u00e8te et des retomb\u00e9es positives dans le secteur financier.&#8221; a-t-il ajout\u00e9. <\/p>\n<p>Le ministre Murangwa a exprim\u00e9 sa reconnaissance envers &#8221; l&#8217;Ordre des comptables professionnels du Rwanda (ICPAR) &#8221; et les autres partenaires pour l&#8217;organisation de ce congr\u00e8s, soulignant son importance en tant que forum d&#8217;\u00e9change d&#8217;id\u00e9es et de valorisation de la profession comptable.<\/p>\n<p>Le pr\u00e9sident de l&#8217;Association des comptables d&#8217;Afrique (PAFA), Keto N. Kayemba, a exprim\u00e9 leur ambition de former des comptables int\u00e8gres, comp\u00e9tents en technologies, engag\u00e9s dans le d\u00e9veloppement durable et capables de r\u00e9soudre les d\u00e9fis et saisir les opportunit\u00e9s en Afrique.<\/p>\n<p>&#8220;En unissant nos efforts, nous pouvons b\u00e2tir l&#8217;Afrique que nous aspirons \u00e0 voir. Notre profession de comptable ne doit pas se contenter de s&#8217;adapter aux changements, elle doit en \u00eatre le moteur. Chers coll\u00e8gues, l&#8217;ampleur de la t\u00e2che est \u00e0 la mesure de nos talents, de notre d\u00e9termination, de notre \u00e9nergie et de notre esprit de coop\u00e9ration. Ensemble, nous sommes pr\u00eats \u00e0 r\u00e9ussir.&#8221; a-t-il ajout\u00e9 avec conviction.<\/p>\n<figure class=\"spip-document spip-document-60873 aligncenter\"><img decoding=\"async\" src=\"https:\/\/fr.igihe.com\/IMG\/jpg\/ym-6.jpg\" alt=\"Le ministre des Finances a indiqu\u00e9 que la profession de comptable constitue un pilier pour l\u2019Afrique dans sa qu\u00eate de d\u00e9veloppement durable\" \/><\/figure>\n","protected":false},"excerpt":{"rendered":"<p>Le ministre des Finances et de la Planification, Yusuf Murangwa, a indiqu\u00e9 que la profession de comptable constitue un pilier fondamental pour l&#8217;Afrique dans sa qu\u00eate de d\u00e9veloppement durable, reposant sur des valeurs essentielles telles que l&#8217;int\u00e9grit\u00e9, la v\u00e9rit\u00e9 et une analyse rigoureuse.<\/p>\n","protected":false},"author":488,"featured_media":4000060872,"comment_status":"open","ping_status":"open","sticky":false,"template":"","format":"standard","meta":{"footnotes":""},"categories":[7528],"tags":[7605],"byline":[7717],"hashtag":[],"class_list":["post-37591","post","type-post","status-publish","format-standard","has-post-thumbnail","hentry","category-economie-2","tag-homenews","byline-igihe"],"bylines":[{"id":7717,"name":"IGIHE","slug":"igihe","description":"","image":{"id":0,"url":"https:\/\/secure.gravatar.com\/avatar\/?s=96&d=mm&f=y&r=g","alt":"Default avatar","title":"Default avatar","caption":"","mime_type":"image\/jpeg","sizes":[]},"user_id":393}],"contributors":[{"id":7717,"name":"IGIHE","slug":"igihe","description":"","image":{"id":0,"url":"https:\/\/secure.gravatar.com\/avatar\/?s=96&d=mm&f=y&r=g","alt":"Default avatar","title":"Default avatar","caption":"","mime_type":"image\/jpeg","sizes":[]},"user_id":393}],"featured_image":{"id":4000060872,"url":"https:\/\/fr-images.igihe.com\/IMG\/logo\/ym_cp-5.jpg","alt":"","caption":"","mime_type":"image\/jpeg","width":0,"height":0,"sizes":{"thumbnail":{"url":"https:\/\/fr-images.igihe.com\/IMG\/logo\/ym_cp-5.jpg","width":1,"height":1},"medium":{"url":"https:\/\/fr-images.igihe.com\/IMG\/logo\/ym_cp-5.jpg","width":1,"height":1},"medium_large":{"url":"https:\/\/fr-images.igihe.com\/IMG\/logo\/ym_cp-5.jpg","width":1,"height":1},"large":{"url":"https:\/\/fr-images.igihe.com\/IMG\/logo\/ym_cp-5.jpg","width":1,"height":1},"full":{"url":"https:\/\/fr-images.igihe.com\/IMG\/logo\/ym_cp-5.jpg","width":0,"height":0}}},"_links":{"self":[{"href":"https:\/\/new.igihe.com\/french\/wp-json\/wp\/v2\/posts\/37591","targetHints":{"allow":["GET"]}}],"collection":[{"href":"https:\/\/new.igihe.com\/french\/wp-json\/wp\/v2\/posts"}],"about":[{"href":"https:\/\/new.igihe.com\/french\/wp-json\/wp\/v2\/types\/post"}],"author":[{"embeddable":true,"href":"https:\/\/new.igihe.com\/french\/wp-json\/wp\/v2\/users\/488"}],"replies":[{"embeddable":true,"href":"https:\/\/new.igihe.com\/french\/wp-json\/wp\/v2\/comments?post=37591"}],"version-history":[{"count":0,"href":"https:\/\/new.igihe.com\/french\/wp-json\/wp\/v2\/posts\/37591\/revisions"}],"wp:featuredmedia":[{"embeddable":true,"href":"https:\/\/new.igihe.com\/french\/wp-json\/wp\/v2\/media\/4000060872"}],"wp:attachment":[{"href":"https:\/\/new.igihe.com\/french\/wp-json\/wp\/v2\/media?parent=37591"}],"wp:term":[{"taxonomy":"category","embeddable":true,"href":"https:\/\/new.igihe.com\/french\/wp-json\/wp\/v2\/categories?post=37591"},{"taxonomy":"post_tag","embeddable":true,"href":"https:\/\/new.igihe.com\/french\/wp-json\/wp\/v2\/tags?post=37591"},{"taxonomy":"byline","embeddable":true,"href":"https:\/\/new.igihe.com\/french\/wp-json\/wp\/v2\/byline?post=37591"},{"taxonomy":"hashtag","embeddable":true,"href":"https:\/\/new.igihe.com\/french\/wp-json\/wp\/v2\/hashtag?post=37591"}],"curies":[{"name":"wp","href":"https:\/\/api.w.org\/{rel}","templated":true}]}}