{"id":37589,"date":"2025-05-07T14:23:25","date_gmt":"2025-05-07T14:23:25","guid":{"rendered":"https:\/\/new.igihe.com\/french\/Le-siege-vacant-de-Saint-Pierre-37589\/"},"modified":"2025-05-07T14:22:15","modified_gmt":"2025-05-07T14:22:15","slug":"Le-siege-vacant-de-Saint-Pierre","status":"publish","type":"post","link":"https:\/\/new.igihe.com\/french\/Le-siege-vacant-de-Saint-Pierre\/","title":{"rendered":"Le si\u00e8ge vacant de Saint Pierre"},"content":{"rendered":"<p>Ainsi s\u2019\u00e9branle, dans le huis clos sacr\u00e9 de l\u2019\u00c9glise, l\u2019une des plus anciennes et plus secr\u00e8tes proc\u00e9dures \u00e9lectorales du monde, qui fait se conjuguer pri\u00e8re, strat\u00e9gie, inspiration divine et luttes d\u2019influence dans l\u2019attente d\u2019un nom, d\u2019un souffle, d\u2019une vision.<\/p>\n<p>Ce jour inaugural verra s\u2019accomplir le premier scrutin, \u00e0 l\u2019issue duquel il est peu probable que se d\u00e9gage une majorit\u00e9 des deux tiers, soit 89 suffrages sur les 132 attendus, seuil indispensable \u00e0 la proclamation du nouvel \u00e9v\u00eaque de Rome. Ce premier tour, traditionnellement r\u00e9v\u00e9lateur de la configuration des forces en pr\u00e9sence, permet d\u2019identifier les grandes tendances : conservateurs ou r\u00e9formateurs, latins ou orientaux, voix du Nord global ou souffle du Sud \u00e9mancip\u00e9, autant de clivages qui s\u2019invitent dans cette joute feutr\u00e9e entre pourpre cardinalice et encens liturgique.<\/p>\n<p>Les P\u00e8res \u00e9lecteurs seront soumis \u00e0 un isolement d\u2019une rigueur absolue, comme le veut la tradition instaur\u00e9e pour pr\u00e9server la puret\u00e9 de leur discernement. Aucun t\u00e9l\u00e9phone portable ne franchira les murailles du conclave, et les r\u00e9seaux de communication seront drastiquement interrompus. C\u2019est l\u00e0 un temps suspendu, soustrait au tumulte du monde, une retraite monastique o\u00f9 le silence de la pri\u00e8re se fait \u00e9crin du murmure de l&#8217;Esprit. Il n\u2019y aura ni fuite, ni indiscr\u00e9tion : seule la fum\u00e9e s\u2019\u00e9l\u00e8vera au ciel, blanche ou noire, telle une \u00e9nigme adress\u00e9e \u00e0 l\u2019univers.<\/p>\n<p>Mais derri\u00e8re ce rituel s\u00e9culaire, c\u2019est tout un enjeu g\u00e9opolitique, doctrinal et pastoral qui s\u2019esquisse. D\u2019Afrique, d\u2019Asie, d\u2019Am\u00e9rique latine, d\u2019Europe centrale ou m\u00e9ridionale pourraient \u00e9merger des profils aux accents distincts, r\u00e9v\u00e9lateurs de l\u2019\u00e9volution du centre de gravit\u00e9 de la catholicit\u00e9. <\/p>\n<p>Les sp\u00e9culations vont bon train : le prochain pape portera-t-il l\u2019empreinte d\u2019une tradition intransigeante, restauratrice des formes doctrinales et liturgiques du pass\u00e9 ? Ou incarnera-t-il la continuit\u00e9 r\u00e9formiste du pontificat de Fran\u00e7ois, port\u00e9 par les p\u00e9riph\u00e9ries, le dialogue interreligieux et les luttes sociales ?<\/p>\n<p>Qu\u2019il vienne du vieux continent ou des terres enfi\u00e9vr\u00e9es du Sud global, qu\u2019il soit homme d\u2019\u00e9tude ou de terrain, mystique ou diplomate, le nouveau pontife devra faire face \u00e0 un monde fractur\u00e9, \u00e0 une \u00c9glise travers\u00e9e par les tensions, secou\u00e9e par la s\u00e9cularisation, la crise des abus, la d\u00e9fiance envers les institutions. <\/p>\n<p>Il lui reviendra de r\u00e9affirmer le r\u00f4le du successeur de Pierre dans un temps de grande dislocation morale et politique, de ranimer la flamme d\u2019un message universel sans en amoindrir l\u2019exigence, d\u2019incarner l\u2019esp\u00e9rance sans c\u00e9der \u00e0 la mollesse.<\/p>\n<p>Le conclave, dans sa discr\u00e9tion solennelle, se veut le lieu d\u2019une \u00e9coute ardente : celle de Dieu, mais aussi du monde. L\u2019\u00c9glise catholique, qui ne vit ni dans l\u2019ombre des \u00c9tats ni dans les palinodies m\u00e9diatiques, mais dans l\u2019\u00e9paisseur des si\u00e8cles, attend aujourd\u2019hui un pasteur capable d\u2019unir les peuples, d\u2019enseigner avec autorit\u00e9, et d\u2019aimer sans rel\u00e2che. <\/p>\n<p>\u00c0 l\u2019heure o\u00f9 le ciel de Rome guette la prochaine volute de fum\u00e9e, c\u2019est l\u2019histoire qui retient son souffle.<\/p>\n<figure class=\"spip-document spip-document-60869 aligncenter\"><img decoding=\"async\" src=\"https:\/\/fr.igihe.com\/IMG\/jpg\/vat.jpg\" alt=\"La Cit\u00e9 du Vatican s\u2019appr\u00eate \u00e0 rev\u00eatir les solennit\u00e9s du myst\u00e8re et de la gravit\u00e9 \" \/><\/figure>\n","protected":false},"excerpt":{"rendered":"<p>Ce mercredi, la Cit\u00e9 du Vatican s\u2019appr\u00eate \u00e0 rev\u00eatir les solennit\u00e9s du myst\u00e8re et de la gravit\u00e9 : le conclave s\u2019ouvre, convoquant dans l\u2019\u00e9crin silencieux de la Chapelle Sixtine les cent vingt cardinaux \u00e9lecteurs, appel\u00e9s \u00e0 d\u00e9signer le successeur du pape Fran\u00e7ois, rappel\u00e9 \u00e0 Dieu le 21 avril dernier. <\/p>\n","protected":false},"author":488,"featured_media":4000060868,"comment_status":"open","ping_status":"open","sticky":false,"template":"","format":"standard","meta":{"footnotes":""},"categories":[7541],"tags":[7605],"byline":[9102],"hashtag":[],"class_list":["post-37589","post","type-post","status-publish","format-standard","has-post-thumbnail","hentry","category-religion","tag-homenews","byline-tite-gatabazi"],"bylines":[{"id":9102,"name":"Tite Gatabazi","slug":"tite-gatabazi","description":"","image":{"id":0,"url":"https:\/\/secure.gravatar.com\/avatar\/?s=96&d=mm&f=y&r=g","alt":"Default avatar","title":"Default avatar","caption":"","mime_type":"image\/jpeg","sizes":[]},"user_id":472}],"contributors":[{"id":9102,"name":"Tite Gatabazi","slug":"tite-gatabazi","description":"","image":{"id":0,"url":"https:\/\/secure.gravatar.com\/avatar\/?s=96&d=mm&f=y&r=g","alt":"Default avatar","title":"Default avatar","caption":"","mime_type":"image\/jpeg","sizes":[]},"user_id":472}],"featured_image":{"id":4000060868,"url":"https:\/\/fr-images.igihe.com\/IMG\/logo\/vat_cp.jpg","alt":"","caption":"","mime_type":"image\/jpeg","width":0,"height":0,"sizes":{"thumbnail":{"url":"https:\/\/fr-images.igihe.com\/IMG\/logo\/vat_cp.jpg","width":1,"height":1},"medium":{"url":"https:\/\/fr-images.igihe.com\/IMG\/logo\/vat_cp.jpg","width":1,"height":1},"medium_large":{"url":"https:\/\/fr-images.igihe.com\/IMG\/logo\/vat_cp.jpg","width":1,"height":1},"large":{"url":"https:\/\/fr-images.igihe.com\/IMG\/logo\/vat_cp.jpg","width":1,"height":1},"full":{"url":"https:\/\/fr-images.igihe.com\/IMG\/logo\/vat_cp.jpg","width":0,"height":0}}},"_links":{"self":[{"href":"https:\/\/new.igihe.com\/french\/wp-json\/wp\/v2\/posts\/37589","targetHints":{"allow":["GET"]}}],"collection":[{"href":"https:\/\/new.igihe.com\/french\/wp-json\/wp\/v2\/posts"}],"about":[{"href":"https:\/\/new.igihe.com\/french\/wp-json\/wp\/v2\/types\/post"}],"author":[{"embeddable":true,"href":"https:\/\/new.igihe.com\/french\/wp-json\/wp\/v2\/users\/488"}],"replies":[{"embeddable":true,"href":"https:\/\/new.igihe.com\/french\/wp-json\/wp\/v2\/comments?post=37589"}],"version-history":[{"count":0,"href":"https:\/\/new.igihe.com\/french\/wp-json\/wp\/v2\/posts\/37589\/revisions"}],"wp:featuredmedia":[{"embeddable":true,"href":"https:\/\/new.igihe.com\/french\/wp-json\/wp\/v2\/media\/4000060868"}],"wp:attachment":[{"href":"https:\/\/new.igihe.com\/french\/wp-json\/wp\/v2\/media?parent=37589"}],"wp:term":[{"taxonomy":"category","embeddable":true,"href":"https:\/\/new.igihe.com\/french\/wp-json\/wp\/v2\/categories?post=37589"},{"taxonomy":"post_tag","embeddable":true,"href":"https:\/\/new.igihe.com\/french\/wp-json\/wp\/v2\/tags?post=37589"},{"taxonomy":"byline","embeddable":true,"href":"https:\/\/new.igihe.com\/french\/wp-json\/wp\/v2\/byline?post=37589"},{"taxonomy":"hashtag","embeddable":true,"href":"https:\/\/new.igihe.com\/french\/wp-json\/wp\/v2\/hashtag?post=37589"}],"curies":[{"name":"wp","href":"https:\/\/api.w.org\/{rel}","templated":true}]}}