{"id":37582,"date":"2025-05-07T11:14:20","date_gmt":"2025-05-07T11:14:20","guid":{"rendered":"https:\/\/new.igihe.com\/french\/Mozambique-trois-soldats-rwandais-tues-et-six-blesses-dans-une-embuscade-37582\/"},"modified":"2025-05-11T10:17:32","modified_gmt":"2025-05-11T10:17:32","slug":"Mozambique-trois-soldats-rwandais-tues-et-six-blesses-dans-une-embuscade","status":"publish","type":"post","link":"https:\/\/new.igihe.com\/french\/Mozambique-trois-soldats-rwandais-tues-et-six-blesses-dans-une-embuscade\/","title":{"rendered":"Mozambique : trois soldats rwandais tu\u00e9s et six bless\u00e9s dans une embuscade"},"content":{"rendered":"<p>Le 3 mai 2025, au c\u0153ur de la dense for\u00eat de Katupa, dans le district de Macomia, des insurg\u00e9s ont tendu une embuscade \u00e0 des soldats rwandais en mission. Le g\u00e9n\u00e9ral de brigade Ronald Rwivanga, porte-parole des Forces de D\u00e9fense du Rwanda (RDF), a confirm\u00e9 cette attaque, pr\u00e9cisant que, bien que le Rwanda ait d\u00e9plor\u00e9 des pertes humaines, l&#8217;ennemi a subi d&#8217;importantes pertes en retour. <\/p>\n<p>\u00ab Oui, cet incident s&#8217;est produit le 3 mai dans la for\u00eat de Katupa. Nos soldats \u00e9taient en service lorsqu&#8217;ils ont \u00e9t\u00e9 pris pour cible. Nous d\u00e9plorons trois d\u00e9c\u00e8s et six bless\u00e9s, dont l&#8217;\u00e9tat s&#8217;am\u00e9liore. Cela dit, Il est essentiel de souligner que l&#8217;ennemi, de son c\u00f4t\u00e9, a \u00e9galement pay\u00e9 un lourd tribut. \u00bb, a d\u00e9clar\u00e9 le g\u00e9n\u00e9ral de brigade Rwivanga au Journal IGIHE.<\/p>\n<p>La for\u00eat de Katupa, situ\u00e9e au nord de Macomia, constitue l&#8217;une des principales zones o\u00f9 les insurg\u00e9s se sont repli\u00e9s apr\u00e8s avoir \u00e9t\u00e9 d\u00e9log\u00e9s d&#8217;autres r\u00e9gions de Cabo Delgado. Autrefois, cette zone \u00e9tait sous le contr\u00f4le de la mission de la Communaut\u00e9 de D\u00e9veloppement de l&#8217;Afrique Australe (SADC).<\/p>\n<p>\u00c0 la fin de l&#8217;ann\u00e9e 2023, les forces rwandaises ont engag\u00e9 des combats intenses dans la r\u00e9gion, parvenant \u00e0 lib\u00e9rer pr\u00e8s de 600 otages d\u00e9tenus par les insurg\u00e9s.<\/p>\n<p>Ce r\u00e9cent incident survient dans un contexte o\u00f9 le Rwanda joue \u00e9galement un r\u00f4le actif dans la formation des forces arm\u00e9es mozambicaines, contribuant ainsi au renforcement de leur autonomie en mati\u00e8re de s\u00e9curit\u00e9 une fois les missions internationales achev\u00e9es.<\/p>\n<p>Le chef d&#8217;\u00e9tat-major des forces arm\u00e9es du Mozambique, le g\u00e9n\u00e9ral de division Tiago Alberto Nampele, avait affirm\u00e9 qu&#8217;\u00e0 la fin de l&#8217;ann\u00e9e 2023, 95 % des activit\u00e9s des insurg\u00e9s avaient \u00e9t\u00e9 \u00e9radiqu\u00e9es.<\/p>\n<p>Cependant, il a reconnu que de petites cellules militantes persistaient dans des zones telles que Katupa, o\u00f9 elles op\u00e8rent \u00e0 partir de camps mobiles, en \u00e9vitant de s&#8217;\u00e9tablir dans des bases fixes.<\/p>\n<p>Face \u00e0 cette menace, les forces rwandaises ont renforc\u00e9 leur dispositif de surveillance a\u00e9rienne, notamment apr\u00e8s la d\u00e9couverte de mines terrestres diss\u00e9min\u00e9es par les insurg\u00e9s dans la for\u00eat de Katupa. En 2024, un v\u00e9hicule militaire mozambicain avait d\u00e9j\u00e0 \u00e9t\u00e9 d\u00e9truit par l&#8217;un de ces engins explosifs dans cette m\u00eame zone.<\/p>\n<p>Depuis le d\u00e9ploiement initial des forces rwandaises au Mozambique pour contrer le groupe insurg\u00e9 Al Sunnah wa Jama\u2019ah, plusieurs figures cl\u00e9s de la direction militante ont deja \u00e9t\u00e9 neutralis\u00e9es.<\/p>\n<p>Un coup majeur a \u00e9t\u00e9 port\u00e9 au groupe en ao\u00fbt 2023, lorsque les troupes des RDF ont \u00e9limin\u00e9 leur commandant en chef lors d\u2019une embuscade cibl\u00e9e le 16 ao\u00fbt. La plupart des dirigeants originaux de l&#8217;insurrection ont depuis \u00e9t\u00e9 d\u00e9mantel\u00e9s et remplac\u00e9s par de nouveaux responsables.<\/p>\n<p>Les op\u00e9rations de s\u00e9curit\u00e9 rwandaises actuellement en cours au Mozambique sont plac\u00e9es sous le commandement du g\u00e9n\u00e9ral de division Emmy Ruvusha, qui dirige la Force op\u00e9rationnelle conjointe (JTF).<\/p>\n<p>Il est second\u00e9 par le g\u00e9n\u00e9ral de brigade Justus Majyambere, commandant du groupement tactique de la Task Force. Quant au contingent de la police rwandaise d\u00e9ploy\u00e9 au Mozambique, il est sous la direction du commissaire principal William Kayitare, assist\u00e9 par le commissaire principal adjoint Francis Muheto.<\/p>\n<figure class=\"spip-document spip-document-60847\"><img decoding=\"async\" src=\"https:\/\/fr.igihe.com\/IMG\/png\/rs-2.png\" alt=\"Les RDF ont confirm\u00e9 la perte de trois de leurs soldats et d\u00e9plor\u00e9 six bless\u00e9s suite \u00e0 une embuscade survenue dans la province de Cabo Delgado\" \/><\/figure>\n","protected":false},"excerpt":{"rendered":"<p>Les Forces de D\u00e9fense du Rwanda (RDF) ont confirm\u00e9 la perte de trois de leurs soldats et d\u00e9plor\u00e9 six bless\u00e9s suite \u00e0 une embuscade survenue dans la province de Cabo Delgado, au Mozambique, o\u00f9 ils participaient \u00e0 une mission de lutte contre le terrorisme.<\/p>\n","protected":false},"author":488,"featured_media":4000060848,"comment_status":"open","ping_status":"open","sticky":false,"template":"","format":"standard","meta":{"footnotes":""},"categories":[7540],"tags":[7605],"byline":[7717],"hashtag":[],"class_list":["post-37582","post","type-post","status-publish","format-standard","has-post-thumbnail","hentry","category-securite","tag-homenews","byline-igihe"],"bylines":[{"id":7717,"name":"IGIHE","slug":"igihe","description":"","image":{"id":0,"url":"https:\/\/secure.gravatar.com\/avatar\/?s=96&d=mm&f=y&r=g","alt":"Default avatar","title":"Default avatar","caption":"","mime_type":"image\/jpeg","sizes":[]},"user_id":393}],"contributors":[{"id":7717,"name":"IGIHE","slug":"igihe","description":"","image":{"id":0,"url":"https:\/\/secure.gravatar.com\/avatar\/?s=96&d=mm&f=y&r=g","alt":"Default avatar","title":"Default avatar","caption":"","mime_type":"image\/jpeg","sizes":[]},"user_id":393}],"featured_image":{"id":4000060848,"url":"https:\/\/fr-images.igihe.com\/IMG\/logo\/1-img_0086-4286f-f0cf1.jpg","alt":"","caption":"","mime_type":"image\/jpeg","width":0,"height":0,"sizes":{"thumbnail":{"url":"https:\/\/fr-images.igihe.com\/IMG\/logo\/1-img_0086-4286f-f0cf1.jpg","width":1,"height":1},"medium":{"url":"https:\/\/fr-images.igihe.com\/IMG\/logo\/1-img_0086-4286f-f0cf1.jpg","width":1,"height":1},"medium_large":{"url":"https:\/\/fr-images.igihe.com\/IMG\/logo\/1-img_0086-4286f-f0cf1.jpg","width":1,"height":1},"large":{"url":"https:\/\/fr-images.igihe.com\/IMG\/logo\/1-img_0086-4286f-f0cf1.jpg","width":1,"height":1},"full":{"url":"https:\/\/fr-images.igihe.com\/IMG\/logo\/1-img_0086-4286f-f0cf1.jpg","width":0,"height":0}}},"_links":{"self":[{"href":"https:\/\/new.igihe.com\/french\/wp-json\/wp\/v2\/posts\/37582","targetHints":{"allow":["GET"]}}],"collection":[{"href":"https:\/\/new.igihe.com\/french\/wp-json\/wp\/v2\/posts"}],"about":[{"href":"https:\/\/new.igihe.com\/french\/wp-json\/wp\/v2\/types\/post"}],"author":[{"embeddable":true,"href":"https:\/\/new.igihe.com\/french\/wp-json\/wp\/v2\/users\/488"}],"replies":[{"embeddable":true,"href":"https:\/\/new.igihe.com\/french\/wp-json\/wp\/v2\/comments?post=37582"}],"version-history":[{"count":0,"href":"https:\/\/new.igihe.com\/french\/wp-json\/wp\/v2\/posts\/37582\/revisions"}],"wp:featuredmedia":[{"embeddable":true,"href":"https:\/\/new.igihe.com\/french\/wp-json\/wp\/v2\/media\/4000060848"}],"wp:attachment":[{"href":"https:\/\/new.igihe.com\/french\/wp-json\/wp\/v2\/media?parent=37582"}],"wp:term":[{"taxonomy":"category","embeddable":true,"href":"https:\/\/new.igihe.com\/french\/wp-json\/wp\/v2\/categories?post=37582"},{"taxonomy":"post_tag","embeddable":true,"href":"https:\/\/new.igihe.com\/french\/wp-json\/wp\/v2\/tags?post=37582"},{"taxonomy":"byline","embeddable":true,"href":"https:\/\/new.igihe.com\/french\/wp-json\/wp\/v2\/byline?post=37582"},{"taxonomy":"hashtag","embeddable":true,"href":"https:\/\/new.igihe.com\/french\/wp-json\/wp\/v2\/hashtag?post=37582"}],"curies":[{"name":"wp","href":"https:\/\/api.w.org\/{rel}","templated":true}]}}