{"id":37574,"date":"2025-05-06T14:15:38","date_gmt":"2025-05-06T14:15:38","guid":{"rendered":"https:\/\/new.igihe.com\/french\/La-RDC-s-enfonce-dans-le-gouffre-de-l-insecurite-37574\/"},"modified":"2025-05-06T14:13:50","modified_gmt":"2025-05-06T14:13:50","slug":"La-RDC-s-enfonce-dans-le-gouffre-de-l-insecurite","status":"publish","type":"post","link":"https:\/\/new.igihe.com\/french\/La-RDC-s-enfonce-dans-le-gouffre-de-l-insecurite\/","title":{"rendered":"La RDC s\u2019enfonce dans le gouffre de l\u2019ins\u00e9curit\u00e9"},"content":{"rendered":"<p>En date du 4 mai dernier, c\u2019est sur l\u2019axe Kalemie\u2013Nyemba, au c\u0153ur du Tanganyika, que s\u2019est de nouveau lev\u00e9e la grande faucheuse. Pillages m\u00e9thodiques, violences sexuelles d\u2019une brutalit\u00e9 inou\u00efe, seize motocyclettes emport\u00e9es, d\u2019innombrables femmes viol\u00e9es, humili\u00e9es, r\u00e9duites au silence : tel est le funeste tribut impos\u00e9 aux populations civiles par ceux-l\u00e0 m\u00eames qui, en d\u2019autres circonstances, arborent les oripeaux du nationalisme arm\u00e9.<\/p>\n<p>Les coupables\u202f? Les Forces arm\u00e9es de la R\u00e9publique d\u00e9mocratique du Congo (FARDC), les milices suppl\u00e9tives dites \u00ab Wazalendo \u00bb, et les FDLR, dont l\u2019entrisme militaire et la perm\u00e9abilit\u00e9 id\u00e9ologique avec le pouvoir de Kinshasa ne sont plus \u00e0 d\u00e9montrer. <\/p>\n<p>Ce triptyque mortif\u00e8re, drap\u00e9 dans la rh\u00e9torique de la souverainet\u00e9, s\u00e9vit d\u00e9sormais dans l\u2019ensemble du corps national, tel un cancer m\u00e9tastas\u00e9 dont l\u2019origine ne serait plus circonscrite \u00e0 l\u2019Est, mais bien diss\u00e9min\u00e9e dans tout l\u2019organisme territorial. Apr\u00e8s Ituri, Beni, Lubero, apr\u00e8s Uvira, c\u2019est au tour du Lomami d\u2019\u00eatre happ\u00e9 par la spirale de la terreur une d\u00e9localisation de la barbarie qui, paradoxalement, s\u2019op\u00e8re loin des zones dites sous contr\u00f4le de l\u2019AFC\/M23, pourtant sans cesse diabolis\u00e9 par la propagande officielle.<\/p>\n<p>C\u2019est ici que l\u2019hypocrisie atteint son comble : l\u00e0 o\u00f9 l\u2019AFC\/M23 est absent, c\u2019est l\u00e0 que l\u2019ins\u00e9curit\u00e9 est la plus foudroyante. L\u00e0 o\u00f9 l\u2019\u00c9tat pr\u00e9tend r\u00e9gner, la mort r\u00f4de en toute impunit\u00e9. Et l\u2019on s\u2019obstine, depuis les palais du pouvoir, \u00e0 taxer de tra\u00eetres ceux qui r\u00e9clament un sursaut institutionnel, ceux qui appellent \u00e0 la fin d\u2019un r\u00e9gime aussi cynique qu\u2019inefficace, ceux qui osent proposer le f\u00e9d\u00e9ralisme comme ultime rempart contre la fragmentation du pays. Mais qu\u2019est-ce que la trahison, sinon l\u2019aveuglement volontaire face \u00e0 la souffrance du peuple ? Et qu\u2019est-ce que la loyaut\u00e9, sinon le courage de d\u00e9noncer un ordre inique, m\u00eame au prix de l\u2019excommunication politique ?<\/p>\n<p>Le tableau est tragiquement clair. Partout o\u00f9 le pouvoir pr\u00e9tend d\u00e9fendre l\u2019int\u00e9grit\u00e9 du territoire par la force brute, ce sont les civils qui paient l\u2019obole du sang. Partout o\u00f9 les FARDC, les Wazalendo et les FDLR s\u2019installent, ce sont la loi de la jungle, les pillages et les viols qui deviennent le langage de la domination. <\/p>\n<p>L\u2019arm\u00e9e, autrefois symbole de protection, s\u2019est mu\u00e9e en pr\u00e9datrice ; les milices, enfants monstrueux de l\u2019abandon \u00e9tatique, s\u00e8ment la peur l\u00e0 o\u00f9 elles pr\u00e9tendent d\u00e9fendre la patrie. Quant \u00e0 la justice, elle demeure spectatrice muette de ce th\u00e9\u00e2tre macabre, r\u00e9duite \u00e0 l\u2019impuissance ou asservie aux int\u00e9r\u00eats partisans.<\/p>\n<p>Il faut le dire avec la gravit\u00e9 que la situation exige : la RDC n\u2019est plus gouvern\u00e9e, elle est administr\u00e9e dans le chaos. La souverainet\u00e9, si souvent invoqu\u00e9e, n\u2019est plus qu\u2019un leurre rh\u00e9torique. <\/p>\n<p>Et le peuple congolais, cet \u00e9ternel martyr des jeux cyniques du pouvoir et des trag\u00e9dies programm\u00e9es, voit s\u2019\u00e9vanouir les derniers vestiges de son esp\u00e9rance. Pris en \u00e9tau entre l\u2019imposture des gouvernants et la brutalit\u00e9 des milices suppl\u00e9tives, il erre sans boussole, d\u00e9pouill\u00e9 de tout horizon collectif. <\/p>\n<p>Abandonn\u00e9 par ceux qui pr\u00e9tendent parler en son nom, trahi par des institutions devenues \u00e9trang\u00e8res \u00e0 sa douleur, il ne trouve plus, pour toute r\u00e9ponse \u00e0 ses supplications, que le fracas des armes, l\u2019indiff\u00e9rence complice et la d\u00e9chirure des exodes forc\u00e9s.<\/p>\n<p>Alors, la fuite devient ultime refuge, l\u2019exil int\u00e9rieur se fait asile d\u2019\u00e2me, et la tombe s\u2019\u00e9rige en promesse d\u2019apaisement. Le sol natal, profan\u00e9 par l\u2019injustice, ne nourrit plus ses enfants\u202f; il les engloutit. L\u2019esp\u00e9rance s\u2019efface sous les pas des d\u00e9plac\u00e9s, et la citoyennet\u00e9 s\u2019abolit dans l\u2019anonymat des foss\u00e9s communs. Ainsi se profile, lentement mais inexorablement, l\u2019effondrement d\u2019une nation qui n\u2019aura su ni prot\u00e9ger ses vivants ni honorer ses morts.<\/p>\n<p>Il n\u2019est que temps de refonder radicalement l\u2019ordre politique, de briser le joug de cette centralisation pr\u00e9datrice, de r\u00e9habiliter le droit \u00e0 l\u2019autod\u00e9termination locale comme ferment d\u2019une paix durable. Faute de quoi, la R\u00e9publique ne sera bient\u00f4t plus qu\u2019un nom sans substance, un cadavre institutionnel errant dans le concert des nations.<\/p>\n<figure class=\"spip-document spip-document-60731 aligncenter\"><img decoding=\"async\" src=\"https:\/\/fr.igihe.com\/IMG\/jpg\/se-4.jpg\" alt=\"Sylvain Ekenge, Porte Parole des FARDC\" \/><\/figure>\n","protected":false},"excerpt":{"rendered":"<p>Il est des silences qui tuent et des complicit\u00e9s qui crient. Tandis que les \u00e9lites congolaises, retranch\u00e9es dans les c\u00e9nacles feutr\u00e9s du pouvoir central, s\u2019acharnent \u00e0 sauver les oripeaux d\u2019un r\u00e9gime discr\u00e9dit\u00e9, la R\u00e9publique d\u00e9mocratique du Congo s\u2019ab\u00eeme chaque jour davantage dans les t\u00e9n\u00e8bres d\u2019une ins\u00e9curit\u00e9 syst\u00e9mique. <\/p>\n","protected":false},"author":488,"featured_media":4000060730,"comment_status":"open","ping_status":"open","sticky":false,"template":"","format":"standard","meta":{"footnotes":""},"categories":[7544],"tags":[7605],"byline":[9102],"hashtag":[],"class_list":["post-37574","post","type-post","status-publish","format-standard","has-post-thumbnail","hentry","category-politique","tag-homenews","byline-tite-gatabazi"],"bylines":[{"id":9102,"name":"Tite Gatabazi","slug":"tite-gatabazi","description":"","image":{"id":0,"url":"https:\/\/secure.gravatar.com\/avatar\/?s=96&d=mm&f=y&r=g","alt":"Default avatar","title":"Default avatar","caption":"","mime_type":"image\/jpeg","sizes":[]},"user_id":472}],"contributors":[{"id":9102,"name":"Tite Gatabazi","slug":"tite-gatabazi","description":"","image":{"id":0,"url":"https:\/\/secure.gravatar.com\/avatar\/?s=96&d=mm&f=y&r=g","alt":"Default avatar","title":"Default avatar","caption":"","mime_type":"image\/jpeg","sizes":[]},"user_id":472}],"featured_image":{"id":4000060730,"url":"https:\/\/fr-images.igihe.com\/IMG\/logo\/se_cp-3.jpg","alt":"","caption":"","mime_type":"image\/jpeg","width":0,"height":0,"sizes":{"thumbnail":{"url":"https:\/\/fr-images.igihe.com\/IMG\/logo\/se_cp-3.jpg","width":1,"height":1},"medium":{"url":"https:\/\/fr-images.igihe.com\/IMG\/logo\/se_cp-3.jpg","width":1,"height":1},"medium_large":{"url":"https:\/\/fr-images.igihe.com\/IMG\/logo\/se_cp-3.jpg","width":1,"height":1},"large":{"url":"https:\/\/fr-images.igihe.com\/IMG\/logo\/se_cp-3.jpg","width":1,"height":1},"full":{"url":"https:\/\/fr-images.igihe.com\/IMG\/logo\/se_cp-3.jpg","width":0,"height":0}}},"_links":{"self":[{"href":"https:\/\/new.igihe.com\/french\/wp-json\/wp\/v2\/posts\/37574","targetHints":{"allow":["GET"]}}],"collection":[{"href":"https:\/\/new.igihe.com\/french\/wp-json\/wp\/v2\/posts"}],"about":[{"href":"https:\/\/new.igihe.com\/french\/wp-json\/wp\/v2\/types\/post"}],"author":[{"embeddable":true,"href":"https:\/\/new.igihe.com\/french\/wp-json\/wp\/v2\/users\/488"}],"replies":[{"embeddable":true,"href":"https:\/\/new.igihe.com\/french\/wp-json\/wp\/v2\/comments?post=37574"}],"version-history":[{"count":0,"href":"https:\/\/new.igihe.com\/french\/wp-json\/wp\/v2\/posts\/37574\/revisions"}],"wp:featuredmedia":[{"embeddable":true,"href":"https:\/\/new.igihe.com\/french\/wp-json\/wp\/v2\/media\/4000060730"}],"wp:attachment":[{"href":"https:\/\/new.igihe.com\/french\/wp-json\/wp\/v2\/media?parent=37574"}],"wp:term":[{"taxonomy":"category","embeddable":true,"href":"https:\/\/new.igihe.com\/french\/wp-json\/wp\/v2\/categories?post=37574"},{"taxonomy":"post_tag","embeddable":true,"href":"https:\/\/new.igihe.com\/french\/wp-json\/wp\/v2\/tags?post=37574"},{"taxonomy":"byline","embeddable":true,"href":"https:\/\/new.igihe.com\/french\/wp-json\/wp\/v2\/byline?post=37574"},{"taxonomy":"hashtag","embeddable":true,"href":"https:\/\/new.igihe.com\/french\/wp-json\/wp\/v2\/hashtag?post=37574"}],"curies":[{"name":"wp","href":"https:\/\/api.w.org\/{rel}","templated":true}]}}