{"id":37570,"date":"2025-05-05T17:21:13","date_gmt":"2025-05-05T17:21:13","guid":{"rendered":"https:\/\/new.igihe.com\/french\/La-Belgique-entre-duplicite-diplomatique-et-complicite-historique-37570\/"},"modified":"2025-05-05T17:13:35","modified_gmt":"2025-05-05T17:13:35","slug":"La-Belgique-entre-duplicite-diplomatique-et-complicite-historique","status":"publish","type":"post","link":"https:\/\/new.igihe.com\/french\/La-Belgique-entre-duplicite-diplomatique-et-complicite-historique\/","title":{"rendered":"La Belgique entre duplicit\u00e9 diplomatique et complicit\u00e9 historique"},"content":{"rendered":"<p>Que le ministre belge des Affaires \u00e9trang\u00e8res ose aujourd\u2019hui pr\u00e9tendre que son pays ambitionne de jouer un r\u00f4le stabilisateur dans les crises chroniques de la r\u00e9gion des Grands Lacs n\u2019est pas seulement une contre-v\u00e9rit\u00e9 politique : c\u2019est une insulte \u00e0 la m\u00e9moire, un travestissement de l\u2019Histoire, et une offense manifeste aux peuples meurtris par les d\u00e9flagrations qu\u2019alimente encore, activement, la Belgique \u00e0 ce jour.<\/p>\n<p>Point n\u2019est besoin d\u2019analyses sp\u00e9culatives : les faits suffisent, imp\u00e9rieux, gla\u00e7ants. La Belgique ne fut pas simplement un acteur historique dans la gen\u00e8se des fractures ethniques et des logiques d\u2019exploitation en Afrique centrale ; elle en fut l\u2019architecte cynique, le ma\u00eetre d\u2019\u0153uvre impitoyable, et demeure aujourd\u2019hui, dans les coulisses feutr\u00e9es de la diplomatie europ\u00e9enne, un instigateur sournois des d\u00e9sordres qui ravagent l\u2019Est de la R\u00e9publique d\u00e9mocratique du Congo.<\/p>\n<p>Car derri\u00e8re le voile des intentions humanitaires, derri\u00e8re le masque compass\u00e9 du m\u00e9diateur europ\u00e9en, se dessine l\u2019empreinte ancienne et persistante d\u2019une puissance qui n\u2019a jamais abdiqu\u00e9 son emprise. La gestion coloniale belge, scind\u00e9e entre brutalit\u00e9 instrumentale et divisions identitaires calcul\u00e9es, a non seulement sem\u00e9 les germes du g\u00e9nocide contre les tutsi de 1994, mais elle continue de distiller ses poisons \u00e0 travers le soutien implicite ou tacite aux FDLR, ces milices criminelles form\u00e9es dans les d\u00e9combres du g\u00e9nocide, et toujours actives, toujours destructrices, sur le sol congolais.<\/p>\n<p>La Belgique, par une hypocrisie diplomatique aussi constante qu\u2019ind\u00e9cente, s\u2019emploie \u00e0 minimiser la menace existentielle que repr\u00e9sentent ces forces, tout en orchestrant, via des relais europ\u00e9ens, une campagne de d\u00e9nigrement syst\u00e9matique contre le Rwanda. <\/p>\n<p>Les g\u00e9nocidaires d\u2019hier deviennent les \u00ab rebelles \u00bb d\u2019aujourd\u2019hui ; leurs crimes sont effac\u00e9s par une rh\u00e9torique humanitaire creuse, pendant que Kigali est somm\u00e9 de justifier sa pr\u00e9sence l\u00e0 o\u00f9 Bruxelles entretient l\u2019ambigu\u00eft\u00e9.<\/p>\n<p>Il faut ici d\u00e9noncer l\u2019arrogance inamovible d\u2019une Belgique qui consid\u00e8re encore la RDC comme un territoire d\u2019influence strat\u00e9gique, sinon une chasse gard\u00e9e \u00e9conomique. A Kinshasa, la souverainet\u00e9 n\u2019est qu\u2019apparente ; les d\u00e9cisions les plus d\u00e9cisives sont ourdies dans les salons minist\u00e9riels de Bruxelles. <\/p>\n<p>Lobbying, pressions \u00e9conomiques, nominations t\u00e9l\u00e9guid\u00e9es : autant d\u2019instruments de contr\u00f4le postcolonial qui p\u00e9rennisent la d\u00e9pendance, brident l\u2019\u00e9mancipation politique et garantissent l\u2019acc\u00e8s aux ressources pour des int\u00e9r\u00eats occidentaux soigneusement masqu\u00e9s.<\/p>\n<p>Pire encore, l\u2019Union europ\u00e9enne, abus\u00e9e par la posture d\u2019\u00ab expertise \u00bb belge dans les affaires des Grands Lacs, se laisse dicter une ligne politique gravement asym\u00e9trique. Loin d\u2019\u00eatre une instance impartiale, Bruxelles impose \u00e0 l\u2019Europe une lecture partiale, o\u00f9 les bourreaux deviennent victimes et les voix qui s\u2019\u00e9l\u00e8vent contre les pers\u00e9cutions ethniques sont disqualifi\u00e9es comme fauteurs de troubles. <\/p>\n<p>L\u2019inversion des responsabilit\u00e9s devient doctrine. Et dans ce renversement cynique, les populations congolaises continuent de payer le prix fort d\u2019un conflit entretenu pour des dividendes miniers et des \u00e9quilibres g\u00e9opolitiques dict\u00e9s depuis le Nord.<\/p>\n<p>L\u2019heure n\u2019est plus \u00e0 la biens\u00e9ance diplomatique. Il est temps de nommer les choses : la Belgique, par son h\u00e9ritage non assum\u00e9, sa politique \u00e9trang\u00e8re biais\u00e9e et son influence d\u00e9l\u00e9t\u00e8re au sein de l\u2019Union europ\u00e9enne, constitue un facteur d\u2019instabilit\u00e9 majeur dans la r\u00e9gion des Grands Lacs. <\/p>\n<p>Toute pr\u00e9tention \u00e0 la neutralit\u00e9 ou \u00e0 la pacification ne saurait masquer la r\u00e9alit\u00e9 d\u2019un engagement vici\u00e9, fond\u00e9 sur des logiques de domination historique et de manipulation strat\u00e9gique.<\/p>\n<p>L\u2019Histoire r\u00e9clame justice, non falsification. La stabilit\u00e9 v\u00e9ritable ne se construira pas sur les ruines d\u2019un pass\u00e9 ni\u00e9 ni sur les artifices d\u2019un pr\u00e9sent travesti. Les peuples de la r\u00e9gion m\u00e9ritent la v\u00e9rit\u00e9, la fin de l\u2019ing\u00e9rence, et la pleine reconnaissance de la responsabilit\u00e9 belge dans la perp\u00e9tuation du chaos.<\/p>\n<figure class=\"spip-document spip-document-60722 aligncenter\"><img decoding=\"async\" src=\"https:\/\/fr.igihe.com\/IMG\/jpg\/mp-9.jpg\" alt=\"La pr\u00e9tention belge de vouloir stabiliser la r\u00e9gion des Grands Lacs est jug\u00e9e mensong\u00e8re et offensante envers les peuples victimes de ses ing\u00e9rences\" \/><\/figure>\n","protected":false},"excerpt":{"rendered":"<p>Il est des forfaitures politiques qui, \u00e0 force d\u2019\u00eatre r\u00e9it\u00e9r\u00e9es sous des oripeaux diplomatiques, finissent par trahir une constance historique dans la perfidie. <\/p>\n","protected":false},"author":488,"featured_media":4000060721,"comment_status":"open","ping_status":"open","sticky":false,"template":"","format":"standard","meta":{"footnotes":""},"categories":[7544],"tags":[7605],"byline":[9102],"hashtag":[],"class_list":["post-37570","post","type-post","status-publish","format-standard","has-post-thumbnail","hentry","category-politique","tag-homenews","byline-tite-gatabazi"],"bylines":[{"id":9102,"name":"Tite Gatabazi","slug":"tite-gatabazi","description":"","image":{"id":0,"url":"https:\/\/secure.gravatar.com\/avatar\/?s=96&d=mm&f=y&r=g","alt":"Default avatar","title":"Default avatar","caption":"","mime_type":"image\/jpeg","sizes":[]},"user_id":472}],"contributors":[{"id":9102,"name":"Tite Gatabazi","slug":"tite-gatabazi","description":"","image":{"id":0,"url":"https:\/\/secure.gravatar.com\/avatar\/?s=96&d=mm&f=y&r=g","alt":"Default avatar","title":"Default avatar","caption":"","mime_type":"image\/jpeg","sizes":[]},"user_id":472}],"featured_image":{"id":4000060721,"url":"https:\/\/fr-images.igihe.com\/IMG\/logo\/mp_cp-11.jpg","alt":"","caption":"","mime_type":"image\/jpeg","width":0,"height":0,"sizes":{"thumbnail":{"url":"https:\/\/fr-images.igihe.com\/IMG\/logo\/mp_cp-11.jpg","width":1,"height":1},"medium":{"url":"https:\/\/fr-images.igihe.com\/IMG\/logo\/mp_cp-11.jpg","width":1,"height":1},"medium_large":{"url":"https:\/\/fr-images.igihe.com\/IMG\/logo\/mp_cp-11.jpg","width":1,"height":1},"large":{"url":"https:\/\/fr-images.igihe.com\/IMG\/logo\/mp_cp-11.jpg","width":1,"height":1},"full":{"url":"https:\/\/fr-images.igihe.com\/IMG\/logo\/mp_cp-11.jpg","width":0,"height":0}}},"_links":{"self":[{"href":"https:\/\/new.igihe.com\/french\/wp-json\/wp\/v2\/posts\/37570","targetHints":{"allow":["GET"]}}],"collection":[{"href":"https:\/\/new.igihe.com\/french\/wp-json\/wp\/v2\/posts"}],"about":[{"href":"https:\/\/new.igihe.com\/french\/wp-json\/wp\/v2\/types\/post"}],"author":[{"embeddable":true,"href":"https:\/\/new.igihe.com\/french\/wp-json\/wp\/v2\/users\/488"}],"replies":[{"embeddable":true,"href":"https:\/\/new.igihe.com\/french\/wp-json\/wp\/v2\/comments?post=37570"}],"version-history":[{"count":0,"href":"https:\/\/new.igihe.com\/french\/wp-json\/wp\/v2\/posts\/37570\/revisions"}],"wp:featuredmedia":[{"embeddable":true,"href":"https:\/\/new.igihe.com\/french\/wp-json\/wp\/v2\/media\/4000060721"}],"wp:attachment":[{"href":"https:\/\/new.igihe.com\/french\/wp-json\/wp\/v2\/media?parent=37570"}],"wp:term":[{"taxonomy":"category","embeddable":true,"href":"https:\/\/new.igihe.com\/french\/wp-json\/wp\/v2\/categories?post=37570"},{"taxonomy":"post_tag","embeddable":true,"href":"https:\/\/new.igihe.com\/french\/wp-json\/wp\/v2\/tags?post=37570"},{"taxonomy":"byline","embeddable":true,"href":"https:\/\/new.igihe.com\/french\/wp-json\/wp\/v2\/byline?post=37570"},{"taxonomy":"hashtag","embeddable":true,"href":"https:\/\/new.igihe.com\/french\/wp-json\/wp\/v2\/hashtag?post=37570"}],"curies":[{"name":"wp","href":"https:\/\/api.w.org\/{rel}","templated":true}]}}