{"id":37566,"date":"2025-05-05T16:41:13","date_gmt":"2025-05-05T16:41:13","guid":{"rendered":"https:\/\/new.igihe.com\/french\/Haro-sur-l-omerta-a-Kinshasa-37566\/"},"modified":"2025-05-05T16:34:52","modified_gmt":"2025-05-05T16:34:52","slug":"Haro-sur-l-omerta-a-Kinshasa","status":"publish","type":"post","link":"https:\/\/new.igihe.com\/french\/Haro-sur-l-omerta-a-Kinshasa\/","title":{"rendered":"Haro sur l\u2019omerta \u00e0 Kinshasa"},"content":{"rendered":"<p>Cette d\u00e9rive autoritaire, dissimul\u00e9e sous les oripeaux d\u2019une indignation instrumentalis\u00e9e, repose sur la fabrique m\u00e9thodique du mensonge, un mensonge strat\u00e9gique, dont la fonction n\u2019est plus tant de convaincre que de saturer l\u2019espace public, d&#8217;\u00e9touffer toute voix dissonante et de redessiner les lignes de la l\u00e9gitimit\u00e9 selon les caprices d\u2019un pouvoir \u00e0 la fois vacillant et f\u00e9roce. <\/p>\n<p>Ce n\u2019est plus l\u2019information mais la sid\u00e9ration qui est recherch\u00e9e, par la r\u00e9p\u00e9tition incantatoire de syntagmes martiaux, la diabolisation syst\u00e9matique de l\u2019alt\u00e9rit\u00e9, et la r\u00e9\u00e9criture permanente de la m\u00e9moire imm\u00e9diate. L\u00e0 o\u00f9 l\u2019\u00c9tat devrait \u00eatre garant de la v\u00e9rit\u00e9 r\u00e9publicaine, il devient le metteur en sc\u00e8ne d\u2019un simulacre tragique, o\u00f9 l\u2019on entretient la peur pour mieux asseoir l\u2019oubli.<\/p>\n<p>Il est d\u00e9sormais \u00e9vident que la R\u00e9publique d\u00e9mocratique du Congo vit sous le joug d\u2019un pouvoir dont la communication officielle ne rel\u00e8ve plus ni de l&#8217;information ni de la p\u00e9dagogie civique, mais d\u2019un vaste m\u00e9canisme de brouillage syst\u00e9matique des faits, o\u00f9 se conjuguent l\u2019omerta m\u00e9diatique, la manipulation \u00e9motionnelle et une rh\u00e9torique satur\u00e9e de haine identitaire. <\/p>\n<p>Au c\u0153ur de ce dispositif, l\u2019on retrouve des relais z\u00e9l\u00e9s, souvent promus au c\u0153ur m\u00eame des structures de l&#8217;\u00c9tat et de l&#8217;appareil de propagande, prompts \u00e0 orchestrer une inversion accusatoire savamment dos\u00e9e : les agresseurs deviennent les agress\u00e9s, les d\u00e9nonciateurs de crimes sont d\u00e9sign\u00e9s comme tra\u00eetres, et toute pens\u00e9e dissidente est imm\u00e9diatement renvoy\u00e9e \u00e0 la cat\u00e9gorie inf\u00e2me de la \u00ab collaboration avec l\u2019ennemi \u00bb.<\/p>\n<p>Ce sch\u00e9ma d\u2019une pr\u00e9visibilit\u00e9 consternante repose sur un triptyque d\u00e9sormais bien r\u00f4d\u00e9 : dissimuler, simplifier, ha\u00efr. Les termes sont choisis avec une redondance pathologique infiltration, trahison, agression, comme pour substituer l\u2019incantation \u00e0 l\u2019analyse, l\u2019\u00e9motion brute \u00e0 la rigueur factuelle. <\/p>\n<p>On \u00e9voque les tr\u00e8s nombreuses victimes civiles, certes bien r\u00e9elles et tragiques, mais en occultant soigneusement la part active de responsabilit\u00e9 des FARDC, des FDLR, des milices Wazalendo et de tous ces acteurs arm\u00e9s instrumentalis\u00e9s par un pouvoir \u00e0 bout de souffle. <\/p>\n<p>Ce mensonge structurel, \u00e9rig\u00e9 en doctrine de gouvernement, n\u2019a d\u2019autre finalit\u00e9 que de maintenir \u00e0 flot un r\u00e9gime discr\u00e9dit\u00e9 par une gouvernance erratique, autoritaire et fonci\u00e8rement disjointe des r\u00e9alit\u00e9s du terrain.<\/p>\n<p>Le cas de Patrick Muyaya, ministre de la Communication omnipr\u00e9sent sur toutes les antennes, illustre \u00e0 lui seul cette strat\u00e9gie de l\u2019\u00e9puisement discursif : \u00e0 force de surench\u00e8re et de saturation m\u00e9diatique, on esp\u00e8re effacer les contradictions, faire taire les silences g\u00eanants, diluer la v\u00e9rit\u00e9 dans un flot ininterrompu d&#8217;approximations. Mais le verbe, m\u00eame r\u00e9p\u00e9t\u00e9 \u00e0 l&#8217;infini, ne saurait conjurer le r\u00e9el. La propagande ne gu\u00e9rit pas les blessures, et encore moins les humiliations accumul\u00e9es.<\/p>\n<p>Dans cet univers orwellien o\u00f9 les discours s\u2019inversent et les faits s\u2019effacent, les soutiens les plus fervents du pouvoir congolais tribunes complices, influenceurs appoint\u00e9s, m\u00e9dias d&#8217;\u00c9tat rebaptis\u00e9s en agences de conditionnement collectif s\u2019illustrent par une hostilit\u00e9 visc\u00e9rale \u00e0 tout ce qui rel\u00e8ve de l\u2019alt\u00e9rit\u00e9, dans une surench\u00e8re identitaire qui flirte dangereusement avec les logiques de purification symbolique. <\/p>\n<p>Lorsque le rouge (de la violence impunie) commence \u00e0 se confondre avec le brun (de l\u2019id\u00e9ologie haineuse), l\u2019on retrouve invariablement les m\u00eames proc\u00e9d\u00e9s : brouiller les messages, s\u00e9lectionner les cibles, r\u00e9\u00e9crire les responsabilit\u00e9s \u00e0 l\u2019aune d\u2019une communication \u00e9lastique et circonstancielle.<\/p>\n<p>Mais voici que Doha et Washington viennent bousculer les \u00e9quilibres artificiels. L\u2019international, lass\u00e9 de la fiction victimaire et du d\u00e9sordre organis\u00e9, exige clart\u00e9, redevabilit\u00e9 et restructuration profonde des narratifs d\u2019\u00c9tat. Il va falloir, pour Kinshasa, op\u00e9rer un r\u00e9ajustement radical, \u00e0 moins de vouloir s\u2019enfermer dans une logique de solitude diplomatique dont les cons\u00e9quences seront irr\u00e9versibles.<\/p>\n<figure class=\"spip-document spip-document-60714 aligncenter\"><img decoding=\"async\" src=\"https:\/\/fr.igihe.com\/IMG\/jpg\/cb-2.jpg\" alt=\"Christian Bosembe, pr\u00e9sident du Conseil Sup\u00e9rieur de l\u2019Audiovisuel et de la Communication de la RDC\" \/><\/figure>\n","protected":false},"excerpt":{"rendered":"<p>Sous les apparences d\u2019un discours victimaire savamment orchestr\u00e9, s\u2019est \u00e9labor\u00e9e en R\u00e9publique d\u00e9mocratique du Congo une architecture insidieuse de d\u00e9sinformation, o\u00f9 l\u2019omerta m\u00e9diatique se conjugue \u00e0 une haine politique de plus en plus d\u00e9complex\u00e9e pour \u00e9difier un r\u00e9gime de la parole falsifi\u00e9e et du r\u00e9el travesti. <\/p>\n","protected":false},"author":488,"featured_media":4000060713,"comment_status":"open","ping_status":"open","sticky":false,"template":"","format":"standard","meta":{"footnotes":""},"categories":[7544],"tags":[7605],"byline":[9102],"hashtag":[],"class_list":["post-37566","post","type-post","status-publish","format-standard","has-post-thumbnail","hentry","category-politique","tag-homenews","byline-tite-gatabazi"],"bylines":[{"id":9102,"name":"Tite Gatabazi","slug":"tite-gatabazi","description":"","image":{"id":0,"url":"https:\/\/secure.gravatar.com\/avatar\/?s=96&d=mm&f=y&r=g","alt":"Default avatar","title":"Default avatar","caption":"","mime_type":"image\/jpeg","sizes":[]},"user_id":472}],"contributors":[{"id":9102,"name":"Tite Gatabazi","slug":"tite-gatabazi","description":"","image":{"id":0,"url":"https:\/\/secure.gravatar.com\/avatar\/?s=96&d=mm&f=y&r=g","alt":"Default avatar","title":"Default avatar","caption":"","mime_type":"image\/jpeg","sizes":[]},"user_id":472}],"featured_image":{"id":4000060713,"url":"https:\/\/fr-images.igihe.com\/IMG\/logo\/cb_cp-3.jpg","alt":"","caption":"","mime_type":"image\/jpeg","width":0,"height":0,"sizes":{"thumbnail":{"url":"https:\/\/fr-images.igihe.com\/IMG\/logo\/cb_cp-3.jpg","width":1,"height":1},"medium":{"url":"https:\/\/fr-images.igihe.com\/IMG\/logo\/cb_cp-3.jpg","width":1,"height":1},"medium_large":{"url":"https:\/\/fr-images.igihe.com\/IMG\/logo\/cb_cp-3.jpg","width":1,"height":1},"large":{"url":"https:\/\/fr-images.igihe.com\/IMG\/logo\/cb_cp-3.jpg","width":1,"height":1},"full":{"url":"https:\/\/fr-images.igihe.com\/IMG\/logo\/cb_cp-3.jpg","width":0,"height":0}}},"_links":{"self":[{"href":"https:\/\/new.igihe.com\/french\/wp-json\/wp\/v2\/posts\/37566","targetHints":{"allow":["GET"]}}],"collection":[{"href":"https:\/\/new.igihe.com\/french\/wp-json\/wp\/v2\/posts"}],"about":[{"href":"https:\/\/new.igihe.com\/french\/wp-json\/wp\/v2\/types\/post"}],"author":[{"embeddable":true,"href":"https:\/\/new.igihe.com\/french\/wp-json\/wp\/v2\/users\/488"}],"replies":[{"embeddable":true,"href":"https:\/\/new.igihe.com\/french\/wp-json\/wp\/v2\/comments?post=37566"}],"version-history":[{"count":0,"href":"https:\/\/new.igihe.com\/french\/wp-json\/wp\/v2\/posts\/37566\/revisions"}],"wp:featuredmedia":[{"embeddable":true,"href":"https:\/\/new.igihe.com\/french\/wp-json\/wp\/v2\/media\/4000060713"}],"wp:attachment":[{"href":"https:\/\/new.igihe.com\/french\/wp-json\/wp\/v2\/media?parent=37566"}],"wp:term":[{"taxonomy":"category","embeddable":true,"href":"https:\/\/new.igihe.com\/french\/wp-json\/wp\/v2\/categories?post=37566"},{"taxonomy":"post_tag","embeddable":true,"href":"https:\/\/new.igihe.com\/french\/wp-json\/wp\/v2\/tags?post=37566"},{"taxonomy":"byline","embeddable":true,"href":"https:\/\/new.igihe.com\/french\/wp-json\/wp\/v2\/byline?post=37566"},{"taxonomy":"hashtag","embeddable":true,"href":"https:\/\/new.igihe.com\/french\/wp-json\/wp\/v2\/hashtag?post=37566"}],"curies":[{"name":"wp","href":"https:\/\/api.w.org\/{rel}","templated":true}]}}