{"id":37562,"date":"2025-05-05T11:24:41","date_gmt":"2025-05-05T11:24:41","guid":{"rendered":"https:\/\/new.igihe.com\/french\/Nduhungirehe-Le-moment-n-est-pas-encore-venu-pour-renouer-avec-la-Belgique-37562\/"},"modified":"2025-05-07T14:21:56","modified_gmt":"2025-05-07T14:21:56","slug":"Nduhungirehe-Le-moment-n-est-pas-encore-venu-pour-renouer-avec-la-Belgique","status":"publish","type":"post","link":"https:\/\/new.igihe.com\/french\/Nduhungirehe-Le-moment-n-est-pas-encore-venu-pour-renouer-avec-la-Belgique\/","title":{"rendered":"Nduhungirehe : &#8220;Le moment n\u2019est pas encore venu&#8221; pour renouer avec la Belgique"},"content":{"rendered":"<p>Dans une interview accord\u00e9e \u00e0 la &#8221; Rwanda Broadcasting Agency &#8221; ce 4 mai 2025, le ministre a soulign\u00e9 que la priorit\u00e9 du Rwanda \u00e9tait de se concentrer sur la r\u00e9solution du conflit en cours en R\u00e9publique D\u00e9mocratique du Congo, plut\u00f4t que de s&#8217;engager dans des n\u00e9gociations avec la Belgique. <\/p>\n<p>&#8220;Nous nous focalisons actuellement sur la gestion du grave conflit qui secoue l\u2019Est de la RDC. Les questions li\u00e9es \u00e0 la Belgique seront abord\u00e9es en temps voulu&#8221;, a expliqu\u00e9 Amb. Nduhungirehe.<\/p>\n<p>Le ministre a \u00e9galement r\u00e9agi aux r\u00e9centes visites du ministre belge des Affaires \u00e9trang\u00e8res, Maxime Pr\u00e9vot, qui s\u2019est rendu dans plusieurs pays de la r\u00e9gion, dont l\u2019Ouganda, le Burundi et la RDC. <\/p>\n<p>Lors de son passage en Ouganda, Pr\u00e9vot aurait sollicit\u00e9 le Pr\u00e9sident Yoweri Kaguta Museveni afin d\u2019encourager une r\u00e9conciliation entre le Rwanda et la Belgique. <\/p>\n<p>Amb. Nduhungirehe a indiqu\u00e9 avoir appris cette initiative par les m\u00e9dias, pr\u00e9cisant qu\u2019aucune communication officielle n\u2019avait \u00e9t\u00e9 re\u00e7ue de la part du gouvernement ougandais.<\/p>\n<p>Interrog\u00e9 sur la possibilit\u00e9 d\u2019engager des n\u00e9gociations avec la Belgique en vue d\u2019un r\u00e9tablissement des relations, le ministre a \u00e9t\u00e9 cat\u00e9gorique.<\/p>\n<p>&#8220;Ce moment n\u2019est pas encore arriv\u00e9. Nous sommes actuellement confront\u00e9s \u00e0 des probl\u00e8mes dans la r\u00e9gion que nous tentons de r\u00e9soudre. Lorsque le moment viendra pour ces autres questions, nous prendrons une d\u00e9cision en temps voulu&#8221;, a-t-il d\u00e9clar\u00e9.<\/p>\n<p>Le Rwanda a rompu ses relations diplomatiques avec la Belgique en mars 2025, \u00e0 la suite des appels lanc\u00e9s par Bruxelles en faveur de sanctions internationales contre Kigali, accus\u00e9 de soutenir le groupe arm\u00e9 M23 actif dans l\u2019est de la RDC. Cette rupture a \u00e9t\u00e9 suivie de plusieurs mesures, dont la suspension des projets de d\u00e9veloppement belges au Rwanda, \u00e9valu\u00e9s \u00e0 plus de 95 millions d\u2019euros. <\/p>\n<p>En outre, les organisations non gouvernementales op\u00e9rant au Rwanda en collaboration avec la Belgique ont \u00e9t\u00e9 interdites de toute interaction avec le gouvernement Belge ou ses institutions affili\u00e9es.<\/p>\n<p>Le Rwanda a cat\u00e9goriquement rejet\u00e9 ces accusations et a d\u00e9nonc\u00e9 le r\u00f4le historique de la Belgique dans la r\u00e9gion des Grands Lacs, en particulier en RDC et au Burundi. <\/p>\n<p>Le ministre Nduhungirehe a soulign\u00e9 que la Belgique ne disposait plus de l\u00e9gitimit\u00e9 requise pour jouer un r\u00f4le de m\u00e9diateur dans la r\u00e9gion, en raison de ses prises de position partiales sur la crise.<\/p>\n<p>Parall\u00e8lement, Amb. Nduhungirehe a pr\u00e9cis\u00e9 que la Belgique ne devait en aucun cas \u00eatre impliqu\u00e9e dans les n\u00e9gociations en cours visant \u00e0 d\u00e9samorcer les tensions entre le Rwanda et la RDC. <\/p>\n<p>Ces pourparlers, qui s\u2019inscrivent dans les efforts pour restaurer la stabilit\u00e9 dans l\u2019est de la RDC, incluent des partenaires tels que les \u00c9tats-Unis, le Qatar et la France. Bien que la Belgique ait manifest\u00e9 son souhait d\u2019y participer, elle se heurte \u00e0 un obstacle de taille : la rupture des relations diplomatiques avec le Rwanda.<\/p>\n<p>Lors de sa visite en R\u00e9publique d\u00e9mocratique du Congo, le ministre belge des Affaires \u00e9trang\u00e8res, Maxime Pr\u00e9vot, a rappel\u00e9 qu\u2019un m\u00e9diateur ne peut jouer son r\u00f4le que s\u2019il est accept\u00e9 par toutes les parties impliqu\u00e9es dans un conflit. <\/p>\n<p>Or, le Rwanda ne consid\u00e8re plus la Belgique comme un acteur impartial. L\u2019ambassadeur Olivier Nduhungirehe a soulign\u00e9 qu&#8217;en raison de son parti pris \u00e9vident et de son soutien affirm\u00e9 \u00e0 la RDC, la Belgique ne saurait \u00eatre per\u00e7ue comme un interlocuteur cr\u00e9dible dans ces pourparlers.<\/p>\n<p>\u00ab Que le ministre belge des Affaires \u00e9trang\u00e8res visite d&#8217;autres pays de la r\u00e9gion rel\u00e8ve de son droit souverain, mais les d\u00e9marches qu\u2019il y entreprend ne concernent pas le Rwanda \u00bb, a d\u00e9clar\u00e9 le ministre Nduhungirehe, ajoutant que la Belgique ne devrait pas chercher \u00e0 s\u2019impliquer dans ces n\u00e9gociations.<\/p>\n<p>L\u2019ambassadeur Nduhungirehe a fermement d\u00e9nonc\u00e9 l\u2019usage abusif par la Belgique de son influence, notamment en soutenant ouvertement le gouvernement congolais et en incitant la communaut\u00e9 internationale \u00e0 adopter des mesures contre le Rwanda. Selon lui, ce positionnement a fait perdre \u00e0 la Belgique toute l\u00e9gitimit\u00e9 dans la r\u00e9gion.<\/p>\n<figure class=\"spip-document spip-document-60705 aligncenter\"><img decoding=\"async\" src=\"https:\/\/fr.igihe.com\/IMG\/jpg\/brdc-2.jpg\" alt=\"Maxime Pr\u00e9vot s\u2019est r\u00e9cemment rendu dans plusieurs pays de la r\u00e9gion, dont l\u2019Ouganda, le Burundi et la RDC\" \/><\/figure>\n","protected":false},"excerpt":{"rendered":"<p>Le Ministre des Affaires \u00e9trang\u00e8res, Amb. Olivier Nduhungirehe, a indiqu\u00e9 qu&#8217;il n&#8217;y avait actuellement aucune discussion en cours pour r\u00e9tablir les relations diplomatiques entre le Rwanda et la Belgique, soulignant que ce moment n&#8217;\u00e9tait pas encore arriv\u00e9.<\/p>\n","protected":false},"author":488,"featured_media":4000060704,"comment_status":"open","ping_status":"open","sticky":false,"template":"","format":"standard","meta":{"footnotes":""},"categories":[7544],"tags":[7605],"byline":[9865],"hashtag":[],"class_list":["post-37562","post","type-post","status-publish","format-standard","has-post-thumbnail","hentry","category-politique","tag-homenews","byline-alain-bertrand-tunezerwe"],"bylines":[{"id":9865,"name":"Alain Bertrand Tunezerwe","slug":"alain-bertrand-tunezerwe","description":"","image":{"id":0,"url":"https:\/\/secure.gravatar.com\/avatar\/?s=96&d=mm&f=y&r=g","alt":"Default avatar","title":"Default avatar","caption":"","mime_type":"image\/jpeg","sizes":[]},"user_id":452}],"contributors":[{"id":9865,"name":"Alain Bertrand Tunezerwe","slug":"alain-bertrand-tunezerwe","description":"","image":{"id":0,"url":"https:\/\/secure.gravatar.com\/avatar\/?s=96&d=mm&f=y&r=g","alt":"Default avatar","title":"Default avatar","caption":"","mime_type":"image\/jpeg","sizes":[]},"user_id":452}],"featured_image":{"id":4000060704,"url":"https:\/\/fr-images.igihe.com\/IMG\/logo\/ond_cp-7.jpg","alt":"","caption":"","mime_type":"image\/jpeg","width":0,"height":0,"sizes":{"thumbnail":{"url":"https:\/\/fr-images.igihe.com\/IMG\/logo\/ond_cp-7.jpg","width":1,"height":1},"medium":{"url":"https:\/\/fr-images.igihe.com\/IMG\/logo\/ond_cp-7.jpg","width":1,"height":1},"medium_large":{"url":"https:\/\/fr-images.igihe.com\/IMG\/logo\/ond_cp-7.jpg","width":1,"height":1},"large":{"url":"https:\/\/fr-images.igihe.com\/IMG\/logo\/ond_cp-7.jpg","width":1,"height":1},"full":{"url":"https:\/\/fr-images.igihe.com\/IMG\/logo\/ond_cp-7.jpg","width":0,"height":0}}},"_links":{"self":[{"href":"https:\/\/new.igihe.com\/french\/wp-json\/wp\/v2\/posts\/37562","targetHints":{"allow":["GET"]}}],"collection":[{"href":"https:\/\/new.igihe.com\/french\/wp-json\/wp\/v2\/posts"}],"about":[{"href":"https:\/\/new.igihe.com\/french\/wp-json\/wp\/v2\/types\/post"}],"author":[{"embeddable":true,"href":"https:\/\/new.igihe.com\/french\/wp-json\/wp\/v2\/users\/488"}],"replies":[{"embeddable":true,"href":"https:\/\/new.igihe.com\/french\/wp-json\/wp\/v2\/comments?post=37562"}],"version-history":[{"count":0,"href":"https:\/\/new.igihe.com\/french\/wp-json\/wp\/v2\/posts\/37562\/revisions"}],"wp:featuredmedia":[{"embeddable":true,"href":"https:\/\/new.igihe.com\/french\/wp-json\/wp\/v2\/media\/4000060704"}],"wp:attachment":[{"href":"https:\/\/new.igihe.com\/french\/wp-json\/wp\/v2\/media?parent=37562"}],"wp:term":[{"taxonomy":"category","embeddable":true,"href":"https:\/\/new.igihe.com\/french\/wp-json\/wp\/v2\/categories?post=37562"},{"taxonomy":"post_tag","embeddable":true,"href":"https:\/\/new.igihe.com\/french\/wp-json\/wp\/v2\/tags?post=37562"},{"taxonomy":"byline","embeddable":true,"href":"https:\/\/new.igihe.com\/french\/wp-json\/wp\/v2\/byline?post=37562"},{"taxonomy":"hashtag","embeddable":true,"href":"https:\/\/new.igihe.com\/french\/wp-json\/wp\/v2\/hashtag?post=37562"}],"curies":[{"name":"wp","href":"https:\/\/api.w.org\/{rel}","templated":true}]}}