{"id":37561,"date":"2025-05-05T09:33:22","date_gmt":"2025-05-05T09:33:22","guid":{"rendered":"https:\/\/new.igihe.com\/french\/La-SADC-entame-sa-deuxieme-phase-de-retrait-via-le-Rwanda-37561\/"},"modified":"2025-05-07T11:16:51","modified_gmt":"2025-05-07T11:16:51","slug":"La-SADC-entame-sa-deuxieme-phase-de-retrait-via-le-Rwanda","status":"publish","type":"post","link":"https:\/\/new.igihe.com\/french\/La-SADC-entame-sa-deuxieme-phase-de-retrait-via-le-Rwanda\/","title":{"rendered":"La SADC entame sa deuxi\u00e8me phase de retrait via le Rwanda"},"content":{"rendered":"<p>Le premier contingent a quitt\u00e9 l\u2019est de la RDC le 29 avril 2025. Il \u00e9tait compos\u00e9 de 13 v\u00e9hicules transportant du mat\u00e9riel militaire, accompagn\u00e9s de 57 soldats. Ce groupe avait pour mission, pr\u00e9parer l\u2019accueil des unit\u00e9s suivantes.<\/p>\n<p>Ce 4 mai 2025, un deuxi\u00e8me convoi a franchi la fronti\u00e8re entre la RDC et le Rwanda en passant par Rubavu. Ce nouveau contingent comprenait plusieurs v\u00e9hicules, majoritairement charg\u00e9s d\u2019\u00e9quipements militaires. D\u2019apr\u00e8s les observations du m\u00e9dia &#8220;IGIHE&#8221;, 34 v\u00e9hicules ont \u00e9t\u00e9 d\u00e9nombr\u00e9s, la plupart affect\u00e9s au transport de mat\u00e9riel plut\u00f4t que de personnel. Le premier camion est arriv\u00e9 \u00e0 Mahoko vers 1h20 du matin. Le nombre exact de soldats accompagnant ce convoi n\u2019a pas \u00e9t\u00e9 pr\u00e9cis\u00e9.<\/p>\n<p>Lors d\u2019une conf\u00e9rence de presse tenue le 4 mai 2025, le chef d\u2019\u00e9tat-major des forces arm\u00e9es sud-africaines, le g\u00e9n\u00e9ral Rudzani Maphwanya, a annonc\u00e9 que les troupes du premier contingent \u00e9taient d\u00e9j\u00e0 arriv\u00e9es en Tanzanie.<\/p>\n<p>\u00ab Elles se trouvent d\u00e9sormais dans la zone de regroupement pr\u00e9vue pour l\u2019ensemble des forces, en attendant l\u2019arriv\u00e9e des autres unit\u00e9s \u00bb, a-t-il pr\u00e9cis\u00e9.<\/p>\n<p>L\u2019ensemble des troupes de la SADC quittera la RDC par voie terrestre en transitant par le Rwanda, avant de rejoindre leur centre de rassemblement en Tanzanie. Si ce trajet avait initialement \u00e9t\u00e9 consid\u00e9r\u00e9 comme long, il s\u2019est finalement av\u00e9r\u00e9 r\u00e9alisable en une seule journ\u00e9e.<\/p>\n<p>Le g\u00e9n\u00e9ral Maphwanya a \u00e9galement confirm\u00e9 que le retrait complet des forces de la SADC de l\u2019est de la RDC serait finalis\u00e9 d\u2019ici la fin du mois de mai 2025. Il s\u2019est f\u00e9licit\u00e9 de la conduite de ses troupes sur le terrain. Toutefois, des critiques estiment que ce retrait s\u2019apparente \u00e0 un \u00e9chec, rappelant que les soldats de la SADC sont rest\u00e9s pr\u00e8s de quatre mois stationn\u00e9s dans des zones sous contr\u00f4le du groupe arm\u00e9 M23, qu\u2019ils \u00e9taient pourtant cens\u00e9s affronter.<\/p>\n<p>Une fois regroup\u00e9s en Tanzanie, les soldats seront ensuite rapatri\u00e9s dans leurs pays respectifs. L\u2019Afrique du Sud a indiqu\u00e9 que ses militaires regagneraient leur territoire par voie a\u00e9rienne, tandis que le mat\u00e9riel militaire sera transport\u00e9 par voie maritime. Les troupes tanzaniennes rejoindront directement leurs garnisons habituelles, tandis que le Malawi d\u00e9terminera le mode de rapatriement le plus adapt\u00e9 pour ses soldats.<\/p>\n<figure class=\"spip-document spip-document-60702 aligncenter\"><img decoding=\"async\" src=\"https:\/\/fr.igihe.com\/IMG\/jpg\/s1-8.jpg\" alt=\"Les troupes de la SADC, d\u00e9ploy\u00e9es depuis plus d\u2019un an en RDC, ont entam\u00e9 la deuxi\u00e8me phase de leur retrait \" \/><\/figure>\n<figure class=\"spip-document spip-document-60701 aligncenter\"><img decoding=\"async\" src=\"https:\/\/fr.igihe.com\/IMG\/jpg\/s2-7.jpg\" alt=\"Les troupes ont transit\u00e9 via le Rwanda vers la Tanzanie\" \/><\/figure>\n<figure class=\"spip-document spip-document-60700 aligncenter\"><img decoding=\"async\" src=\"https:\/\/fr.igihe.com\/IMG\/jpg\/s3-5.jpg\" alt=\"Le premier contingent a quitt\u00e9 l\u2019Est de la RDC le 29 avril 2025\" \/><\/figure>\n<figure class=\"spip-document spip-document-60699 aligncenter\"><img decoding=\"async\" src=\"https:\/\/fr.igihe.com\/IMG\/jpg\/s5-4.jpg\" alt=\"Un deuxi\u00e8me convoi a quitt\u00e9 Rubavu ce 4 mai 2025\" \/><\/figure>\n<figure class=\"spip-document spip-document-60698 aligncenter\"><img decoding=\"async\" src=\"https:\/\/fr.igihe.com\/IMG\/jpg\/s4-5.jpg\" alt=\"Le chef d\u2019\u00e9tat-major des forces arm\u00e9es sud-africaines a indiqu\u00e9 que les troupes du premier contingent \u00e9taient d\u00e9j\u00e0 arriv\u00e9es en Tanzanie\" \/><\/figure>\n","protected":false},"excerpt":{"rendered":"<p>Les troupes de la Communaut\u00e9 de d\u00e9veloppement de l\u2019Afrique australe (SADC), d\u00e9ploy\u00e9es depuis plus d\u2019un an en R\u00e9publique d\u00e9mocratique du Congo, ont entam\u00e9 la deuxi\u00e8me phase de leur retrait en transitant par le Rwanda. Elles se dirigent vers la Tanzanie, o\u00f9 elles seront regroup\u00e9es avant d\u2019\u00eatre rapatri\u00e9es dans leurs pays respectifs.<\/p>\n","protected":false},"author":488,"featured_media":4000060703,"comment_status":"open","ping_status":"open","sticky":false,"template":"","format":"standard","meta":{"footnotes":""},"categories":[7540],"tags":[7605],"byline":[7717],"hashtag":[],"class_list":["post-37561","post","type-post","status-publish","format-standard","has-post-thumbnail","hentry","category-securite","tag-homenews","byline-igihe"],"bylines":[{"id":7717,"name":"IGIHE","slug":"igihe","description":"","image":{"id":0,"url":"https:\/\/secure.gravatar.com\/avatar\/?s=96&d=mm&f=y&r=g","alt":"Default avatar","title":"Default avatar","caption":"","mime_type":"image\/jpeg","sizes":[]},"user_id":393}],"contributors":[{"id":7717,"name":"IGIHE","slug":"igihe","description":"","image":{"id":0,"url":"https:\/\/secure.gravatar.com\/avatar\/?s=96&d=mm&f=y&r=g","alt":"Default avatar","title":"Default avatar","caption":"","mime_type":"image\/jpeg","sizes":[]},"user_id":393}],"featured_image":{"id":4000060703,"url":"https:\/\/fr-images.igihe.com\/IMG\/logo\/s1_c.jpg","alt":"","caption":"","mime_type":"image\/jpeg","width":0,"height":0,"sizes":{"thumbnail":{"url":"https:\/\/fr-images.igihe.com\/IMG\/logo\/s1_c.jpg","width":1,"height":1},"medium":{"url":"https:\/\/fr-images.igihe.com\/IMG\/logo\/s1_c.jpg","width":1,"height":1},"medium_large":{"url":"https:\/\/fr-images.igihe.com\/IMG\/logo\/s1_c.jpg","width":1,"height":1},"large":{"url":"https:\/\/fr-images.igihe.com\/IMG\/logo\/s1_c.jpg","width":1,"height":1},"full":{"url":"https:\/\/fr-images.igihe.com\/IMG\/logo\/s1_c.jpg","width":0,"height":0}}},"_links":{"self":[{"href":"https:\/\/new.igihe.com\/french\/wp-json\/wp\/v2\/posts\/37561","targetHints":{"allow":["GET"]}}],"collection":[{"href":"https:\/\/new.igihe.com\/french\/wp-json\/wp\/v2\/posts"}],"about":[{"href":"https:\/\/new.igihe.com\/french\/wp-json\/wp\/v2\/types\/post"}],"author":[{"embeddable":true,"href":"https:\/\/new.igihe.com\/french\/wp-json\/wp\/v2\/users\/488"}],"replies":[{"embeddable":true,"href":"https:\/\/new.igihe.com\/french\/wp-json\/wp\/v2\/comments?post=37561"}],"version-history":[{"count":0,"href":"https:\/\/new.igihe.com\/french\/wp-json\/wp\/v2\/posts\/37561\/revisions"}],"wp:featuredmedia":[{"embeddable":true,"href":"https:\/\/new.igihe.com\/french\/wp-json\/wp\/v2\/media\/4000060703"}],"wp:attachment":[{"href":"https:\/\/new.igihe.com\/french\/wp-json\/wp\/v2\/media?parent=37561"}],"wp:term":[{"taxonomy":"category","embeddable":true,"href":"https:\/\/new.igihe.com\/french\/wp-json\/wp\/v2\/categories?post=37561"},{"taxonomy":"post_tag","embeddable":true,"href":"https:\/\/new.igihe.com\/french\/wp-json\/wp\/v2\/tags?post=37561"},{"taxonomy":"byline","embeddable":true,"href":"https:\/\/new.igihe.com\/french\/wp-json\/wp\/v2\/byline?post=37561"},{"taxonomy":"hashtag","embeddable":true,"href":"https:\/\/new.igihe.com\/french\/wp-json\/wp\/v2\/hashtag?post=37561"}],"curies":[{"name":"wp","href":"https:\/\/api.w.org\/{rel}","templated":true}]}}