{"id":37560,"date":"2025-05-05T09:34:39","date_gmt":"2025-05-05T09:34:39","guid":{"rendered":"https:\/\/new.igihe.com\/french\/L-Afrique-du-Sud-justifie-le-retrait-des-troupes-de-la-SADC-37560\/"},"modified":"2025-05-05T08:57:01","modified_gmt":"2025-05-05T08:57:01","slug":"L-Afrique-du-Sud-justifie-le-retrait-des-troupes-de-la-SADC","status":"publish","type":"post","link":"https:\/\/new.igihe.com\/french\/L-Afrique-du-Sud-justifie-le-retrait-des-troupes-de-la-SADC\/","title":{"rendered":"L&#8217;Afrique du Sud justifie le retrait des troupes de la SADC"},"content":{"rendered":"<p>D\u00e9ploy\u00e9es en d\u00e9cembre 2023, les forces de la SADC avaient pour mission, soutenir les Forces arm\u00e9es de la R\u00e9publique d\u00e9mocratique du Congo (FARDC) dans leur lutte contre le M23, un groupe arm\u00e9 qui affirme d\u00e9fendre les droits fondamentaux de la communaut\u00e9 Banyamulenge et des Tutsi congolais, victimes de pers\u00e9cutions, d\u2019exils forc\u00e9s et de massacres.<\/p>\n<p>Malgr\u00e9 une strat\u00e9gie militaire conjointe, les troupes de la SADC ont \u00e9t\u00e9 encercl\u00e9es en janvier 2025 \u00e0 Sake et \u00e0 Goma, dans l\u2019est de la RDC, subissant de lourdes pertes.<\/p>\n<p>La pr\u00e9sence de la mission, baptis\u00e9e SAMIDRC, a rapidement suscit\u00e9 la controverse, Certains accusant les pays contributeurs de poursuivre avant tout des int\u00e9r\u00eats \u00e9conomiques, en particulier dans le secteur minier congolais. Le 13 mars 2025, les chefs d\u2019\u00c9tat de la SADC ont d\u00e9cid\u00e9 d\u2019y mettre un terme.<\/p>\n<p>Lors d\u2019une conf\u00e9rence de presse tenue ce 4 mai 2025, la ministre sud-africaine de la D\u00e9fense, Angie Motshekga, a salu\u00e9 la contribution de la mission de la SAMIDRC \u00e0 la stabilisation de l\u2019est de la RDC. Selon elle, &#8220;cette op\u00e9ration a permis de jeter les bases d\u2019un processus de paix durable dans la r\u00e9gion&#8221;.<\/p>\n<p>De son c\u00f4t\u00e9, le g\u00e9n\u00e9ral Rudzani Maphwanya a soulign\u00e9 que le retrait des troupes ne devait pas \u00eatre per\u00e7u comme une d\u00e9faite, mais comme un choix strat\u00e9gique en faveur d\u2019une solution politique.<\/p>\n<p>\u00ab Ce retrait n\u2019est ni un accident, ni un signe de faiblesse \u00bb, a-t-il d\u00e9clar\u00e9. \u00ab Il constitue une ouverture pour favoriser le dialogue politique, condition essentielle \u00e0 l\u2019instauration d\u2019une paix durable. Nous quittons la r\u00e9gion avec fiert\u00e9, dans un contexte de cessez-le-feu : le M23 a accept\u00e9 de suspendre les hostilit\u00e9s et le gouvernement congolais s\u2019est engag\u00e9 \u00e0 signer un accord en ce sens. \u00bb<\/p>\n<p>Le retrait logistique a d\u00e9but\u00e9 le 29 avril 2025, avec un premier convoi de 13 v\u00e9hicules transportant 57 soldats qui a transit\u00e9 par le Rwanda vers une zone de rassemblement, tandis qu&#8217;un second d\u00e9part a eu lieu ce 4 mai. L\u2019op\u00e9ration de retrait compl\u00e8te devrait s\u2019achever d\u2019ici la fin du mois. Les armes sud-africaines seront rapatri\u00e9es par voie maritime, tandis que les militaires rentreront par avion. Quant aux troupes tanzaniennes, elles regagneront directement leurs casernes d\u2019origine.<\/p>\n<p>En janvier dernier, alors que les affrontements devenaient de plus en plus intenses, la SAMIDRC, \u00e0 court de moyens, s\u2019est retrouv\u00e9e encercl\u00e9e et contrainte au repli. Malgr\u00e9 cet \u00e9chec sur le terrain, le g\u00e9n\u00e9ral Maphwanya d\u00e9fend le bilan politique de la mission. Selon lui, le lancement d\u2019un dialogue t\u00e9moigne de l\u2019impact de la SAMIDRC dans l\u2019ouverture d\u2019un espace pour une solution inclusive au conflit.<\/p>\n<p>\u00ab Nous estimons que la SAMIDRC a jou\u00e9 un r\u00f4le essentiel dans cette avanc\u00e9e \u00bb, a affirm\u00e9 le g\u00e9n\u00e9ral Maphwanya, soulignant que les efforts de paix n\u2019ont exclu aucun acteur, fid\u00e8le \u00e0 l\u2019objectif initial de la mission.<\/p>\n<p>L\u2019Afrique du Sud continue de maintenir des troupes en R\u00e9publique d\u00e9mocratique du Congo dans le cadre de la MONUSCO, la mission des Nations Unies, tandis que le contingent de la SAMIDRC est actuellement en cours de rapatriement.<\/p>\n<figure class=\"spip-document spip-document-60697 aligncenter\"><img decoding=\"async\" src=\"https:\/\/fr.igihe.com\/IMG\/jpg\/gmph.jpg\" alt=\"Malgr\u00e9 l&#039;\u00e9chec sur terrain de la SAMIDRC, le g\u00e9n\u00e9ral Maphwanya d\u00e9fend le bilan politique de la mission\" \/><\/figure>\n","protected":false},"excerpt":{"rendered":"<p>Le chef d\u2019\u00e9tat-major des arm\u00e9es sud-africaines, le g\u00e9n\u00e9ral Rudzani Maphwanya, a d\u00e9clar\u00e9 que le retrait des troupes de la Communaut\u00e9 de d\u00e9veloppement de l\u2019Afrique australe (SADC) de l\u2019est de la R\u00e9publique d\u00e9mocratique du Congo s\u2019expliquait par le retour progressif de la paix dans la r\u00e9gion. Une position officielle qui ne fait cependant pas l\u2019unanimit\u00e9 : certains observateurs y voient plut\u00f4t le signe d\u2019un repli forc\u00e9, r\u00e9v\u00e9lateur de la faiblesse de ces troupes face au M23.<\/p>\n","protected":false},"author":488,"featured_media":4000060696,"comment_status":"open","ping_status":"open","sticky":false,"template":"","format":"standard","meta":{"footnotes":""},"categories":[7540],"tags":[7605],"byline":[7717],"hashtag":[],"class_list":["post-37560","post","type-post","status-publish","format-standard","has-post-thumbnail","hentry","category-securite","tag-homenews","byline-igihe"],"bylines":[{"id":7717,"name":"IGIHE","slug":"igihe","description":"","image":{"id":0,"url":"https:\/\/secure.gravatar.com\/avatar\/?s=96&d=mm&f=y&r=g","alt":"Default avatar","title":"Default avatar","caption":"","mime_type":"image\/jpeg","sizes":[]},"user_id":393}],"contributors":[{"id":7717,"name":"IGIHE","slug":"igihe","description":"","image":{"id":0,"url":"https:\/\/secure.gravatar.com\/avatar\/?s=96&d=mm&f=y&r=g","alt":"Default avatar","title":"Default avatar","caption":"","mime_type":"image\/jpeg","sizes":[]},"user_id":393}],"featured_image":{"id":4000060696,"url":"https:\/\/fr-images.igihe.com\/IMG\/logo\/gmph_cp.jpg","alt":"","caption":"","mime_type":"image\/jpeg","width":0,"height":0,"sizes":{"thumbnail":{"url":"https:\/\/fr-images.igihe.com\/IMG\/logo\/gmph_cp.jpg","width":1,"height":1},"medium":{"url":"https:\/\/fr-images.igihe.com\/IMG\/logo\/gmph_cp.jpg","width":1,"height":1},"medium_large":{"url":"https:\/\/fr-images.igihe.com\/IMG\/logo\/gmph_cp.jpg","width":1,"height":1},"large":{"url":"https:\/\/fr-images.igihe.com\/IMG\/logo\/gmph_cp.jpg","width":1,"height":1},"full":{"url":"https:\/\/fr-images.igihe.com\/IMG\/logo\/gmph_cp.jpg","width":0,"height":0}}},"_links":{"self":[{"href":"https:\/\/new.igihe.com\/french\/wp-json\/wp\/v2\/posts\/37560","targetHints":{"allow":["GET"]}}],"collection":[{"href":"https:\/\/new.igihe.com\/french\/wp-json\/wp\/v2\/posts"}],"about":[{"href":"https:\/\/new.igihe.com\/french\/wp-json\/wp\/v2\/types\/post"}],"author":[{"embeddable":true,"href":"https:\/\/new.igihe.com\/french\/wp-json\/wp\/v2\/users\/488"}],"replies":[{"embeddable":true,"href":"https:\/\/new.igihe.com\/french\/wp-json\/wp\/v2\/comments?post=37560"}],"version-history":[{"count":0,"href":"https:\/\/new.igihe.com\/french\/wp-json\/wp\/v2\/posts\/37560\/revisions"}],"wp:featuredmedia":[{"embeddable":true,"href":"https:\/\/new.igihe.com\/french\/wp-json\/wp\/v2\/media\/4000060696"}],"wp:attachment":[{"href":"https:\/\/new.igihe.com\/french\/wp-json\/wp\/v2\/media?parent=37560"}],"wp:term":[{"taxonomy":"category","embeddable":true,"href":"https:\/\/new.igihe.com\/french\/wp-json\/wp\/v2\/categories?post=37560"},{"taxonomy":"post_tag","embeddable":true,"href":"https:\/\/new.igihe.com\/french\/wp-json\/wp\/v2\/tags?post=37560"},{"taxonomy":"byline","embeddable":true,"href":"https:\/\/new.igihe.com\/french\/wp-json\/wp\/v2\/byline?post=37560"},{"taxonomy":"hashtag","embeddable":true,"href":"https:\/\/new.igihe.com\/french\/wp-json\/wp\/v2\/hashtag?post=37560"}],"curies":[{"name":"wp","href":"https:\/\/api.w.org\/{rel}","templated":true}]}}