{"id":37554,"date":"2025-05-03T10:58:46","date_gmt":"2025-05-03T10:58:46","guid":{"rendered":"https:\/\/new.igihe.com\/french\/Augmentation-significative-de-la-creation-d-emplois-au-Rwanda-en-2024-37554\/"},"modified":"2025-05-06T11:38:13","modified_gmt":"2025-05-06T11:38:13","slug":"Augmentation-significative-de-la-creation-d-emplois-au-Rwanda-en-2024","status":"publish","type":"post","link":"https:\/\/new.igihe.com\/french\/Augmentation-significative-de-la-creation-d-emplois-au-Rwanda-en-2024\/","title":{"rendered":"Augmentation significative de la cr\u00e9ation d\u2019emplois au Rwanda en 2024"},"content":{"rendered":"<p>Lors d&#8217;une interview accord\u00e9e \u00e0 la &#8220;Radio Rwanda&#8221; \u00e0 l&#8217;occasion de la Journ\u00e9e internationale du travail c\u00e9l\u00e9br\u00e9e le 1er mai, la ministre Nkulikiyinka a reconnu que le secteur de l&#8217;emploi au Rwanda reste confront\u00e9 \u00e0 des d\u00e9fis, tout en soulignant les avanc\u00e9es notables enregistr\u00e9es ces derni\u00e8res ann\u00e9es. <\/p>\n<p>Interrog\u00e9e sur l\u2019impact concret des emplois cr\u00e9\u00e9s, la ministre a pr\u00e9cis\u00e9 qu\u2019un dispositif de suivi est en cours de mise en place pour s\u2019assurer que ces postes ne se limitent pas \u00e0 des chiffres, mais qu\u2019ils contribuent r\u00e9ellement \u00e0 l\u2019am\u00e9lioration des conditions de vie des travailleurs.<\/p>\n<p>\u00ab Un m\u00e9canisme sera mis en place pour garantir que ces emplois aient un impact positif sur les b\u00e9n\u00e9ficiaires, et qu\u2019ils ne se r\u00e9sument pas \u00e0 des donn\u00e9es quantitatives sans consid\u00e9ration pour leur nature ou leur utilit\u00e9 \u00bb, a-t-elle d\u00e9clar\u00e9.<\/p>\n<p>Pour sa part, la pr\u00e9sidente de la F\u00e9d\u00e9ration des Entreprises Priv\u00e9es du Rwanda, Jeanne Fran\u00e7oise Mubiligi, a indiqu\u00e9 qu\u2019en 2024, le nombre d\u2019entreprises priv\u00e9es avait enregistr\u00e9 une hausse de 43 %, ajoutant que, sur les sept derni\u00e8res ann\u00e9es, le secteur priv\u00e9 avait g\u00e9n\u00e9r\u00e9 pr\u00e8s de 4,4 millions d\u2019emplois, repr\u00e9sentant environ 95 % de l\u2019ensemble des postes cr\u00e9\u00e9s entre 2017 et 2024.<\/p>\n<p>Malgr\u00e9 les efforts soutenus en faveur de la cr\u00e9ation d\u2019emplois au Rwanda, plusieurs d\u00e9fis continuent d\u2019entraver l\u2019am\u00e9lioration des conditions de travail, en raison de facteurs divers.<\/p>\n<p>Parmi les principaux obstacles figurent les dysfonctionnements dans les processus de recrutement, ainsi que l\u2019inad\u00e9quation entre les comp\u00e9tences de certains dipl\u00f4m\u00e9s de l\u2019enseignement sup\u00e9rieur et les exigences du march\u00e9.<\/p>\n<p>Le secteur priv\u00e9 souligne \u00e9galement l\u2019impact d\u00e9l\u00e9t\u00e8re de la corruption \u2014 qu\u2019il s\u2019agisse de pots-de-vin, de faveurs sexuelles ou de pratiques de n\u00e9potisme \u2014 sur l\u2019\u00e9quit\u00e9 dans l\u2019acc\u00e8s \u00e0 l\u2019emploi, compromettant ainsi les efforts visant \u00e0 assainir le monde du travail.<\/p>\n<p>\u00c0 ces difficult\u00e9s s\u2019ajoutent les conditions pr\u00e9caires des travailleurs du secteur informel, souvent confront\u00e9s \u00e0 de faibles r\u00e9mun\u00e9rations, \u00e0 l\u2019absence de paiements via des circuits bancaires, ainsi qu\u2019au manque de protection sociale et d\u2019assurance.<\/p>\n<p>Parmi les priorit\u00e9s du minist\u00e8re de la Fonction publique et du Travail (MIFOTRA) et de ses partenaires figurent le renforcement de la formation pratique des dipl\u00f4m\u00e9s, afin qu\u2019ils acqui\u00e8rent des comp\u00e9tences align\u00e9es sur les besoins r\u00e9els du march\u00e9, ainsi que la lutte contre toutes les formes de corruption.<\/p>\n<p>La pr\u00e9sidente de la F\u00e9d\u00e9ration du secteur priv\u00e9, Jeanne Francoise Mubiligi, a soulign\u00e9 l\u2019importance de consolider le programme \u00ab\u202fIGIRA KU MURIMO\u202f\u00bb, afin que les \u00e9tudiants terminent leur parcours acad\u00e9mique dot\u00e9s de comp\u00e9tences concr\u00e8tes, favorisant leur int\u00e9gration professionnelle.<\/p>\n<p>\u00ab\u202fParmi les \u00e9tudiants ayant effectu\u00e9 un stage professionnel, entre 70 % et 75 % se voient proposer un emploi par l\u2019entreprise qui les a accueillis, \u00e0 l\u2019issue de leur stage.\u202f\u00bb a-t-elle indiqu\u00e9. <\/p>\n<p>D\u2019apr\u00e8s un rapport r\u00e9cent de l\u2019Institut national de la statistique du Rwanda, plus de 5,3 millions de personnes \u00e2g\u00e9es de 16 ans et plus sont actives sur le march\u00e9 du travail, dont 4,5 millions occupent actuellement un emploi.<\/p>\n<figure class=\"spip-document spip-document-60677 aligncenter\"><img decoding=\"async\" src=\"https:\/\/fr.igihe.com\/IMG\/jpg\/ce.jpg\" alt=\"358\u202f564 emplois ont \u00e9t\u00e9 g\u00e9n\u00e9r\u00e9s en 2024, soit plus du double des 155\u202f994 cr\u00e9\u00e9s en 2017\" \/><\/figure>\n","protected":false},"excerpt":{"rendered":"<p>La Ministre de la Fonction publique et du Travail (MIFOTRA), Ambassadeur Christine Nkulikiyinka, a annonc\u00e9 une progression notable de la cr\u00e9ation d\u2019emplois au Rwanda. D\u2019apr\u00e8s les donn\u00e9es du minist\u00e8re, 358\u202f564 emplois ont \u00e9t\u00e9 g\u00e9n\u00e9r\u00e9s en 2024, soit plus du double des 155\u202f994 cr\u00e9\u00e9s en 2017.<\/p>\n","protected":false},"author":488,"featured_media":4000060676,"comment_status":"open","ping_status":"open","sticky":false,"template":"","format":"standard","meta":{"footnotes":""},"categories":[7539],"tags":[7603,7605],"byline":[9865],"hashtag":[],"class_list":["post-37554","post","type-post","status-publish","format-standard","has-post-thumbnail","hentry","category-economie-13","tag-featured-news-home","tag-homenews","byline-alain-bertrand-tunezerwe"],"bylines":[{"id":9865,"name":"Alain Bertrand Tunezerwe","slug":"alain-bertrand-tunezerwe","description":"","image":{"id":0,"url":"https:\/\/secure.gravatar.com\/avatar\/?s=96&d=mm&f=y&r=g","alt":"Default avatar","title":"Default avatar","caption":"","mime_type":"image\/jpeg","sizes":[]},"user_id":452}],"contributors":[{"id":9865,"name":"Alain Bertrand Tunezerwe","slug":"alain-bertrand-tunezerwe","description":"","image":{"id":0,"url":"https:\/\/secure.gravatar.com\/avatar\/?s=96&d=mm&f=y&r=g","alt":"Default avatar","title":"Default avatar","caption":"","mime_type":"image\/jpeg","sizes":[]},"user_id":452}],"featured_image":{"id":4000060676,"url":"https:\/\/fr-images.igihe.com\/IMG\/logo\/ce_cp.jpg","alt":"","caption":"","mime_type":"image\/jpeg","width":0,"height":0,"sizes":{"thumbnail":{"url":"https:\/\/fr-images.igihe.com\/IMG\/logo\/ce_cp.jpg","width":1,"height":1},"medium":{"url":"https:\/\/fr-images.igihe.com\/IMG\/logo\/ce_cp.jpg","width":1,"height":1},"medium_large":{"url":"https:\/\/fr-images.igihe.com\/IMG\/logo\/ce_cp.jpg","width":1,"height":1},"large":{"url":"https:\/\/fr-images.igihe.com\/IMG\/logo\/ce_cp.jpg","width":1,"height":1},"full":{"url":"https:\/\/fr-images.igihe.com\/IMG\/logo\/ce_cp.jpg","width":0,"height":0}}},"_links":{"self":[{"href":"https:\/\/new.igihe.com\/french\/wp-json\/wp\/v2\/posts\/37554","targetHints":{"allow":["GET"]}}],"collection":[{"href":"https:\/\/new.igihe.com\/french\/wp-json\/wp\/v2\/posts"}],"about":[{"href":"https:\/\/new.igihe.com\/french\/wp-json\/wp\/v2\/types\/post"}],"author":[{"embeddable":true,"href":"https:\/\/new.igihe.com\/french\/wp-json\/wp\/v2\/users\/488"}],"replies":[{"embeddable":true,"href":"https:\/\/new.igihe.com\/french\/wp-json\/wp\/v2\/comments?post=37554"}],"version-history":[{"count":0,"href":"https:\/\/new.igihe.com\/french\/wp-json\/wp\/v2\/posts\/37554\/revisions"}],"wp:featuredmedia":[{"embeddable":true,"href":"https:\/\/new.igihe.com\/french\/wp-json\/wp\/v2\/media\/4000060676"}],"wp:attachment":[{"href":"https:\/\/new.igihe.com\/french\/wp-json\/wp\/v2\/media?parent=37554"}],"wp:term":[{"taxonomy":"category","embeddable":true,"href":"https:\/\/new.igihe.com\/french\/wp-json\/wp\/v2\/categories?post=37554"},{"taxonomy":"post_tag","embeddable":true,"href":"https:\/\/new.igihe.com\/french\/wp-json\/wp\/v2\/tags?post=37554"},{"taxonomy":"byline","embeddable":true,"href":"https:\/\/new.igihe.com\/french\/wp-json\/wp\/v2\/byline?post=37554"},{"taxonomy":"hashtag","embeddable":true,"href":"https:\/\/new.igihe.com\/french\/wp-json\/wp\/v2\/hashtag?post=37554"}],"curies":[{"name":"wp","href":"https:\/\/api.w.org\/{rel}","templated":true}]}}