{"id":37551,"date":"2025-05-03T09:08:22","date_gmt":"2025-05-03T09:08:22","guid":{"rendered":"https:\/\/new.igihe.com\/french\/Le-President-Kagame-accueille-le-General-Doumbouya-dans-sa-ferme-a-Kibugabuga-37551\/"},"modified":"2025-05-05T11:25:15","modified_gmt":"2025-05-05T11:25:15","slug":"Le-President-Kagame-accueille-le-General-Doumbouya-dans-sa-ferme-a-Kibugabuga","status":"publish","type":"post","link":"https:\/\/new.igihe.com\/french\/Le-President-Kagame-accueille-le-General-Doumbouya-dans-sa-ferme-a-Kibugabuga\/","title":{"rendered":"Le Pr\u00e9sident Kagame accueille le G\u00e9n\u00e9ral Doumbouya dans sa ferme \u00e0 Kibugabuga"},"content":{"rendered":"<p>Le G\u00e9n\u00e9ral Mamadi Doumbouya, en visite officielle de trois jours au Rwanda depuis le 1er mai 2025, a pour objectif, consolider les liens d\u2019amiti\u00e9 et de coop\u00e9ration entre les deux nations.<\/p>\n<p>D\u00e8s son arriv\u00e9e, le Pr\u00e9sident guin\u00e9en a \u00e9t\u00e9 chaleureusement accueilli par la communaut\u00e9 guin\u00e9enne lors d\u2019une c\u00e9r\u00e9monie organis\u00e9e \u00e0 Kigali. Les participants ont salu\u00e9 son leadership et exprim\u00e9 leur reconnaissance pour son engagement pour son pays.<\/p>\n<p>Le G\u00e9n\u00e9ral Doumbouya s\u2019\u00e9tait d\u00e9j\u00e0 rendu au Rwanda en ao\u00fbt 2024 pour assister \u00e0 la c\u00e9r\u00e9monie d\u2019investiture du Pr\u00e9sident Paul Kagame, \u00e0 la suite de sa r\u00e9\u00e9lection. Quelques mois plus t\u00f4t, en janvier 2024, il avait \u00e9galement effectu\u00e9 une visite \u00e0 Kigali, consacr\u00e9e au renforcement des relations bilat\u00e9rales.<\/p>\n<p>Le Rwanda et la Guin\u00e9e entretiennent un accord de partenariat visant \u00e0 promouvoir la coop\u00e9ration dans divers secteurs, notamment la technologie, l\u2019agriculture, l\u2019investissement, les services, le tourisme, l\u2019\u00e9nergie et le commerce.<\/p>\n<figure class=\"spip-document spip-document-60668 aligncenter\"><img decoding=\"async\" src=\"https:\/\/fr.igihe.com\/IMG\/jpg\/pk_1-49.jpg\" alt=\"Le Pr\u00e9sident Kagame et la Premi\u00e8re Dame Jeannette Kagame ont acceuilli dans leur ferme de Kibugabuga, le G\u00e9n\u00e9ral Mamadi Doumbouya, ainsi que son \u00e9pouse Lauriane Doumbouya\" \/><\/figure>\n<figure class=\"spip-document spip-document-60667 aligncenter\"><img decoding=\"async\" src=\"https:\/\/fr.igihe.com\/IMG\/jpg\/pk_2-50.jpg\" alt=\"Le G\u00e9n\u00e9ral Doumbouya effectue une visite de trois jours au Rwanda\" \/><\/figure>\n<figure class=\"spip-document spip-document-60666 aligncenter\"><img decoding=\"async\" src=\"https:\/\/fr.igihe.com\/IMG\/jpg\/pk_3-38.jpg\" alt=\"La ferme de Kibugabuga est situ\u00e9e dans l\u2019Est du Rwanda\" \/><\/figure>\n<figure class=\"spip-document spip-document-60665 aligncenter\"><img decoding=\"async\" src=\"https:\/\/fr.igihe.com\/IMG\/jpg\/pk_4-20.jpg\" alt=\"\" \/><\/figure>\n<figure class=\"spip-document spip-document-60664 aligncenter\"><img decoding=\"async\" src=\"https:\/\/fr.igihe.com\/IMG\/jpg\/pk_6-6.jpg\" alt=\"Le Pr\u00e9sident de la Guin\u00e9e-Conakry, ainsi que son \u00e9pouse ont visit\u00e9 la ferme\" \/><\/figure>\n<figure class=\"spip-document spip-document-60671 aligncenter\"><img decoding=\"async\" src=\"https:\/\/fr.igihe.com\/IMG\/jpg\/pk_10.jpg\" alt=\"\" \/><\/figure>\n<figure class=\"spip-document spip-document-60662 aligncenter\"><img decoding=\"async\" src=\"https:\/\/fr.igihe.com\/IMG\/jpg\/pk_7-3.jpg\" alt=\"\" \/><\/figure>\n<figure class=\"spip-document spip-document-60670 aligncenter\"><img decoding=\"async\" src=\"https:\/\/fr.igihe.com\/IMG\/jpg\/cp-4.jpg\" alt=\"\" \/><\/figure>\n<figure class=\"spip-document spip-document-60661 aligncenter\"><img decoding=\"async\" src=\"https:\/\/fr.igihe.com\/IMG\/jpg\/pk_8.jpg\" alt=\"Le Rwanda et la Guin\u00e9e entretiennent des accords de partenariat\" \/><\/figure>\n","protected":false},"excerpt":{"rendered":"<p>Ce vendredi 2 mai 2025, le Pr\u00e9sident Paul Kagame et la Premi\u00e8re Dame Jeannette Kagame ont accueilli, dans leur ferme de Kibugabuga situ\u00e9e dans l\u2019Est du Rwanda, le G\u00e9n\u00e9ral Mamadi Doumbouya, Pr\u00e9sident de la Guin\u00e9e-Conakry, ainsi que son \u00e9pouse Lauriane Doumbouya.<\/p>\n","protected":false},"author":488,"featured_media":4000060669,"comment_status":"open","ping_status":"open","sticky":false,"template":"","format":"standard","meta":{"footnotes":""},"categories":[7529],"tags":[7605],"byline":[7717],"hashtag":[],"class_list":["post-37551","post","type-post","status-publish","format-standard","has-post-thumbnail","hentry","category-actualite-3","tag-homenews","byline-igihe"],"bylines":[{"id":7717,"name":"IGIHE","slug":"igihe","description":"","image":{"id":0,"url":"https:\/\/secure.gravatar.com\/avatar\/?s=96&d=mm&f=y&r=g","alt":"Default avatar","title":"Default avatar","caption":"","mime_type":"image\/jpeg","sizes":[]},"user_id":393}],"contributors":[{"id":7717,"name":"IGIHE","slug":"igihe","description":"","image":{"id":0,"url":"https:\/\/secure.gravatar.com\/avatar\/?s=96&d=mm&f=y&r=g","alt":"Default avatar","title":"Default avatar","caption":"","mime_type":"image\/jpeg","sizes":[]},"user_id":393}],"featured_image":{"id":4000060669,"url":"https:\/\/fr-images.igihe.com\/IMG\/logo\/cp_cp-3.jpg","alt":"","caption":"","mime_type":"image\/jpeg","width":0,"height":0,"sizes":{"thumbnail":{"url":"https:\/\/fr-images.igihe.com\/IMG\/logo\/cp_cp-3.jpg","width":1,"height":1},"medium":{"url":"https:\/\/fr-images.igihe.com\/IMG\/logo\/cp_cp-3.jpg","width":1,"height":1},"medium_large":{"url":"https:\/\/fr-images.igihe.com\/IMG\/logo\/cp_cp-3.jpg","width":1,"height":1},"large":{"url":"https:\/\/fr-images.igihe.com\/IMG\/logo\/cp_cp-3.jpg","width":1,"height":1},"full":{"url":"https:\/\/fr-images.igihe.com\/IMG\/logo\/cp_cp-3.jpg","width":0,"height":0}}},"_links":{"self":[{"href":"https:\/\/new.igihe.com\/french\/wp-json\/wp\/v2\/posts\/37551","targetHints":{"allow":["GET"]}}],"collection":[{"href":"https:\/\/new.igihe.com\/french\/wp-json\/wp\/v2\/posts"}],"about":[{"href":"https:\/\/new.igihe.com\/french\/wp-json\/wp\/v2\/types\/post"}],"author":[{"embeddable":true,"href":"https:\/\/new.igihe.com\/french\/wp-json\/wp\/v2\/users\/488"}],"replies":[{"embeddable":true,"href":"https:\/\/new.igihe.com\/french\/wp-json\/wp\/v2\/comments?post=37551"}],"version-history":[{"count":0,"href":"https:\/\/new.igihe.com\/french\/wp-json\/wp\/v2\/posts\/37551\/revisions"}],"wp:featuredmedia":[{"embeddable":true,"href":"https:\/\/new.igihe.com\/french\/wp-json\/wp\/v2\/media\/4000060669"}],"wp:attachment":[{"href":"https:\/\/new.igihe.com\/french\/wp-json\/wp\/v2\/media?parent=37551"}],"wp:term":[{"taxonomy":"category","embeddable":true,"href":"https:\/\/new.igihe.com\/french\/wp-json\/wp\/v2\/categories?post=37551"},{"taxonomy":"post_tag","embeddable":true,"href":"https:\/\/new.igihe.com\/french\/wp-json\/wp\/v2\/tags?post=37551"},{"taxonomy":"byline","embeddable":true,"href":"https:\/\/new.igihe.com\/french\/wp-json\/wp\/v2\/byline?post=37551"},{"taxonomy":"hashtag","embeddable":true,"href":"https:\/\/new.igihe.com\/french\/wp-json\/wp\/v2\/hashtag?post=37551"}],"curies":[{"name":"wp","href":"https:\/\/api.w.org\/{rel}","templated":true}]}}